{"id":22820,"date":"2025-09-30T15:08:45","date_gmt":"2025-09-30T13:08:45","guid":{"rendered":"https:\/\/serveiseducatius.xtec.cat\/santacolomag\/?p=22820"},"modified":"2025-09-30T15:08:47","modified_gmt":"2025-09-30T13:08:47","slug":"escola-cultura-i-territori-reptes-actuals-duna-pedagogia-transformadora-a-lexposicio-del-casal-del-mestre","status":"publish","type":"post","link":"https:\/\/serveiseducatius.xtec.cat\/santacolomag\/general\/escola-cultura-i-territori-reptes-actuals-duna-pedagogia-transformadora-a-lexposicio-del-casal-del-mestre\/","title":{"rendered":"\u201cEscola, cultura i territori: Reptes actuals d\u2019una pedagogia transformadora\u201d a l&#8217;exposici\u00f3 del Casal del Mestre"},"content":{"rendered":"\n<p>Us fem arribar la informaci\u00f3 d\u2019una sessi\u00f3 que impulsa el Casal del Mestre en el marc de l\u2019exposici\u00f3\u00a0<strong>\u201cCasal del Mestre: quatre d\u00e8cades de renovaci\u00f3 pedag\u00f2gica i de comprom\u00eds amb la ciutat\u201d:<\/strong><\/p>\n\n\n\n<p>Aquesta activitat ser\u00e0 dimarts\u00a0<strong>7 d\u2019octubre<\/strong>\u00a0a les 17 h al Museu Torre Balldovina (Pla\u00e7a Pau Casals, s\/n): comen\u00e7ar\u00e0 amb una <strong>visita guiada a l\u2019exposici\u00f3<\/strong>, i posteriorment, a les 18 h, es realitzar\u00e0 el\u00a0<strong>di\u00e0leg:<\/strong>\u00a0<strong>\u201cEscola, cultura i territori: Reptes actuals d\u2019una pedagogia transformadora\u201d,<\/strong>\u00a0amb <strong>Jaume Trilla<\/strong>, catedr\u00e0tic em\u00e8rit de la Facultat d\u2019Educaci\u00f3 de la Universitat de Barcelona, i <strong>Neus Sanmart\u00ed<\/strong>, catedr\u00e0tica em\u00e8rita de la Facultat de Ci\u00e8ncies de l\u2019Educaci\u00f3 de la Universitat Aut\u00f2noma de Barcelona. Presentar\u00e0 i conduir\u00e0 l\u2019acte Ana\u00a0Basanta, directora d\u2019El diari de\u00a0l\u2019educaci\u00f3.<\/p>\n\n\n\n<p>Aquest \u00e9s el material informatiu de totes les activitats que es promouen en aquest marc.<\/p>\n\n\n\n<iframe loading=\"lazy\" src=\"https:\/\/drive.google.com\/file\/d\/1TljZs3LATDaH7cCGAvB51vTr4cw7N3nT\/preview\" width=\"640\" height=\"680\" allow=\"autoplay\"><\/iframe>\n","protected":false},"excerpt":{"rendered":"<p>Aquesta activitat ser\u00e0 dimarts\u00a07 d\u2019octubre\u00a0a les 17 h al Museu Torre Balldovina (Pla\u00e7a Pau Casals, s\/n): comen\u00e7ar\u00e0 amb una visita guiada a l\u2019exposici\u00f3<\/p>\n","protected":false},"author":4,"featured_media":22677,"comment_status":"closed","ping_status":"open","sticky":false,"template":"","format":"standard","meta":{"_bbp_topic_count":0,"_bbp_reply_count":0,"_bbp_total_topic_count":0,"_bbp_total_reply_count":0,"_bbp_voice_count":0,"_bbp_anonymous_reply_count":0,"_bbp_topic_count_hidden":0,"_bbp_reply_count_hidden":0,"_bbp_forum_subforum_count":0,"site-sidebar-layout":"default","site-content-layout":"","ast-site-content-layout":"default","site-content-style":"default","site-sidebar-style":"default","ast-global-header-display":"","ast-banner-title-visibility":"","ast-main-header-display":"","ast-hfb-above-header-display":"","ast-hfb-below-header-display":"","ast-hfb-mobile-header-display":"","site-post-title":"","ast-breadcrumbs-content":"","ast-featured-img":"","footer-sml-layout":"","theme-transparent-header-meta":"","adv-header-id-meta":"","stick-header-meta":"","header-above-stick-meta":"","header-main-stick-meta":"","header-below-stick-meta":"","astra-migrate-meta-layouts":"set","ast-page-background-enabled":"default","ast-page-background-meta":{"desktop":{"background-color":"var(--ast-global-color-4)","background-image":"","background-repeat":"repeat","background-position":"center center","background-size":"auto","background-attachment":"scroll","background-type":"","background-media":"","overlay-type":"","overlay-color":"","overlay-opacity":"","overlay-gradient":""},"tablet":{"background-color":"","background-image":"","background-repeat":"repeat","background-position":"center center","background-size":"auto","background-attachment":"scroll","background-type":"","background-media":"","overlay-type":"","overlay-color":"","overlay-opacity":"","overlay-gradient":""},"mobile":{"background-color":"","background-image":"","background-repeat":"repeat","background-position":"center center","background-size":"auto","background-attachment":"scroll","background-type":"","background-media":"","overlay-type":"","overlay-color":"","overlay-opacity":"","overlay-gradient":""}},"ast-content-background-meta":{"desktop":{"background-color":"var(--ast-global-color-5)","background-image":"","background-repeat":"repeat","background-position":"center center","background-size":"auto","background-attachment":"scroll","background-type":"","background-media":"","overlay-type":"","overlay-color":"","overlay-opacity":"","overlay-gradient":""},"tablet":{"background-color":"var(--ast-global-color-5)","background-image":"","background-repeat":"repeat","background-position":"center center","background-size":"auto","background-attachment":"scroll","background-type":"","background-media":"","overlay-type":"","overlay-color":"","overlay-opacity":"","overlay-gradient":""},"mobile":{"background-color":"var(--ast-global-color-5)","background-image":"","background-repeat":"repeat","background-position":"center center","background-size":"auto","background-attachment":"scroll","background-type":"","background-media":"","overlay-type":"","overlay-color":"","overlay-opacity":"","overlay-gradient":""}},"footnotes":""},"categories":[81,64,65,251,1,235,29,76,434],"tags":[],"class_list":["post-22820","post","type-post","status-publish","format-standard","has-post-thumbnail","hentry","category-biblioteca-escolar","category-comunitat","category-crp","category-dinamica-educativa-sant-vicenc-dels-horts","category-general","category-formacio_ins","category-portada","category-recursos","category-reflexio"],"post_mailing_queue_ids":[],"_links":{"self":[{"href":"https:\/\/serveiseducatius.xtec.cat\/santacolomag\/wp-json\/wp\/v2\/posts\/22820","targetHints":{"allow":["GET"]}}],"collection":[{"href":"https:\/\/serveiseducatius.xtec.cat\/santacolomag\/wp-json\/wp\/v2\/posts"}],"about":[{"href":"https:\/\/serveiseducatius.xtec.cat\/santacolomag\/wp-json\/wp\/v2\/types\/post"}],"author":[{"embeddable":true,"href":"https:\/\/serveiseducatius.xtec.cat\/santacolomag\/wp-json\/wp\/v2\/users\/4"}],"replies":[{"embeddable":true,"href":"https:\/\/serveiseducatius.xtec.cat\/santacolomag\/wp-json\/wp\/v2\/comments?post=22820"}],"version-history":[{"count":1,"href":"https:\/\/serveiseducatius.xtec.cat\/santacolomag\/wp-json\/wp\/v2\/posts\/22820\/revisions"}],"predecessor-version":[{"id":22821,"href":"https:\/\/serveiseducatius.xtec.cat\/santacolomag\/wp-json\/wp\/v2\/posts\/22820\/revisions\/22821"}],"wp:featuredmedia":[{"embeddable":true,"href":"https:\/\/serveiseducatius.xtec.cat\/santacolomag\/wp-json\/wp\/v2\/media\/22677"}],"wp:attachment":[{"href":"https:\/\/serveiseducatius.xtec.cat\/santacolomag\/wp-json\/wp\/v2\/media?parent=22820"}],"wp:term":[{"taxonomy":"category","embeddable":true,"href":"https:\/\/serveiseducatius.xtec.cat\/santacolomag\/wp-json\/wp\/v2\/categories?post=22820"},{"taxonomy":"post_tag","embeddable":true,"href":"https:\/\/serveiseducatius.xtec.cat\/santacolomag\/wp-json\/wp\/v2\/tags?post=22820"}],"curies":[{"name":"wp","href":"https:\/\/api.w.org\/{rel}","templated":true}]}}