{"id":22663,"date":"2025-09-04T10:21:28","date_gmt":"2025-09-04T08:21:28","guid":{"rendered":"https:\/\/serveiseducatius.xtec.cat\/santacolomag\/?p=22663"},"modified":"2025-09-05T08:38:25","modified_gmt":"2025-09-05T06:38:25","slug":"casal-del-mestre-quatre-decades-de-renovacio-pedagogica-i-de-compromis-amb-la-ciutat","status":"publish","type":"post","link":"https:\/\/serveiseducatius.xtec.cat\/santacolomag\/portada\/casal-del-mestre-quatre-decades-de-renovacio-pedagogica-i-de-compromis-amb-la-ciutat\/","title":{"rendered":"Casal del Mestre: quatre d\u00e8cades de renovaci\u00f3 pedag\u00f2gica i de comprom\u00eds amb la ciutat"},"content":{"rendered":"\n<p>En el marc de la\u00a0<strong>Festa Major d&#8217;Estiu<\/strong>, s\u2019inaugurar\u00e0 el 6 de setembre de 2026 a les 19:30h al\u00a0<strong>Museu Torre Balldovina<\/strong>\u00a0l&#8217;exposici\u00f3 temporal,<\/p>\n\n\n\n<figure class=\"wp-block-image alignleft size-full is-resized\"><a href=\"https:\/\/serveiseducatius.xtec.cat\/santacolomag\/wp-content\/uploads\/usu1183\/2025\/09\/csm_cartell_expo_casal_ff877f5ed2.jpg\"><img loading=\"lazy\" decoding=\"async\" width=\"282\" height=\"399\" src=\"https:\/\/serveiseducatius.xtec.cat\/santacolomag\/wp-content\/uploads\/usu1183\/2025\/09\/csm_cartell_expo_casal_ff877f5ed2.jpg\" alt=\"\" class=\"wp-image-22664\" style=\"width:245px;height:auto\" srcset=\"https:\/\/serveiseducatius.xtec.cat\/santacolomag\/wp-content\/uploads\/usu1183\/2025\/09\/csm_cartell_expo_casal_ff877f5ed2.jpg 282w, https:\/\/serveiseducatius.xtec.cat\/santacolomag\/wp-content\/uploads\/usu1183\/2025\/09\/csm_cartell_expo_casal_ff877f5ed2-212x300.jpg 212w\" sizes=\"auto, (max-width: 282px) 100vw, 282px\" \/><\/a><\/figure>\n\n\n\n<p><strong><a href=\"https:\/\/museu.gramenet.cat\/actualitat\/detall-info\/casal-del-mestre-quatre-decades-de-renovacio-pedagogica-i-de-compromis-amb-la-ciutat\/\" target=\"_blank\" rel=\"noreferrer noopener\"><strong>\u00abCasal del Mestre: quatre d\u00e8cades de renovaci\u00f3 pedag\u00f2gica i de comprom\u00eds amb la ciutat\u00bb<\/strong><\/a><\/strong><\/p>\n\n\n\n<p>Aquesta exposici\u00f3 vol recollir el llegat d\u2019un col\u00b7lectiu que des de l\u2019autonomia i independ\u00e8ncia cr\u00edtica ha aspirat a participar en la construcci\u00f3 d\u2019una escola nova i una ciutat educadora. La mostra recull documents, fotografies, publicacions i cartells que formen part del fons del Casal, dipositats a l\u2019arxiu del Museu. L\u2019exposici\u00f3 s\u2019estructura en quatre \u00e0mbits que recorren les principals \u00e0mbits: la&nbsp;<strong>renovaci\u00f3 pedag\u00f2gica<\/strong>, el&nbsp;<strong>comprom\u00eds social<\/strong>, la&nbsp;<strong>participaci\u00f3 en moviments ciutadans<\/strong><strong>, la formaci\u00f3 i la recerca, la vinculaci\u00f3 al territori<\/strong>&nbsp;i la contribuci\u00f3 a construir una&nbsp;<strong>ciutat educadora<\/strong>.<\/p>\n\n\n\n<p><strong>Us convidem a participar. Un exercici de mem\u00f2ria al temps que una crida a la reflexi\u00f3 i el pensament en el futur.<\/strong><strong><\/strong><\/p>\n\n\n\n<p>Inauguraci\u00f3, aquest dissabte&nbsp;<strong>6 de setembre, a les 19:30h<\/strong>,<\/p>\n\n\n\n<p>Programa:  <strong><a href=\"https:\/\/museu.gramenet.cat\/actualitat\/detall-info\/casal-del-mestre-quatre-decades-de-renovacio-pedagogica-i-de-compromis-amb-la-ciutat\/\" target=\"_blank\" rel=\"noreferrer noopener\">Expo Casal del Mestre<\/a><\/strong><\/p>\n\n\n\n<p><\/p>\n","protected":false},"excerpt":{"rendered":"<p>En el marc de la\u00a0Festa Major d&#8217;Estiu, s\u2019inaugurar\u00e0 el 6 de setembre de 2026 a les 19:30h al\u00a0Museu Torre Balldovina\u00a0l&#8217;exposici\u00f3 temporal,..<\/p>\n","protected":false},"author":4,"featured_media":22677,"comment_status":"closed","ping_status":"open","sticky":false,"template":"","format":"standard","meta":{"_bbp_topic_count":0,"_bbp_reply_count":0,"_bbp_total_topic_count":0,"_bbp_total_reply_count":0,"_bbp_voice_count":0,"_bbp_anonymous_reply_count":0,"_bbp_topic_count_hidden":0,"_bbp_reply_count_hidden":0,"_bbp_forum_subforum_count":0,"site-sidebar-layout":"default","site-content-layout":"","ast-site-content-layout":"default","site-content-style":"default","site-sidebar-style":"default","ast-global-header-display":"","ast-banner-title-visibility":"","ast-main-header-display":"","ast-hfb-above-header-display":"","ast-hfb-below-header-display":"","ast-hfb-mobile-header-display":"","site-post-title":"","ast-breadcrumbs-content":"","ast-featured-img":"","footer-sml-layout":"","theme-transparent-header-meta":"","adv-header-id-meta":"","stick-header-meta":"","header-above-stick-meta":"","header-main-stick-meta":"","header-below-stick-meta":"","astra-migrate-meta-layouts":"set","ast-page-background-enabled":"default","ast-page-background-meta":{"desktop":{"background-color":"var(--ast-global-color-4)","background-image":"","background-repeat":"repeat","background-position":"center center","background-size":"auto","background-attachment":"scroll","background-type":"","background-media":"","overlay-type":"","overlay-color":"","overlay-opacity":"","overlay-gradient":""},"tablet":{"background-color":"","background-image":"","background-repeat":"repeat","background-position":"center center","background-size":"auto","background-attachment":"scroll","background-type":"","background-media":"","overlay-type":"","overlay-color":"","overlay-opacity":"","overlay-gradient":""},"mobile":{"background-color":"","background-image":"","background-repeat":"repeat","background-position":"center center","background-size":"auto","background-attachment":"scroll","background-type":"","background-media":"","overlay-type":"","overlay-color":"","overlay-opacity":"","overlay-gradient":""}},"ast-content-background-meta":{"desktop":{"background-color":"var(--ast-global-color-5)","background-image":"","background-repeat":"repeat","background-position":"center center","background-size":"auto","background-attachment":"scroll","background-type":"","background-media":"","overlay-type":"","overlay-color":"","overlay-opacity":"","overlay-gradient":""},"tablet":{"background-color":"var(--ast-global-color-5)","background-image":"","background-repeat":"repeat","background-position":"center center","background-size":"auto","background-attachment":"scroll","background-type":"","background-media":"","overlay-type":"","overlay-color":"","overlay-opacity":"","overlay-gradient":""},"mobile":{"background-color":"var(--ast-global-color-5)","background-image":"","background-repeat":"repeat","background-position":"center center","background-size":"auto","background-attachment":"scroll","background-type":"","background-media":"","overlay-type":"","overlay-color":"","overlay-opacity":"","overlay-gradient":""}},"footnotes":""},"categories":[65,251,67,68,29],"tags":[],"class_list":["post-22663","post","type-post","status-publish","format-standard","has-post-thumbnail","hentry","category-crp","category-dinamica-educativa-sant-vicenc-dels-horts","category-eap","category-elic","category-portada"],"post_mailing_queue_ids":[],"_links":{"self":[{"href":"https:\/\/serveiseducatius.xtec.cat\/santacolomag\/wp-json\/wp\/v2\/posts\/22663","targetHints":{"allow":["GET"]}}],"collection":[{"href":"https:\/\/serveiseducatius.xtec.cat\/santacolomag\/wp-json\/wp\/v2\/posts"}],"about":[{"href":"https:\/\/serveiseducatius.xtec.cat\/santacolomag\/wp-json\/wp\/v2\/types\/post"}],"author":[{"embeddable":true,"href":"https:\/\/serveiseducatius.xtec.cat\/santacolomag\/wp-json\/wp\/v2\/users\/4"}],"replies":[{"embeddable":true,"href":"https:\/\/serveiseducatius.xtec.cat\/santacolomag\/wp-json\/wp\/v2\/comments?post=22663"}],"version-history":[{"count":1,"href":"https:\/\/serveiseducatius.xtec.cat\/santacolomag\/wp-json\/wp\/v2\/posts\/22663\/revisions"}],"predecessor-version":[{"id":22665,"href":"https:\/\/serveiseducatius.xtec.cat\/santacolomag\/wp-json\/wp\/v2\/posts\/22663\/revisions\/22665"}],"wp:featuredmedia":[{"embeddable":true,"href":"https:\/\/serveiseducatius.xtec.cat\/santacolomag\/wp-json\/wp\/v2\/media\/22677"}],"wp:attachment":[{"href":"https:\/\/serveiseducatius.xtec.cat\/santacolomag\/wp-json\/wp\/v2\/media?parent=22663"}],"wp:term":[{"taxonomy":"category","embeddable":true,"href":"https:\/\/serveiseducatius.xtec.cat\/santacolomag\/wp-json\/wp\/v2\/categories?post=22663"},{"taxonomy":"post_tag","embeddable":true,"href":"https:\/\/serveiseducatius.xtec.cat\/santacolomag\/wp-json\/wp\/v2\/tags?post=22663"}],"curies":[{"name":"wp","href":"https:\/\/api.w.org\/{rel}","templated":true}]}}