{"id":22315,"date":"2025-05-19T11:58:29","date_gmt":"2025-05-19T09:58:29","guid":{"rendered":"https:\/\/serveiseducatius.xtec.cat\/santacolomag\/?p=22315"},"modified":"2025-05-19T11:58:30","modified_gmt":"2025-05-19T09:58:30","slug":"formacio-destiu-2025-una-oportunitat-per-continuar-creixent","status":"publish","type":"post","link":"https:\/\/serveiseducatius.xtec.cat\/santacolomag\/general\/formacio-destiu-2025-una-oportunitat-per-continuar-creixent\/","title":{"rendered":"Formaci\u00f3 d\u2019estiu 2025: una oportunitat per continuar creixent"},"content":{"rendered":"\n<figure class=\"wp-block-image is-resized\"><a href=\"https:\/\/serveiseducatius.xtec.cat\/hospitalet\/wp-content\/uploads\/usu542\/2025\/05\/832x468-actualitat-formacio-estiu-25.png_223078711.png\"><img decoding=\"async\" src=\"https:\/\/serveiseducatius.xtec.cat\/hospitalet\/wp-content\/uploads\/usu542\/2025\/05\/832x468-actualitat-formacio-estiu-25.png_223078711.png\" alt=\"\" class=\"wp-image-22575\" style=\"width:389px;height:auto\"\/><\/a><\/figure>\n\n\n\n<p>Publicada l\u2019oferta de formaci\u00f3 d\u2019estiu per al personal docent! Aquest any, les propostes abracen un ampli ventall d\u2019\u00e0mbits per respondre a les necessitats professionals i als reptes educatius actuals:<\/p>\n\n\n\n<p><img decoding=\"async\" src=\"https:\/\/s.w.org\/images\/core\/emoji\/15.0.3\/svg\/1f3a8.svg\" alt=\"\ud83c\udfa8\" style=\"width: 50px;\">\u00a0\u00c0mbit art\u00edstic<br><img decoding=\"async\" src=\"https:\/\/s.w.org\/images\/core\/emoji\/15.0.3\/svg\/1f9d8.svg\" alt=\"\ud83e\uddd8\" style=\"width: 50px;\">\u00a0Benestar<br><img decoding=\"async\" src=\"https:\/\/s.w.org\/images\/core\/emoji\/15.0.3\/svg\/2696.svg\" alt=\"\u2696\ufe0f\" style=\"width: 50px;\">\u00a0Coeducaci\u00f3 i prevenci\u00f3 de les viol\u00e8ncies masclistes<br><img decoding=\"async\" src=\"https:\/\/s.w.org\/images\/core\/emoji\/15.0.3\/svg\/1f5e3.svg\" alt=\"\ud83d\udde3\ufe0f\" style=\"width: 50px;\">\u00a0Compet\u00e8ncia ling\u00fc\u00edstica<br><img decoding=\"async\" src=\"https:\/\/s.w.org\/images\/core\/emoji\/15.0.3\/svg\/1f91d.svg\" alt=\"\ud83e\udd1d\" style=\"width: 50px;\">\u00a0Conviv\u00e8ncia positiva<br><img decoding=\"async\" src=\"https:\/\/s.w.org\/images\/core\/emoji\/15.0.3\/svg\/1f4bb.svg\" alt=\"\ud83d\udcbb\" style=\"width: 50px;\">\u00a0Cultura digital<br><img decoding=\"async\" src=\"https:\/\/s.w.org\/images\/core\/emoji\/15.0.3\/svg\/1f4da.svg\" alt=\"\ud83d\udcda\" style=\"width: 50px;\">\u00a0EOI<br><img decoding=\"async\" src=\"https:\/\/s.w.org\/images\/core\/emoji\/15.0.3\/svg\/2600.svg\" alt=\"\u2600\ufe0f\" style=\"width: 50px;\">\u00a0Escoles d\u2019estiu<br><img decoding=\"async\" src=\"https:\/\/s.w.org\/images\/core\/emoji\/15.0.3\/svg\/1f30d.svg\" alt=\"\ud83c\udf0d\" style=\"width: 50px;\">\u00a0Lleng\u00fces estrangeres<br><img decoding=\"async\" src=\"https:\/\/s.w.org\/images\/core\/emoji\/15.0.3\/svg\/1f9ed.svg\" alt=\"\ud83e\udded\" style=\"width: 50px;\">\u00a0Orientaci\u00f3 i acci\u00f3 tutorial<br><img decoding=\"async\" src=\"https:\/\/s.w.org\/images\/core\/emoji\/15.0.3\/svg\/1f3eb.svg\" alt=\"\ud83c\udfeb\" style=\"width: 50px;\">\u00a0qCampusFP<br><img decoding=\"async\" src=\"https:\/\/s.w.org\/images\/core\/emoji\/15.0.3\/svg\/1f52c.svg\" alt=\"\ud83d\udd2c\" style=\"width: 50px;\">\u00a0Recerca educativa<br><img decoding=\"async\" src=\"https:\/\/s.w.org\/images\/core\/emoji\/15.0.3\/svg\/1f331.svg\" alt=\"\ud83c\udf31\" style=\"width: 50px;\">\u00a0Sostenibilitat<br><img decoding=\"async\" src=\"https:\/\/s.w.org\/images\/core\/emoji\/15.0.3\/svg\/1f9ea.svg\" alt=\"\ud83e\uddea\" style=\"width: 50px;\">\u00a0STEAM<br><img decoding=\"async\" src=\"https:\/\/s.w.org\/images\/core\/emoji\/15.0.3\/svg\/1f3db.svg\" alt=\"\ud83c\udfdb\ufe0f\" style=\"width: 50px;\">\u00a0Universitats i centres d\u2019ensenyaments art\u00edstics superiors<\/p>\n\n\n\n<p>Consulteu l\u2019oferta completa i trieu la proposta que millor s\u2019adapti als vostres interessos i necessitats. Aquest estiu, aposteu per la formaci\u00f3 que transforma!<\/p>\n\n\n\n<p class=\"has-text-align-center\"><a href=\"https:\/\/xtec.gencat.cat\/ca\/formacio\/formacio-estiu\/\"><strong>M\u00e9s informaci\u00f3<\/strong><\/a><\/p>\n","protected":false},"excerpt":{"rendered":"<p>Publicada l\u2019oferta de formaci\u00f3 d\u2019estiu per al personal docent! Aquest any, les propostes abracen un ampli ventall d\u2019\u00e0mbits per respondre a les necessitats professionals i als reptes educatius actuals<\/p>\n","protected":false},"author":4,"featured_media":22317,"comment_status":"closed","ping_status":"open","sticky":false,"template":"","format":"standard","meta":{"_bbp_topic_count":0,"_bbp_reply_count":0,"_bbp_total_topic_count":0,"_bbp_total_reply_count":0,"_bbp_voice_count":0,"_bbp_anonymous_reply_count":0,"_bbp_topic_count_hidden":0,"_bbp_reply_count_hidden":0,"_bbp_forum_subforum_count":0,"site-sidebar-layout":"default","site-content-layout":"","ast-site-content-layout":"default","site-content-style":"default","site-sidebar-style":"default","ast-global-header-display":"","ast-banner-title-visibility":"","ast-main-header-display":"","ast-hfb-above-header-display":"","ast-hfb-below-header-display":"","ast-hfb-mobile-header-display":"","site-post-title":"","ast-breadcrumbs-content":"","ast-featured-img":"","footer-sml-layout":"","theme-transparent-header-meta":"","adv-header-id-meta":"","stick-header-meta":"","header-above-stick-meta":"","header-main-stick-meta":"","header-below-stick-meta":"","astra-migrate-meta-layouts":"set","ast-page-background-enabled":"default","ast-page-background-meta":{"desktop":{"background-color":"var(--ast-global-color-4)","background-image":"","background-repeat":"repeat","background-position":"center center","background-size":"auto","background-attachment":"scroll","background-type":"","background-media":"","overlay-type":"","overlay-color":"","overlay-opacity":"","overlay-gradient":""},"tablet":{"background-color":"","background-image":"","background-repeat":"repeat","background-position":"center center","background-size":"auto","background-attachment":"scroll","background-type":"","background-media":"","overlay-type":"","overlay-color":"","overlay-opacity":"","overlay-gradient":""},"mobile":{"background-color":"","background-image":"","background-repeat":"repeat","background-position":"center center","background-size":"auto","background-attachment":"scroll","background-type":"","background-media":"","overlay-type":"","overlay-color":"","overlay-opacity":"","overlay-gradient":""}},"ast-content-background-meta":{"desktop":{"background-color":"var(--ast-global-color-5)","background-image":"","background-repeat":"repeat","background-position":"center center","background-size":"auto","background-attachment":"scroll","background-type":"","background-media":"","overlay-type":"","overlay-color":"","overlay-opacity":"","overlay-gradient":""},"tablet":{"background-color":"var(--ast-global-color-5)","background-image":"","background-repeat":"repeat","background-position":"center center","background-size":"auto","background-attachment":"scroll","background-type":"","background-media":"","overlay-type":"","overlay-color":"","overlay-opacity":"","overlay-gradient":""},"mobile":{"background-color":"var(--ast-global-color-5)","background-image":"","background-repeat":"repeat","background-position":"center center","background-size":"auto","background-attachment":"scroll","background-type":"","background-media":"","overlay-type":"","overlay-color":"","overlay-opacity":"","overlay-gradient":""}},"footnotes":""},"categories":[65,154,1,235,29],"tags":[440],"class_list":["post-22315","post","type-post","status-publish","format-standard","has-post-thumbnail","hentry","category-crp","category-formacio","category-general","category-formacio_ins","category-portada","tag-formacio-destiu"],"post_mailing_queue_ids":[],"_links":{"self":[{"href":"https:\/\/serveiseducatius.xtec.cat\/santacolomag\/wp-json\/wp\/v2\/posts\/22315","targetHints":{"allow":["GET"]}}],"collection":[{"href":"https:\/\/serveiseducatius.xtec.cat\/santacolomag\/wp-json\/wp\/v2\/posts"}],"about":[{"href":"https:\/\/serveiseducatius.xtec.cat\/santacolomag\/wp-json\/wp\/v2\/types\/post"}],"author":[{"embeddable":true,"href":"https:\/\/serveiseducatius.xtec.cat\/santacolomag\/wp-json\/wp\/v2\/users\/4"}],"replies":[{"embeddable":true,"href":"https:\/\/serveiseducatius.xtec.cat\/santacolomag\/wp-json\/wp\/v2\/comments?post=22315"}],"version-history":[{"count":1,"href":"https:\/\/serveiseducatius.xtec.cat\/santacolomag\/wp-json\/wp\/v2\/posts\/22315\/revisions"}],"predecessor-version":[{"id":22318,"href":"https:\/\/serveiseducatius.xtec.cat\/santacolomag\/wp-json\/wp\/v2\/posts\/22315\/revisions\/22318"}],"wp:featuredmedia":[{"embeddable":true,"href":"https:\/\/serveiseducatius.xtec.cat\/santacolomag\/wp-json\/wp\/v2\/media\/22317"}],"wp:attachment":[{"href":"https:\/\/serveiseducatius.xtec.cat\/santacolomag\/wp-json\/wp\/v2\/media?parent=22315"}],"wp:term":[{"taxonomy":"category","embeddable":true,"href":"https:\/\/serveiseducatius.xtec.cat\/santacolomag\/wp-json\/wp\/v2\/categories?post=22315"},{"taxonomy":"post_tag","embeddable":true,"href":"https:\/\/serveiseducatius.xtec.cat\/santacolomag\/wp-json\/wp\/v2\/tags?post=22315"}],"curies":[{"name":"wp","href":"https:\/\/api.w.org\/{rel}","templated":true}]}}