{"id":22203,"date":"2025-05-13T17:55:33","date_gmt":"2025-05-13T15:55:33","guid":{"rendered":"https:\/\/serveiseducatius.xtec.cat\/santacolomag\/?p=22203"},"modified":"2025-05-13T17:55:34","modified_gmt":"2025-05-13T15:55:34","slug":"jornada-de-tancament-de-la-xcl","status":"publish","type":"post","link":"https:\/\/serveiseducatius.xtec.cat\/santacolomag\/elic\/jornada-de-tancament-de-la-xcl\/","title":{"rendered":"Jornada de tancament de la XCL"},"content":{"rendered":"\n<p>El proppassat 7 de maig vam viure a la Biblioteca del Fondo una jornada memorable amb el tancament de la Xarxa de Compet\u00e8ncia Lectora que s&#8217;ha generat enguany entre les ciutats de Santa Coloma de Gramenet, Sant Adri\u00e0 del Bes\u00f2s i Badalona.<\/p>\n\n\n\n<p>Aquest acte de clausura va comptar amb la xerrada del professor Oriol Gonz\u00e1lez Tura, membre del Col\u00b7lectiu Pere Quart, intitulada: &#8220;Llegir \u00e9s interrogar-se&#8221;, que va servir per il\u00b7luminar alguns dels aspectes m\u00e9s rellevants que es poden treballar a l&#8217;aula per millorar la comprensi\u00f3 lectora i fer-ho des de l&#8217;\u00e0mbit de la nostra literatura, la catalana.<\/p>\n\n\n\n<p>A la segona part de la sessi\u00f3, representants dels centres que han participat en la Xarxa van presentar algunes de les experi\u00e8ncies m\u00e9s reeixides que han sorgit de les tasques did\u00e0ctiques elaborades durant el curs.<\/p>\n\n\n\n<p>Va ser una tarda primaveral estimulant, brillant i que restar\u00e0 per sempre m\u00e9s als nostres cors.<\/p>\n\n\n\n<figure class=\"wp-block-image size-large is-resized\"><a href=\"https:\/\/serveiseducatius.xtec.cat\/santacolomag\/wp-content\/uploads\/usu1183\/2025\/05\/PHOTO-2025-05-12-16-35-03-4.jpg\"><img loading=\"lazy\" decoding=\"async\" width=\"768\" height=\"1024\" src=\"https:\/\/serveiseducatius.xtec.cat\/santacolomag\/wp-content\/uploads\/usu1183\/2025\/05\/PHOTO-2025-05-12-16-35-03-4-768x1024.jpg\" alt=\"\" class=\"wp-image-22212\" style=\"width:296px;height:auto\" srcset=\"https:\/\/serveiseducatius.xtec.cat\/santacolomag\/wp-content\/uploads\/usu1183\/2025\/05\/PHOTO-2025-05-12-16-35-03-4-768x1024.jpg 768w, https:\/\/serveiseducatius.xtec.cat\/santacolomag\/wp-content\/uploads\/usu1183\/2025\/05\/PHOTO-2025-05-12-16-35-03-4-225x300.jpg 225w, https:\/\/serveiseducatius.xtec.cat\/santacolomag\/wp-content\/uploads\/usu1183\/2025\/05\/PHOTO-2025-05-12-16-35-03-4-1152x1536.jpg 1152w, https:\/\/serveiseducatius.xtec.cat\/santacolomag\/wp-content\/uploads\/usu1183\/2025\/05\/PHOTO-2025-05-12-16-35-03-4.jpg 1512w\" sizes=\"auto, (max-width: 768px) 100vw, 768px\" \/><\/a><\/figure>\n\n\n\n<figure class=\"wp-block-image size-large is-resized\"><a href=\"https:\/\/serveiseducatius.xtec.cat\/santacolomag\/wp-content\/uploads\/usu1183\/2025\/05\/PHOTO-2025-05-12-16-35-03-1-1.jpg\"><img loading=\"lazy\" decoding=\"async\" width=\"1024\" height=\"768\" src=\"https:\/\/serveiseducatius.xtec.cat\/santacolomag\/wp-content\/uploads\/usu1183\/2025\/05\/PHOTO-2025-05-12-16-35-03-1-1-1024x768.jpg\" alt=\"\" class=\"wp-image-22211\" style=\"width:518px;height:auto\" srcset=\"https:\/\/serveiseducatius.xtec.cat\/santacolomag\/wp-content\/uploads\/usu1183\/2025\/05\/PHOTO-2025-05-12-16-35-03-1-1-1024x768.jpg 1024w, https:\/\/serveiseducatius.xtec.cat\/santacolomag\/wp-content\/uploads\/usu1183\/2025\/05\/PHOTO-2025-05-12-16-35-03-1-1-300x225.jpg 300w, https:\/\/serveiseducatius.xtec.cat\/santacolomag\/wp-content\/uploads\/usu1183\/2025\/05\/PHOTO-2025-05-12-16-35-03-1-1-768x576.jpg 768w, https:\/\/serveiseducatius.xtec.cat\/santacolomag\/wp-content\/uploads\/usu1183\/2025\/05\/PHOTO-2025-05-12-16-35-03-1-1-1536x1152.jpg 1536w, https:\/\/serveiseducatius.xtec.cat\/santacolomag\/wp-content\/uploads\/usu1183\/2025\/05\/PHOTO-2025-05-12-16-35-03-1-1.jpg 2016w\" sizes=\"auto, (max-width: 1024px) 100vw, 1024px\" \/><\/a><\/figure>\n\n\n\n<figure class=\"wp-block-image size-large is-resized\"><a href=\"https:\/\/serveiseducatius.xtec.cat\/santacolomag\/wp-content\/uploads\/usu1183\/2025\/05\/PHOTO-2025-05-12-16-35-03-2-1.jpg\"><img loading=\"lazy\" decoding=\"async\" width=\"768\" height=\"1024\" src=\"https:\/\/serveiseducatius.xtec.cat\/santacolomag\/wp-content\/uploads\/usu1183\/2025\/05\/PHOTO-2025-05-12-16-35-03-2-1-768x1024.jpg\" alt=\"\" class=\"wp-image-22210\" style=\"width:350px;height:auto\" srcset=\"https:\/\/serveiseducatius.xtec.cat\/santacolomag\/wp-content\/uploads\/usu1183\/2025\/05\/PHOTO-2025-05-12-16-35-03-2-1-768x1024.jpg 768w, https:\/\/serveiseducatius.xtec.cat\/santacolomag\/wp-content\/uploads\/usu1183\/2025\/05\/PHOTO-2025-05-12-16-35-03-2-1-225x300.jpg 225w, https:\/\/serveiseducatius.xtec.cat\/santacolomag\/wp-content\/uploads\/usu1183\/2025\/05\/PHOTO-2025-05-12-16-35-03-2-1-1152x1536.jpg 1152w, https:\/\/serveiseducatius.xtec.cat\/santacolomag\/wp-content\/uploads\/usu1183\/2025\/05\/PHOTO-2025-05-12-16-35-03-2-1.jpg 1512w\" sizes=\"auto, (max-width: 768px) 100vw, 768px\" \/><\/a><\/figure>\n\n\n\n<figure class=\"wp-block-image size-large is-resized\"><a href=\"https:\/\/serveiseducatius.xtec.cat\/santacolomag\/wp-content\/uploads\/usu1183\/2025\/05\/PHOTO-2025-05-12-16-35-03-3-2.jpg\"><img loading=\"lazy\" decoding=\"async\" width=\"768\" height=\"1024\" src=\"https:\/\/serveiseducatius.xtec.cat\/santacolomag\/wp-content\/uploads\/usu1183\/2025\/05\/PHOTO-2025-05-12-16-35-03-3-2-768x1024.jpg\" alt=\"\" class=\"wp-image-22209\" style=\"width:351px;height:auto\" srcset=\"https:\/\/serveiseducatius.xtec.cat\/santacolomag\/wp-content\/uploads\/usu1183\/2025\/05\/PHOTO-2025-05-12-16-35-03-3-2-768x1024.jpg 768w, https:\/\/serveiseducatius.xtec.cat\/santacolomag\/wp-content\/uploads\/usu1183\/2025\/05\/PHOTO-2025-05-12-16-35-03-3-2-225x300.jpg 225w, https:\/\/serveiseducatius.xtec.cat\/santacolomag\/wp-content\/uploads\/usu1183\/2025\/05\/PHOTO-2025-05-12-16-35-03-3-2-1152x1536.jpg 1152w, https:\/\/serveiseducatius.xtec.cat\/santacolomag\/wp-content\/uploads\/usu1183\/2025\/05\/PHOTO-2025-05-12-16-35-03-3-2.jpg 1200w\" sizes=\"auto, (max-width: 768px) 100vw, 768px\" \/><\/a><\/figure>\n","protected":false},"excerpt":{"rendered":"<p>El proppassat 7 de maig vam viure a la Biblioteca del Fondo una jornada memorable amb el tancament de la [&hellip;]<\/p>\n","protected":false},"author":88,"featured_media":22211,"comment_status":"closed","ping_status":"open","sticky":false,"template":"","format":"standard","meta":{"_bbp_topic_count":0,"_bbp_reply_count":0,"_bbp_total_topic_count":0,"_bbp_total_reply_count":0,"_bbp_voice_count":0,"_bbp_anonymous_reply_count":0,"_bbp_topic_count_hidden":0,"_bbp_reply_count_hidden":0,"_bbp_forum_subforum_count":0,"site-sidebar-layout":"default","site-content-layout":"","ast-site-content-layout":"default","site-content-style":"default","site-sidebar-style":"default","ast-global-header-display":"","ast-banner-title-visibility":"","ast-main-header-display":"","ast-hfb-above-header-display":"","ast-hfb-below-header-display":"","ast-hfb-mobile-header-display":"","site-post-title":"","ast-breadcrumbs-content":"","ast-featured-img":"","footer-sml-layout":"","theme-transparent-header-meta":"","adv-header-id-meta":"","stick-header-meta":"","header-above-stick-meta":"","header-main-stick-meta":"","header-below-stick-meta":"","astra-migrate-meta-layouts":"set","ast-page-background-enabled":"default","ast-page-background-meta":{"desktop":{"background-color":"var(--ast-global-color-4)","background-image":"","background-repeat":"repeat","background-position":"center center","background-size":"auto","background-attachment":"scroll","background-type":"","background-media":"","overlay-type":"","overlay-color":"","overlay-opacity":"","overlay-gradient":""},"tablet":{"background-color":"","background-image":"","background-repeat":"repeat","background-position":"center center","background-size":"auto","background-attachment":"scroll","background-type":"","background-media":"","overlay-type":"","overlay-color":"","overlay-opacity":"","overlay-gradient":""},"mobile":{"background-color":"","background-image":"","background-repeat":"repeat","background-position":"center center","background-size":"auto","background-attachment":"scroll","background-type":"","background-media":"","overlay-type":"","overlay-color":"","overlay-opacity":"","overlay-gradient":""}},"ast-content-background-meta":{"desktop":{"background-color":"var(--ast-global-color-5)","background-image":"","background-repeat":"repeat","background-position":"center center","background-size":"auto","background-attachment":"scroll","background-type":"","background-media":"","overlay-type":"","overlay-color":"","overlay-opacity":"","overlay-gradient":""},"tablet":{"background-color":"var(--ast-global-color-5)","background-image":"","background-repeat":"repeat","background-position":"center center","background-size":"auto","background-attachment":"scroll","background-type":"","background-media":"","overlay-type":"","overlay-color":"","overlay-opacity":"","overlay-gradient":""},"mobile":{"background-color":"var(--ast-global-color-5)","background-image":"","background-repeat":"repeat","background-position":"center center","background-size":"auto","background-attachment":"scroll","background-type":"","background-media":"","overlay-type":"","overlay-color":"","overlay-opacity":"","overlay-gradient":""}},"footnotes":""},"categories":[68],"tags":[],"class_list":["post-22203","post","type-post","status-publish","format-standard","has-post-thumbnail","hentry","category-elic"],"post_mailing_queue_ids":[],"_links":{"self":[{"href":"https:\/\/serveiseducatius.xtec.cat\/santacolomag\/wp-json\/wp\/v2\/posts\/22203","targetHints":{"allow":["GET"]}}],"collection":[{"href":"https:\/\/serveiseducatius.xtec.cat\/santacolomag\/wp-json\/wp\/v2\/posts"}],"about":[{"href":"https:\/\/serveiseducatius.xtec.cat\/santacolomag\/wp-json\/wp\/v2\/types\/post"}],"author":[{"embeddable":true,"href":"https:\/\/serveiseducatius.xtec.cat\/santacolomag\/wp-json\/wp\/v2\/users\/88"}],"replies":[{"embeddable":true,"href":"https:\/\/serveiseducatius.xtec.cat\/santacolomag\/wp-json\/wp\/v2\/comments?post=22203"}],"version-history":[{"count":1,"href":"https:\/\/serveiseducatius.xtec.cat\/santacolomag\/wp-json\/wp\/v2\/posts\/22203\/revisions"}],"predecessor-version":[{"id":22213,"href":"https:\/\/serveiseducatius.xtec.cat\/santacolomag\/wp-json\/wp\/v2\/posts\/22203\/revisions\/22213"}],"wp:featuredmedia":[{"embeddable":true,"href":"https:\/\/serveiseducatius.xtec.cat\/santacolomag\/wp-json\/wp\/v2\/media\/22211"}],"wp:attachment":[{"href":"https:\/\/serveiseducatius.xtec.cat\/santacolomag\/wp-json\/wp\/v2\/media?parent=22203"}],"wp:term":[{"taxonomy":"category","embeddable":true,"href":"https:\/\/serveiseducatius.xtec.cat\/santacolomag\/wp-json\/wp\/v2\/categories?post=22203"},{"taxonomy":"post_tag","embeddable":true,"href":"https:\/\/serveiseducatius.xtec.cat\/santacolomag\/wp-json\/wp\/v2\/tags?post=22203"}],"curies":[{"name":"wp","href":"https:\/\/api.w.org\/{rel}","templated":true}]}}