{"id":22198,"date":"2025-05-13T16:15:02","date_gmt":"2025-05-13T14:15:02","guid":{"rendered":"https:\/\/serveiseducatius.xtec.cat\/santacolomag\/?p=22198"},"modified":"2025-05-13T16:15:04","modified_gmt":"2025-05-13T14:15:04","slug":"convocatoria-estades-professionals-per-a-docents","status":"publish","type":"post","link":"https:\/\/serveiseducatius.xtec.cat\/santacolomag\/portada\/convocatoria-estades-professionals-per-a-docents\/","title":{"rendered":"Convocat\u00f2ria \u201cEstades professionals per a docents\u201d"},"content":{"rendered":"\n<p><a href=\"https:\/\/www.addtoany.com\/share#url=https%3A%2F%2Fserveiseducatius.xtec.cat%2Fbadalona%2Fportada%2Fconvocatoria-estades-professionals-per-a-docents-2%2F&amp;title=Convocat%C3%B2ria%20%E2%80%9CEstades%20professionals%20per%20a%20docents%E2%80%9D\"><\/a><\/p>\n\n\n\n<figure class=\"wp-block-image alignleft\"><img decoding=\"async\" src=\"https:\/\/serveiseducatius.xtec.cat\/badalona\/wp-content\/uploads\/usu1088\/2025\/05\/EstanciasProfesionales.png\" alt=\"\" class=\"wp-image-25344\"\/><\/figure>\n\n\n\n<p>Us informem que s\u2019ha obert la convocat\u00f2ria per participar en el programa \u201cEstades professionals per a docents\u201d, que convoca el Ministeri d\u2019Educaci\u00f3, Formaci\u00f3 Professional i Esports (MEFPD). Aquestes estades s\u00f3n visites d\u2019estudi i observaci\u00f3 individuals en un centre europeu, amb una durada de dues setmanes.<\/p>\n\n\n\n<p>Per participar-hi cal, entre d\u2019altres, ser funcionari de carrera i disposar de l\u2019acreditaci\u00f3 m\u00ednima de B2 en l\u2019idioma del pa\u00eds pel qual es presenta la sol\u00b7licitud o B2 d\u2019angl\u00e8s per a Dinamarca, Est\u00f2nia, Finl\u00e0ndia, Malta, Noruega, Pa\u00efsos Baixos i Su\u00e8cia.<\/p>\n\n\n\n<p>El MEFPD subvenciona amb 1500 \u20ac l\u2019estada, pr\u00e8via justificaci\u00f3 de la seva realitzaci\u00f3.&nbsp;<\/p>\n\n\n\n<p>A continuaci\u00f3 disposeu dels detalls:&nbsp;<\/p>\n\n\n\n<ul class=\"wp-block-list\">\n<li><strong>Estades professionals per a docents funcionaris de carrera<\/strong> amb doc\u00e8ncia activa<\/li>\n\n\n\n<li>Sol\u00b7licitud fins al\u00a0<strong>5 de juny de 2025<\/strong><\/li>\n\n\n\n<li><a href=\"https:\/\/www.educacionfpydeportes.gob.es\/servicios-al-ciudadano\/catalogo\/general\/20\/201452\/ficha\/201452-2025-2026.html\" target=\"_blank\" rel=\"noreferrer noopener\">M\u00e9s informaci\u00f3<\/a><\/li>\n\n\n\n<li>Pa\u00efsos participants: Alemanya, \u00c0ustria, B\u00e8lgica, Dinamarca, Est\u00f2nia, Finl\u00e0ndia, Fran\u00e7a, It\u00e0lia, Irlanda, Malta, Noruega, Pa\u00efsos Baixos, Portugal, Regne Unit, Su\u00e8cia i Su\u00efssa<\/li>\n\n\n\n<li><a href=\"https:\/\/drive.google.com\/file\/d\/1YET0_FDHmSN2prw-kvb4Nr9qCzNB3tjV\/view?usp=sharing\" target=\"_blank\" rel=\"noreferrer noopener\">Convocat\u00f2ria<\/a>\u00a0per al curs 2025-2026<\/li>\n\n\n\n<li><a href=\"https:\/\/www.educacionfpydeportes.gob.es\/dam\/jcr:4d30c054-7b51-43ce-89d1-bba7a68ace94\/manual-instrucciones-2025-2026.pdf\" target=\"_blank\" rel=\"noreferrer noopener\">Manual<\/a>\u00a0per a la presentaci\u00f3 de la sol\u00b7licitud<\/li>\n<\/ul>\n","protected":false},"excerpt":{"rendered":"<p>Us informem que s\u2019ha obert la convocat\u00f2ria per participar en el programa \u201cEstades professionals per a docents\u201d<\/p>\n","protected":false},"author":4,"featured_media":22201,"comment_status":"closed","ping_status":"open","sticky":false,"template":"","format":"standard","meta":{"_bbp_topic_count":0,"_bbp_reply_count":0,"_bbp_total_topic_count":0,"_bbp_total_reply_count":0,"_bbp_voice_count":0,"_bbp_anonymous_reply_count":0,"_bbp_topic_count_hidden":0,"_bbp_reply_count_hidden":0,"_bbp_forum_subforum_count":0,"site-sidebar-layout":"default","site-content-layout":"","ast-site-content-layout":"default","site-content-style":"default","site-sidebar-style":"default","ast-global-header-display":"","ast-banner-title-visibility":"","ast-main-header-display":"","ast-hfb-above-header-display":"","ast-hfb-below-header-display":"","ast-hfb-mobile-header-display":"","site-post-title":"","ast-breadcrumbs-content":"","ast-featured-img":"","footer-sml-layout":"","theme-transparent-header-meta":"","adv-header-id-meta":"","stick-header-meta":"","header-above-stick-meta":"","header-main-stick-meta":"","header-below-stick-meta":"","astra-migrate-meta-layouts":"set","ast-page-background-enabled":"default","ast-page-background-meta":{"desktop":{"background-color":"var(--ast-global-color-4)","background-image":"","background-repeat":"repeat","background-position":"center center","background-size":"auto","background-attachment":"scroll","background-type":"","background-media":"","overlay-type":"","overlay-color":"","overlay-opacity":"","overlay-gradient":""},"tablet":{"background-color":"","background-image":"","background-repeat":"repeat","background-position":"center center","background-size":"auto","background-attachment":"scroll","background-type":"","background-media":"","overlay-type":"","overlay-color":"","overlay-opacity":"","overlay-gradient":""},"mobile":{"background-color":"","background-image":"","background-repeat":"repeat","background-position":"center center","background-size":"auto","background-attachment":"scroll","background-type":"","background-media":"","overlay-type":"","overlay-color":"","overlay-opacity":"","overlay-gradient":""}},"ast-content-background-meta":{"desktop":{"background-color":"var(--ast-global-color-5)","background-image":"","background-repeat":"repeat","background-position":"center center","background-size":"auto","background-attachment":"scroll","background-type":"","background-media":"","overlay-type":"","overlay-color":"","overlay-opacity":"","overlay-gradient":""},"tablet":{"background-color":"var(--ast-global-color-5)","background-image":"","background-repeat":"repeat","background-position":"center center","background-size":"auto","background-attachment":"scroll","background-type":"","background-media":"","overlay-type":"","overlay-color":"","overlay-opacity":"","overlay-gradient":""},"mobile":{"background-color":"var(--ast-global-color-5)","background-image":"","background-repeat":"repeat","background-position":"center center","background-size":"auto","background-attachment":"scroll","background-type":"","background-media":"","overlay-type":"","overlay-color":"","overlay-opacity":"","overlay-gradient":""}},"footnotes":""},"categories":[65,69,154,310,235,29,571,311],"tags":[],"class_list":["post-22198","post","type-post","status-publish","format-standard","has-post-thumbnail","hentry","category-crp","category-english-day","category-formacio","category-llengues-estrangeres","category-formacio_ins","category-portada","category-projectes","category-projectes-internacionals"],"post_mailing_queue_ids":[],"_links":{"self":[{"href":"https:\/\/serveiseducatius.xtec.cat\/santacolomag\/wp-json\/wp\/v2\/posts\/22198","targetHints":{"allow":["GET"]}}],"collection":[{"href":"https:\/\/serveiseducatius.xtec.cat\/santacolomag\/wp-json\/wp\/v2\/posts"}],"about":[{"href":"https:\/\/serveiseducatius.xtec.cat\/santacolomag\/wp-json\/wp\/v2\/types\/post"}],"author":[{"embeddable":true,"href":"https:\/\/serveiseducatius.xtec.cat\/santacolomag\/wp-json\/wp\/v2\/users\/4"}],"replies":[{"embeddable":true,"href":"https:\/\/serveiseducatius.xtec.cat\/santacolomag\/wp-json\/wp\/v2\/comments?post=22198"}],"version-history":[{"count":1,"href":"https:\/\/serveiseducatius.xtec.cat\/santacolomag\/wp-json\/wp\/v2\/posts\/22198\/revisions"}],"predecessor-version":[{"id":22202,"href":"https:\/\/serveiseducatius.xtec.cat\/santacolomag\/wp-json\/wp\/v2\/posts\/22198\/revisions\/22202"}],"wp:featuredmedia":[{"embeddable":true,"href":"https:\/\/serveiseducatius.xtec.cat\/santacolomag\/wp-json\/wp\/v2\/media\/22201"}],"wp:attachment":[{"href":"https:\/\/serveiseducatius.xtec.cat\/santacolomag\/wp-json\/wp\/v2\/media?parent=22198"}],"wp:term":[{"taxonomy":"category","embeddable":true,"href":"https:\/\/serveiseducatius.xtec.cat\/santacolomag\/wp-json\/wp\/v2\/categories?post=22198"},{"taxonomy":"post_tag","embeddable":true,"href":"https:\/\/serveiseducatius.xtec.cat\/santacolomag\/wp-json\/wp\/v2\/tags?post=22198"}],"curies":[{"name":"wp","href":"https:\/\/api.w.org\/{rel}","templated":true}]}}