{"id":22153,"date":"2025-05-07T11:53:05","date_gmt":"2025-05-07T09:53:05","guid":{"rendered":"https:\/\/serveiseducatius.xtec.cat\/santacolomag\/?p=22153"},"modified":"2025-05-07T11:53:07","modified_gmt":"2025-05-07T09:53:07","slug":"iii-jornada-canal-de-reporters","status":"publish","type":"post","link":"https:\/\/serveiseducatius.xtec.cat\/santacolomag\/general\/iii-jornada-canal-de-reporters\/","title":{"rendered":"III Jornada Canal de Reporters"},"content":{"rendered":"\n<h4 class=\"wp-block-heading\"><strong>09 de Maig<\/strong>&nbsp;de 2025<\/h4>\n\n\n\n<h4 class=\"wp-block-heading\">Simult\u00e0niament a Bellaterra, Girona, Lleida, Vic, Matar\u00f3 i Tarragona<\/h4>\n\n\n\n<figure class=\"wp-block-image is-resized\"><a href=\"https:\/\/serveiseducatius.xtec.cat\/vallesoccidental6\/wp-content\/uploads\/usu1109\/2025\/05\/canal-de-reporters.png\"><img decoding=\"async\" src=\"https:\/\/serveiseducatius.xtec.cat\/vallesoccidental6\/wp-content\/uploads\/usu1109\/2025\/05\/canal-de-reporters-1024x724.png\" alt=\"\" class=\"wp-image-18055\" style=\"width:587px;height:auto\"\/><\/a><\/figure>\n\n\n\n<p>La jornada de periodisme escolar dins del marc del projecte Canal de Reporters pret\u00e9n posar en relleu la import\u00e0ncia de les activitats encaminades a fomentar l\u2019<strong>educaci\u00f3 medi\u00e0tica i el pensament cr\u00edtic<\/strong>.<\/p>\n\n\n\n<p>Enguany\u00a0<strong>l\u2019eix tem\u00e0tic\u00a0<\/strong>de la jornada girar\u00e0 al voltant del\u00a0<strong>periodisme cient\u00edfic<\/strong>, una disciplina period\u00edstica especialitzada en la transmissi\u00f3 d\u2019informaci\u00f3 sobre ci\u00e8ncia i tecnologia en mitjans de comunicaci\u00f3 de manera entenedora. Aquest tipus de periodisme, que contribueix a la divulgaci\u00f3 cient\u00edfica en diferents canals, ha esdevingut una eina fonamental per acostar el coneixement cient\u00edfic a la ciutadania.\u00a0<\/p>\n\n\n\n<div class=\"wp-block-buttons is-content-justification-center is-layout-flex wp-container-core-buttons-is-layout-1 wp-block-buttons-is-layout-flex\">\n<div class=\"wp-block-button\"><a class=\"wp-block-button__link wp-element-button\" href=\"https:\/\/projectes.xtec.cat\/digital\/general\/iii-jornada-canal-de-reporters-i-el-periodisme-cientific-i-divulgatiu\/\">M\u00e9s informaci\u00f3<\/a><\/div>\n<\/div>\n","protected":false},"excerpt":{"rendered":"<p>09 de Maig\u00a0de 2025<\/p>\n<p>Simult\u00e0niament a Bellaterra, Girona, Lleida, Vic, Matar\u00f3 i Tarragona<\/p>\n","protected":false},"author":4,"featured_media":22154,"comment_status":"closed","ping_status":"open","sticky":false,"template":"","format":"standard","meta":{"_bbp_topic_count":0,"_bbp_reply_count":0,"_bbp_total_topic_count":0,"_bbp_total_reply_count":0,"_bbp_voice_count":0,"_bbp_anonymous_reply_count":0,"_bbp_topic_count_hidden":0,"_bbp_reply_count_hidden":0,"_bbp_forum_subforum_count":0,"site-sidebar-layout":"default","site-content-layout":"","ast-site-content-layout":"default","site-content-style":"default","site-sidebar-style":"default","ast-global-header-display":"","ast-banner-title-visibility":"","ast-main-header-display":"","ast-hfb-above-header-display":"","ast-hfb-below-header-display":"","ast-hfb-mobile-header-display":"","site-post-title":"","ast-breadcrumbs-content":"","ast-featured-img":"","footer-sml-layout":"","theme-transparent-header-meta":"","adv-header-id-meta":"","stick-header-meta":"","header-above-stick-meta":"","header-main-stick-meta":"","header-below-stick-meta":"","astra-migrate-meta-layouts":"set","ast-page-background-enabled":"default","ast-page-background-meta":{"desktop":{"background-color":"var(--ast-global-color-4)","background-image":"","background-repeat":"repeat","background-position":"center center","background-size":"auto","background-attachment":"scroll","background-type":"","background-media":"","overlay-type":"","overlay-color":"","overlay-opacity":"","overlay-gradient":""},"tablet":{"background-color":"","background-image":"","background-repeat":"repeat","background-position":"center center","background-size":"auto","background-attachment":"scroll","background-type":"","background-media":"","overlay-type":"","overlay-color":"","overlay-opacity":"","overlay-gradient":""},"mobile":{"background-color":"","background-image":"","background-repeat":"repeat","background-position":"center center","background-size":"auto","background-attachment":"scroll","background-type":"","background-media":"","overlay-type":"","overlay-color":"","overlay-opacity":"","overlay-gradient":""}},"ast-content-background-meta":{"desktop":{"background-color":"var(--ast-global-color-5)","background-image":"","background-repeat":"repeat","background-position":"center center","background-size":"auto","background-attachment":"scroll","background-type":"","background-media":"","overlay-type":"","overlay-color":"","overlay-opacity":"","overlay-gradient":""},"tablet":{"background-color":"var(--ast-global-color-5)","background-image":"","background-repeat":"repeat","background-position":"center center","background-size":"auto","background-attachment":"scroll","background-type":"","background-media":"","overlay-type":"","overlay-color":"","overlay-opacity":"","overlay-gradient":""},"mobile":{"background-color":"var(--ast-global-color-5)","background-image":"","background-repeat":"repeat","background-position":"center center","background-size":"auto","background-attachment":"scroll","background-type":"","background-media":"","overlay-type":"","overlay-color":"","overlay-opacity":"","overlay-gradient":""}},"footnotes":""},"categories":[80,364,65,78,68,1,29,76],"tags":[37,619,614],"class_list":["post-22153","post","type-post","status-publish","format-standard","has-post-thumbnail","hentry","category-aparells","category-competencia-comunicativa","category-crp","category-cd","category-elic","category-general","category-portada","category-recursos","tag-audiovisuals","tag-maleta-audiovisuals","tag-radio-2"],"post_mailing_queue_ids":[],"_links":{"self":[{"href":"https:\/\/serveiseducatius.xtec.cat\/santacolomag\/wp-json\/wp\/v2\/posts\/22153","targetHints":{"allow":["GET"]}}],"collection":[{"href":"https:\/\/serveiseducatius.xtec.cat\/santacolomag\/wp-json\/wp\/v2\/posts"}],"about":[{"href":"https:\/\/serveiseducatius.xtec.cat\/santacolomag\/wp-json\/wp\/v2\/types\/post"}],"author":[{"embeddable":true,"href":"https:\/\/serveiseducatius.xtec.cat\/santacolomag\/wp-json\/wp\/v2\/users\/4"}],"replies":[{"embeddable":true,"href":"https:\/\/serveiseducatius.xtec.cat\/santacolomag\/wp-json\/wp\/v2\/comments?post=22153"}],"version-history":[{"count":1,"href":"https:\/\/serveiseducatius.xtec.cat\/santacolomag\/wp-json\/wp\/v2\/posts\/22153\/revisions"}],"predecessor-version":[{"id":22155,"href":"https:\/\/serveiseducatius.xtec.cat\/santacolomag\/wp-json\/wp\/v2\/posts\/22153\/revisions\/22155"}],"wp:featuredmedia":[{"embeddable":true,"href":"https:\/\/serveiseducatius.xtec.cat\/santacolomag\/wp-json\/wp\/v2\/media\/22154"}],"wp:attachment":[{"href":"https:\/\/serveiseducatius.xtec.cat\/santacolomag\/wp-json\/wp\/v2\/media?parent=22153"}],"wp:term":[{"taxonomy":"category","embeddable":true,"href":"https:\/\/serveiseducatius.xtec.cat\/santacolomag\/wp-json\/wp\/v2\/categories?post=22153"},{"taxonomy":"post_tag","embeddable":true,"href":"https:\/\/serveiseducatius.xtec.cat\/santacolomag\/wp-json\/wp\/v2\/tags?post=22153"}],"curies":[{"name":"wp","href":"https:\/\/api.w.org\/{rel}","templated":true}]}}