{"id":21481,"date":"2025-01-31T09:28:15","date_gmt":"2025-01-31T08:28:15","guid":{"rendered":"https:\/\/serveiseducatius.xtec.cat\/santacolomag\/?p=21481"},"modified":"2025-01-31T09:36:00","modified_gmt":"2025-01-31T08:36:00","slug":"oberta-la-inscripcio-a-fotonica-en-5-minuts-dia-internacional-de-la-dona-i-la-nena-a-la-ciencia-2025","status":"publish","type":"post","link":"https:\/\/serveiseducatius.xtec.cat\/santacolomag\/general\/oberta-la-inscripcio-a-fotonica-en-5-minuts-dia-internacional-de-la-dona-i-la-nena-a-la-ciencia-2025\/","title":{"rendered":"Fot\u00f2nica en 5 minuts! &#8211; Dia Internacional de la Dona i la Nena a la Ci\u00e8ncia 2025"},"content":{"rendered":"\n<div class=\"wp-block-columns is-layout-flex wp-container-core-columns-is-layout-1 wp-block-columns-is-layout-flex\">\n<div class=\"wp-block-column is-layout-flow wp-block-column-is-layout-flow\">\n<figure class=\"wp-block-image size-full\"><a href=\"https:\/\/serveiseducatius.xtec.cat\/santacolomag\/wp-content\/uploads\/usu1183\/2025\/01\/F5M_11Feb25_banner_CAT-1024x577-1.png\"><img loading=\"lazy\" decoding=\"async\" width=\"1024\" height=\"577\" src=\"https:\/\/serveiseducatius.xtec.cat\/santacolomag\/wp-content\/uploads\/usu1183\/2025\/01\/F5M_11Feb25_banner_CAT-1024x577-1.png\" alt=\"\" class=\"wp-image-21483\" srcset=\"https:\/\/serveiseducatius.xtec.cat\/santacolomag\/wp-content\/uploads\/usu1183\/2025\/01\/F5M_11Feb25_banner_CAT-1024x577-1.png 1024w, https:\/\/serveiseducatius.xtec.cat\/santacolomag\/wp-content\/uploads\/usu1183\/2025\/01\/F5M_11Feb25_banner_CAT-1024x577-1-300x169.png 300w, https:\/\/serveiseducatius.xtec.cat\/santacolomag\/wp-content\/uploads\/usu1183\/2025\/01\/F5M_11Feb25_banner_CAT-1024x577-1-768x433.png 768w\" sizes=\"auto, (max-width: 1024px) 100vw, 1024px\" \/><\/a><\/figure>\n<\/div>\n\n\n\n<div class=\"wp-block-column is-layout-flow wp-block-column-is-layout-flow\">\n<p><a href=\"https:\/\/outreach.icfo.eu\/ca\/events\/5minutes-11f25\/\" target=\"_blank\" rel=\"noreferrer noopener\"><strong>Fot\u00f2nica en 5 minuts<\/strong>!<\/a>&nbsp;est\u00e0 organitzat en el marc del Dia Internacional de la Dona i la Nena a la Ci\u00e8ncia \u201825 i est\u00e0 dirigit a l\u2019<strong>alumnat del segon cicle de l\u2019ESO, de batxillerat i cicles formatius<\/strong>. Tindr\u00e0 lloc el dia&nbsp;<strong>11 de febrer de 2025<\/strong>&nbsp;al mat\u00ed de&nbsp;<strong>10:30 a 11:30 CET de forma virtual&nbsp;<\/strong>i l\u2019organitza l\u2019<em>equip d\u2019outreach de l\u2019ICFO<\/em>.<\/p>\n\n\n\n<p>Amb aquesta activitat podreu descobrir el m\u00f3n de la fot\u00f2nica a trav\u00e9s de 4 especialistes de l\u2019ICFO, que explicaran per qu\u00e8 la fot\u00f2nica \u00e9s important per a la seva investigaci\u00f3 i la societat. Cada ponent tindr\u00e0 5 minuts per donar la seva xerrada de forma entretinguda i entenedora. Podreu tamb\u00e9 enviar preguntes sobre ci\u00e8ncia i sobre les seves carreres en directe.<\/p>\n\n\n\n<p>Us podeu inscriure al seg\u00fcent&nbsp;<a href=\"https:\/\/forms.office.com\/e\/yUjQXPiyBz\" target=\"_blank\" rel=\"noreferrer noopener\">formulari<\/a>.<\/p>\n\n\n\n<p>M\u00e9s informaci\u00f3&nbsp;<a href=\"https:\/\/outreach.icfo.eu\/ca\/events\/5minutes-11f25\/\" target=\"_blank\" rel=\"noreferrer noopener\">aqu\u00ed<\/a>.<\/p>\n<\/div>\n<\/div>\n","protected":false},"excerpt":{"rendered":"<p>Amb aquesta activitat podreu descobrir el m\u00f3n de la fot\u00f2nica a trav\u00e9s de 4 especialistes de l\u2019ICFO, que explicaran per qu\u00e8 la fot\u00f2nica \u00e9s important per a la seva investigaci\u00f3 i la societat.<\/p>\n","protected":false},"author":4,"featured_media":21485,"comment_status":"closed","ping_status":"open","sticky":false,"template":"","format":"standard","meta":{"_bbp_topic_count":0,"_bbp_reply_count":0,"_bbp_total_topic_count":0,"_bbp_total_reply_count":0,"_bbp_voice_count":0,"_bbp_anonymous_reply_count":0,"_bbp_topic_count_hidden":0,"_bbp_reply_count_hidden":0,"_bbp_forum_subforum_count":0,"site-sidebar-layout":"default","site-content-layout":"","ast-site-content-layout":"default","site-content-style":"default","site-sidebar-style":"default","ast-global-header-display":"","ast-banner-title-visibility":"","ast-main-header-display":"","ast-hfb-above-header-display":"","ast-hfb-below-header-display":"","ast-hfb-mobile-header-display":"","site-post-title":"","ast-breadcrumbs-content":"","ast-featured-img":"","footer-sml-layout":"","theme-transparent-header-meta":"","adv-header-id-meta":"","stick-header-meta":"","header-above-stick-meta":"","header-main-stick-meta":"","header-below-stick-meta":"","astra-migrate-meta-layouts":"set","ast-page-background-enabled":"default","ast-page-background-meta":{"desktop":{"background-color":"var(--ast-global-color-4)","background-image":"","background-repeat":"repeat","background-position":"center center","background-size":"auto","background-attachment":"scroll","background-type":"","background-media":"","overlay-type":"","overlay-color":"","overlay-opacity":"","overlay-gradient":""},"tablet":{"background-color":"","background-image":"","background-repeat":"repeat","background-position":"center center","background-size":"auto","background-attachment":"scroll","background-type":"","background-media":"","overlay-type":"","overlay-color":"","overlay-opacity":"","overlay-gradient":""},"mobile":{"background-color":"","background-image":"","background-repeat":"repeat","background-position":"center center","background-size":"auto","background-attachment":"scroll","background-type":"","background-media":"","overlay-type":"","overlay-color":"","overlay-opacity":"","overlay-gradient":""}},"ast-content-background-meta":{"desktop":{"background-color":"var(--ast-global-color-5)","background-image":"","background-repeat":"repeat","background-position":"center center","background-size":"auto","background-attachment":"scroll","background-type":"","background-media":"","overlay-type":"","overlay-color":"","overlay-opacity":"","overlay-gradient":""},"tablet":{"background-color":"var(--ast-global-color-5)","background-image":"","background-repeat":"repeat","background-position":"center center","background-size":"auto","background-attachment":"scroll","background-type":"","background-media":"","overlay-type":"","overlay-color":"","overlay-opacity":"","overlay-gradient":""},"mobile":{"background-color":"var(--ast-global-color-5)","background-image":"","background-repeat":"repeat","background-position":"center center","background-size":"auto","background-attachment":"scroll","background-type":"","background-media":"","overlay-type":"","overlay-color":"","overlay-opacity":"","overlay-gradient":""}},"footnotes":""},"categories":[599,594,65,1,235,600,29,290],"tags":[],"class_list":["post-21481","post","type-post","status-publish","format-standard","has-post-thumbnail","hentry","category-coeducacio","category-congres-de-ciencia","category-crp","category-general","category-formacio_ins","category-perspectiva-de-genere","category-portada","category-recerca-cientifica"],"post_mailing_queue_ids":[],"_links":{"self":[{"href":"https:\/\/serveiseducatius.xtec.cat\/santacolomag\/wp-json\/wp\/v2\/posts\/21481","targetHints":{"allow":["GET"]}}],"collection":[{"href":"https:\/\/serveiseducatius.xtec.cat\/santacolomag\/wp-json\/wp\/v2\/posts"}],"about":[{"href":"https:\/\/serveiseducatius.xtec.cat\/santacolomag\/wp-json\/wp\/v2\/types\/post"}],"author":[{"embeddable":true,"href":"https:\/\/serveiseducatius.xtec.cat\/santacolomag\/wp-json\/wp\/v2\/users\/4"}],"replies":[{"embeddable":true,"href":"https:\/\/serveiseducatius.xtec.cat\/santacolomag\/wp-json\/wp\/v2\/comments?post=21481"}],"version-history":[{"count":3,"href":"https:\/\/serveiseducatius.xtec.cat\/santacolomag\/wp-json\/wp\/v2\/posts\/21481\/revisions"}],"predecessor-version":[{"id":21487,"href":"https:\/\/serveiseducatius.xtec.cat\/santacolomag\/wp-json\/wp\/v2\/posts\/21481\/revisions\/21487"}],"wp:featuredmedia":[{"embeddable":true,"href":"https:\/\/serveiseducatius.xtec.cat\/santacolomag\/wp-json\/wp\/v2\/media\/21485"}],"wp:attachment":[{"href":"https:\/\/serveiseducatius.xtec.cat\/santacolomag\/wp-json\/wp\/v2\/media?parent=21481"}],"wp:term":[{"taxonomy":"category","embeddable":true,"href":"https:\/\/serveiseducatius.xtec.cat\/santacolomag\/wp-json\/wp\/v2\/categories?post=21481"},{"taxonomy":"post_tag","embeddable":true,"href":"https:\/\/serveiseducatius.xtec.cat\/santacolomag\/wp-json\/wp\/v2\/tags?post=21481"}],"curies":[{"name":"wp","href":"https:\/\/api.w.org\/{rel}","templated":true}]}}