{"id":21372,"date":"2025-01-22T09:10:45","date_gmt":"2025-01-22T08:10:45","guid":{"rendered":"https:\/\/serveiseducatius.xtec.cat\/santacolomag\/?p=21372"},"modified":"2025-01-27T11:20:57","modified_gmt":"2025-01-27T10:20:57","slug":"sessio-de-difusio-de-programes-de-llengues-estrangeres-2","status":"publish","type":"post","link":"https:\/\/serveiseducatius.xtec.cat\/santacolomag\/general\/sessio-de-difusio-de-programes-de-llengues-estrangeres-2\/","title":{"rendered":"Sessi\u00f3 de difusi\u00f3 de Programes de lleng\u00fces estrangeres"},"content":{"rendered":"\n<figure class=\"wp-block-image size-full\"><a href=\"https:\/\/serveiseducatius.xtec.cat\/santacolomag\/wp-content\/uploads\/usu1183\/2025\/01\/unnamed-1.png\"><img decoding=\"async\" src=\"https:\/\/serveiseducatius.xtec.cat\/santacolomag\/wp-content\/uploads\/usu1183\/2025\/01\/unnamed-1.png\" alt=\"\" class=\"wp-image-21374\"\/><\/a><\/figure>\n\n\n\n<p><br><strong>\u00a0Sessi\u00f3 telem\u00e0tica de difusi\u00f3 de Programes de lleng\u00fces estrangeres<\/strong><\/p>\n\n\n\n<p><img decoding=\"async\" src=\"https:\/\/ci3.googleusercontent.com\/meips\/ADKq_NbBj6i12xDh9JVXT8H8g2uxUEVLFEyI1aGI3OLGPtt5E3XzvkHXNHS9XcUnHh2JU2H3s2ZK8lLWXPT1g4zGWRozlrlN6ojGBet2mS0U23FEjHEpEg=s0-d-e1-ft#https:\/\/fonts.gstatic.com\/s\/e\/notoemoji\/15.0\/1f5d3_fe0f\/72.png\" alt=\"\ud83d\uddd3\ufe0f\">\u00a0Dimecres, 19 de febrer de 2025, a les 17 hores<\/p>\n\n\n\n<p><img decoding=\"async\" alt=\"\ud83d\udcbb\" src=\"https:\/\/ci3.googleusercontent.com\/meips\/ADKq_NZuB0jrsxnSu8YTXMPsv-JvZSvdG4_4FfpCfLCLoI3F93zYced61DfyCMMTTWPIViKYEKUaCcWj8TQJ-9TZhavmGfgLXE8ZAScw8wT9Xfg=s0-d-e1-ft#https:\/\/fonts.gstatic.com\/s\/e\/notoemoji\/15.0\/1f4bb\/72.png\">&nbsp;Sessi\u00f3 en l\u00ednia<\/p>\n\n\n\n<p><img decoding=\"async\" alt=\"\ud83c\udfaf\" src=\"https:\/\/ci3.googleusercontent.com\/meips\/ADKq_NbVFAYx6DgcCIaKd-G1eA7yYM_kPd4fvejrr9ikLqKwavb09bS621etfqiM5fUGDse37a5LnbHFGYPFO2I9EyF6i-qfYoqtHZK6ajEZhI0=s0-d-e1-ft#https:\/\/fonts.gstatic.com\/s\/e\/notoemoji\/15.0\/1f3af\/72.png\">&nbsp;Con\u00e8ixer, a tall general, els programes de lleng\u00fces estrangeres a l&#8217;abast de centres i docents<\/p>\n\n\n\n<p>Durant la sessi\u00f3 informativa, s&#8217;informar\u00e0 dels diferents programes amb qu\u00e8 treballem des dels Serveis Territorials, amb l&#8217;objectiu de posar-los a l&#8217;abast de la comunitat docent.&nbsp;<\/p>\n\n\n\n<p class=\"has-medium-font-size\"><img decoding=\"async\" src=\"https:\/\/ci3.googleusercontent.com\/meips\/ADKq_NZ82O7-I36E-GwKmpzH9eghs4HKvAHcw3ZqydbDyqV2W1pPcySHztTHaiLZMwG77eVk9NZ2gxeYUH3zLMU4eTSjIw3C2J-fIpQhsdzc16g=s0-d-e1-ft#https:\/\/fonts.gstatic.com\/s\/e\/notoemoji\/15.0\/1f449\/72.png\" alt=\"\ud83d\udc49\">\u00a0M\u00e9s informaci\u00f3 i inscripci\u00f3 <a href=\"https:\/\/aplicacions.gestioeducativa.gencat.cat\/ords\/pls\/soloas\/pk_for_mod_ins.p_for_detall_activitat?p_header=Llista%20d%27activitats^pk_for_mod_ins.p_for_cons_activitats?p_crp=200%26p_any=2024-2025%26p_totes=s%26p_inici=11%26p_excloure_crp_rec=F&amp;p_codi=2002040502&amp;p_curs=2024-2025&amp;p_excloure_crp_rec=F\"><strong>aqu\u00ed<\/strong><\/a><\/p>\n","protected":false},"excerpt":{"rendered":"<p>\u00a0Sessi\u00f3 telem\u00e0tica de difusi\u00f3 de Programes de lleng\u00fces estrangeres \u00a0Dimecres, 19 de febrer de 2025, a les 17 hores &nbsp;Sessi\u00f3 [&hellip;]<\/p>\n","protected":false},"author":4,"featured_media":21407,"comment_status":"closed","ping_status":"open","sticky":false,"template":"","format":"standard","meta":{"_bbp_topic_count":0,"_bbp_reply_count":0,"_bbp_total_topic_count":0,"_bbp_total_reply_count":0,"_bbp_voice_count":0,"_bbp_anonymous_reply_count":0,"_bbp_topic_count_hidden":0,"_bbp_reply_count_hidden":0,"_bbp_forum_subforum_count":0,"site-sidebar-layout":"default","site-content-layout":"","ast-site-content-layout":"default","site-content-style":"default","site-sidebar-style":"default","ast-global-header-display":"","ast-banner-title-visibility":"","ast-main-header-display":"","ast-hfb-above-header-display":"","ast-hfb-below-header-display":"","ast-hfb-mobile-header-display":"","site-post-title":"","ast-breadcrumbs-content":"","ast-featured-img":"","footer-sml-layout":"","theme-transparent-header-meta":"","adv-header-id-meta":"","stick-header-meta":"","header-above-stick-meta":"","header-main-stick-meta":"","header-below-stick-meta":"","astra-migrate-meta-layouts":"set","ast-page-background-enabled":"default","ast-page-background-meta":{"desktop":{"background-color":"var(--ast-global-color-4)","background-image":"","background-repeat":"repeat","background-position":"center center","background-size":"auto","background-attachment":"scroll","background-type":"","background-media":"","overlay-type":"","overlay-color":"","overlay-opacity":"","overlay-gradient":""},"tablet":{"background-color":"","background-image":"","background-repeat":"repeat","background-position":"center center","background-size":"auto","background-attachment":"scroll","background-type":"","background-media":"","overlay-type":"","overlay-color":"","overlay-opacity":"","overlay-gradient":""},"mobile":{"background-color":"","background-image":"","background-repeat":"repeat","background-position":"center center","background-size":"auto","background-attachment":"scroll","background-type":"","background-media":"","overlay-type":"","overlay-color":"","overlay-opacity":"","overlay-gradient":""}},"ast-content-background-meta":{"desktop":{"background-color":"var(--ast-global-color-5)","background-image":"","background-repeat":"repeat","background-position":"center center","background-size":"auto","background-attachment":"scroll","background-type":"","background-media":"","overlay-type":"","overlay-color":"","overlay-opacity":"","overlay-gradient":""},"tablet":{"background-color":"var(--ast-global-color-5)","background-image":"","background-repeat":"repeat","background-position":"center center","background-size":"auto","background-attachment":"scroll","background-type":"","background-media":"","overlay-type":"","overlay-color":"","overlay-opacity":"","overlay-gradient":""},"mobile":{"background-color":"var(--ast-global-color-5)","background-image":"","background-repeat":"repeat","background-position":"center center","background-size":"auto","background-attachment":"scroll","background-type":"","background-media":"","overlay-type":"","overlay-color":"","overlay-opacity":"","overlay-gradient":""}},"footnotes":""},"categories":[65,69,154,1,310,29,311],"tags":[299,44],"class_list":["post-21372","post","type-post","status-publish","format-standard","has-post-thumbnail","hentry","category-crp","category-english-day","category-formacio","category-general","category-llengues-estrangeres","category-portada","category-projectes-internacionals","tag-llengues-estrangeres","tag-xerrades"],"post_mailing_queue_ids":[],"_links":{"self":[{"href":"https:\/\/serveiseducatius.xtec.cat\/santacolomag\/wp-json\/wp\/v2\/posts\/21372","targetHints":{"allow":["GET"]}}],"collection":[{"href":"https:\/\/serveiseducatius.xtec.cat\/santacolomag\/wp-json\/wp\/v2\/posts"}],"about":[{"href":"https:\/\/serveiseducatius.xtec.cat\/santacolomag\/wp-json\/wp\/v2\/types\/post"}],"author":[{"embeddable":true,"href":"https:\/\/serveiseducatius.xtec.cat\/santacolomag\/wp-json\/wp\/v2\/users\/4"}],"replies":[{"embeddable":true,"href":"https:\/\/serveiseducatius.xtec.cat\/santacolomag\/wp-json\/wp\/v2\/comments?post=21372"}],"version-history":[{"count":3,"href":"https:\/\/serveiseducatius.xtec.cat\/santacolomag\/wp-json\/wp\/v2\/posts\/21372\/revisions"}],"predecessor-version":[{"id":21376,"href":"https:\/\/serveiseducatius.xtec.cat\/santacolomag\/wp-json\/wp\/v2\/posts\/21372\/revisions\/21376"}],"wp:featuredmedia":[{"embeddable":true,"href":"https:\/\/serveiseducatius.xtec.cat\/santacolomag\/wp-json\/wp\/v2\/media\/21407"}],"wp:attachment":[{"href":"https:\/\/serveiseducatius.xtec.cat\/santacolomag\/wp-json\/wp\/v2\/media?parent=21372"}],"wp:term":[{"taxonomy":"category","embeddable":true,"href":"https:\/\/serveiseducatius.xtec.cat\/santacolomag\/wp-json\/wp\/v2\/categories?post=21372"},{"taxonomy":"post_tag","embeddable":true,"href":"https:\/\/serveiseducatius.xtec.cat\/santacolomag\/wp-json\/wp\/v2\/tags?post=21372"}],"curies":[{"name":"wp","href":"https:\/\/api.w.org\/{rel}","templated":true}]}}