{"id":21206,"date":"2025-01-15T10:50:02","date_gmt":"2025-01-15T09:50:02","guid":{"rendered":"https:\/\/serveiseducatius.xtec.cat\/santacolomag\/?p=21206"},"modified":"2025-04-22T13:36:38","modified_gmt":"2025-04-22T11:36:38","slug":"xii-jocs-florals-escolars-de-catalunya","status":"publish","type":"post","link":"https:\/\/serveiseducatius.xtec.cat\/santacolomag\/general\/xii-jocs-florals-escolars-de-catalunya\/","title":{"rendered":"XII Jocs Florals Escolars de Catalunya"},"content":{"rendered":"<div class=\"basic_text_peq col-xs-12\">\n<div class=\"pd-15x link-dotted\" data-crawling=\"principal-body\">\n<h3><img loading=\"lazy\" decoding=\"async\" class=\"wp-image-9067 aligncenter\" src=\"https:\/\/serveiseducatius.xtec.cat\/santacolomag\/wp-content\/uploads\/usu1183\/2017\/02\/jocs-florals-e1493815847779.jpg\" alt=\"\" width=\"258\" height=\"260\" \/><\/h3>\n<h3><\/h3>\n<h3>Convocat\u00f2ria XII Jocs Florals<\/h3>\n<p>El Departament d\u2019Educaci\u00f3 i Formaci\u00f3 Professional convoca els XII Jocs Florals Escolars de Catalunya amb l\u2019objectiu de promoure l\u2019escriptura tant en prosa com en poesia en infants i joves de sis a divuit anys.<\/p>\n<p>Aquestes s\u00f3n les\u00a0<a href=\"https:\/\/xtec.gencat.cat\/web\/.content\/centres\/alscentres\/premis\/jocsflorals\/2425\/Bases-dels-XII-Jocs-Florals-Escolars-de-Catalunya_2025.pdf\">bases de participaci\u00f3<\/a>. Com podreu veure hi ha diferents categories per a Ed. Prim\u00e0ria i Ed. Secund\u00e0ria. Disposeu d\u2019un recull de\u00a0<a id=\"m_-2118270013615451924OWAc8228992-2aa2-bab8-b646-08ecfea098d3\" href=\"https:\/\/xtec.gencat.cat\/ca\/centres\/premis-i-concursos\/jocsflorals\/materials-i-recursos\/\" target=\"_blank\" rel=\"noopener\" data-saferedirecturl=\"https:\/\/www.google.com\/url?q=https:\/\/xtec.gencat.cat\/ca\/centres\/premis-i-concursos\/jocsflorals\/materials-i-recursos\/&amp;source=gmail&amp;ust=1706690440282000&amp;usg=AOvVaw0I-fKOEooa2f5hwtuW5GZR\">Material i recursos<\/a>\u00a0que podeu fer servir.<\/p>\n<p>Volem destacar la categoria H del conte il\u00b7lustrat. Est\u00e0 adre\u00e7ada a tot l\u2019alumnat de prim\u00e0ria. El prop\u00f2sit \u00e9s promoure la creaci\u00f3 liter\u00e0ria potenciant el treball interdisciplinari des de l\u2019\u00e0mbit ling\u00fc\u00edstic, l\u2019\u00e0mbit digital i l\u2019\u00e0mbit art\u00edstic (<a href=\"https:\/\/drive.google.com\/file\/d\/1dNNleVWz4NvRf6oILYExuhRLxILWo39Q\/view?usp=sharing\">bases espec\u00edfiques<\/a>). En el blog\u00a0\u00a0<a id=\"m_-2118270013615451924OWAd1e5efcb-375d-2e57-5140-daefabf84b7c\" href=\"https:\/\/blocs.xtec.cat\/jocsflorals-conteaudiovisual\/projecte\/?_ga=2.94372700.1342445093.1706520847-1481174843.1625572030\" target=\"_blank\" rel=\"noopener\" data-saferedirecturl=\"https:\/\/www.google.com\/url?q=https:\/\/blocs.xtec.cat\/jocsflorals-conteaudiovisual\/projecte\/?_ga%3D2.94372700.1342445093.1706520847-1481174843.1625572030&amp;source=gmail&amp;ust=1706690440282000&amp;usg=AOvVaw2IDcq42l4qITm_CBr9f7_u\">Conte audiovisual il\u00b7lustrat<\/a>\u00a0\u00a0trobareu una proposta per treballar el conte audiovisual com a projecte de treball interdisciplinari, aix\u00ed com un llistat de recursos d\u2019\u00e0udio i v\u00eddeo.<\/p>\n<div><\/div>\n<div>\n<p>Els treballs presentats, un per categoria, han de ser:<\/p>\n<ul>\n<li>Individuals o col\u00b7lectius a les categories A1, B1, C1, D1, D2, E1 i E2. Si el treball \u00e9s<br \/>\ncol\u00b7lectiu, han de ser m\u00ednim 3 alumnes i m\u00e0xim 5. No s\u2019acceptaran treballs amb un<br \/>\nnombre inferior o superior a aquests m\u00ednim i m\u00e0xim d&#8217;alumnes. En el cas de les ZER,<br \/>\ns\u2019acceptaran treballs col\u00b7lectius de 2 alumnes.<\/li>\n<li>Individuals o col\u00b7lectius a les categories A2, B2 i C2. Si el treball \u00e9s col\u00b7lectiu, han de<br \/>\nser m\u00ednim 3 alumnes i m\u00e0xim 5. No s\u2019acceptaran treballs amb un nombre inferior o<br \/>\nsuperior a aquests m\u00ednim i m\u00e0xim d&#8217;alumnes. En el cas de les ZER, s\u2019acceptaran<br \/>\ntreballs col\u00b7lectius de 2 alumnes.<\/li>\n<li>Individuals a les categories F1, F2, G1 i G2.<\/li>\n<\/ul>\n<div>\n<p>Us animem a participar en aquesta edici\u00f3<span class=\"gmail_default\">\u200b<\/span>. El<strong>\u00a0lliurament,\u00a0<\/strong>si voleu participar-hi<strong>,<\/strong>\u00a0s\u2019ha de fer, seguint les indicacions de les bases, <span class=\"gmail_default\">\u200ba trav\u00e9s del seg\u00fcent <a href=\"https:\/\/forms.gle\/sPmZ6PuUe75UjWYp9\"><b>formulari<\/b><\/a><\/span>\u00a0abans del<strong> 26 d\u2019abril de 2025<\/strong><\/p>\n<\/div>\n<p>\u200b<strong><span class=\"gmail_default\">\u200b<\/span><a href=\"https:\/\/forms.gle\/sPmZ6PuUe75UjWYp9\">F<span class=\"gmail_default\">\u200bormulari d&#8217;<\/span>inscripci\u00f3<span class=\"gmail_default\">\u200b i lliurament<\/span><\/a><\/strong><\/p>\n<\/div>\n<p><img loading=\"lazy\" decoding=\"async\" class=\"alignnone size-full wp-image-9067\" src=\"https:\/\/serveiseducatius.xtec.cat\/santacolomag\/wp-content\/uploads\/usu1183\/2017\/02\/jocs-florals-e1493815847779.jpg\" alt=\"\" width=\"150\" height=\"151\" \/><\/p>\n<\/div>\n<\/div>\n","protected":false},"excerpt":{"rendered":"<p>El Departament d\u2019Educaci\u00f3 i Formaci\u00f3 Professional convoca els XII Jocs Florals Escolars de Catalunya<\/p>\n","protected":false},"author":4,"featured_media":9067,"comment_status":"closed","ping_status":"closed","sticky":false,"template":"","format":"standard","meta":{"_bbp_topic_count":0,"_bbp_reply_count":0,"_bbp_total_topic_count":0,"_bbp_total_reply_count":0,"_bbp_voice_count":0,"_bbp_anonymous_reply_count":0,"_bbp_topic_count_hidden":0,"_bbp_reply_count_hidden":0,"_bbp_forum_subforum_count":0,"site-sidebar-layout":"default","site-content-layout":"","ast-site-content-layout":"default","site-content-style":"default","site-sidebar-style":"default","ast-global-header-display":"","ast-banner-title-visibility":"","ast-main-header-display":"","ast-hfb-above-header-display":"","ast-hfb-below-header-display":"","ast-hfb-mobile-header-display":"","site-post-title":"","ast-breadcrumbs-content":"","ast-featured-img":"","footer-sml-layout":"","theme-transparent-header-meta":"","adv-header-id-meta":"","stick-header-meta":"","header-above-stick-meta":"","header-main-stick-meta":"","header-below-stick-meta":"","astra-migrate-meta-layouts":"set","ast-page-background-enabled":"default","ast-page-background-meta":{"desktop":{"background-color":"var(--ast-global-color-4)","background-image":"","background-repeat":"repeat","background-position":"center center","background-size":"auto","background-attachment":"scroll","background-type":"","background-media":"","overlay-type":"","overlay-color":"","overlay-opacity":"","overlay-gradient":""},"tablet":{"background-color":"","background-image":"","background-repeat":"repeat","background-position":"center center","background-size":"auto","background-attachment":"scroll","background-type":"","background-media":"","overlay-type":"","overlay-color":"","overlay-opacity":"","overlay-gradient":""},"mobile":{"background-color":"","background-image":"","background-repeat":"repeat","background-position":"center center","background-size":"auto","background-attachment":"scroll","background-type":"","background-media":"","overlay-type":"","overlay-color":"","overlay-opacity":"","overlay-gradient":""}},"ast-content-background-meta":{"desktop":{"background-color":"var(--ast-global-color-5)","background-image":"","background-repeat":"repeat","background-position":"center center","background-size":"auto","background-attachment":"scroll","background-type":"","background-media":"","overlay-type":"","overlay-color":"","overlay-opacity":"","overlay-gradient":""},"tablet":{"background-color":"var(--ast-global-color-5)","background-image":"","background-repeat":"repeat","background-position":"center center","background-size":"auto","background-attachment":"scroll","background-type":"","background-media":"","overlay-type":"","overlay-color":"","overlay-opacity":"","overlay-gradient":""},"mobile":{"background-color":"var(--ast-global-color-5)","background-image":"","background-repeat":"repeat","background-position":"center center","background-size":"auto","background-attachment":"scroll","background-type":"","background-media":"","overlay-type":"","overlay-color":"","overlay-opacity":"","overlay-gradient":""}},"footnotes":""},"categories":[364,408,65,78,251,68,1,71,29],"tags":[298],"class_list":["post-21206","post","type-post","status-publish","format-standard","has-post-thumbnail","hentry","category-competencia-comunicativa","category-concurs-literari","category-crp","category-cd","category-dinamica-educativa-sant-vicenc-dels-horts","category-elic","category-general","category-jocs-florals","category-portada","tag-concursos"],"post_mailing_queue_ids":[],"_links":{"self":[{"href":"https:\/\/serveiseducatius.xtec.cat\/santacolomag\/wp-json\/wp\/v2\/posts\/21206","targetHints":{"allow":["GET"]}}],"collection":[{"href":"https:\/\/serveiseducatius.xtec.cat\/santacolomag\/wp-json\/wp\/v2\/posts"}],"about":[{"href":"https:\/\/serveiseducatius.xtec.cat\/santacolomag\/wp-json\/wp\/v2\/types\/post"}],"author":[{"embeddable":true,"href":"https:\/\/serveiseducatius.xtec.cat\/santacolomag\/wp-json\/wp\/v2\/users\/4"}],"replies":[{"embeddable":true,"href":"https:\/\/serveiseducatius.xtec.cat\/santacolomag\/wp-json\/wp\/v2\/comments?post=21206"}],"version-history":[{"count":5,"href":"https:\/\/serveiseducatius.xtec.cat\/santacolomag\/wp-json\/wp\/v2\/posts\/21206\/revisions"}],"predecessor-version":[{"id":21695,"href":"https:\/\/serveiseducatius.xtec.cat\/santacolomag\/wp-json\/wp\/v2\/posts\/21206\/revisions\/21695"}],"wp:featuredmedia":[{"embeddable":true,"href":"https:\/\/serveiseducatius.xtec.cat\/santacolomag\/wp-json\/wp\/v2\/media\/9067"}],"wp:attachment":[{"href":"https:\/\/serveiseducatius.xtec.cat\/santacolomag\/wp-json\/wp\/v2\/media?parent=21206"}],"wp:term":[{"taxonomy":"category","embeddable":true,"href":"https:\/\/serveiseducatius.xtec.cat\/santacolomag\/wp-json\/wp\/v2\/categories?post=21206"},{"taxonomy":"post_tag","embeddable":true,"href":"https:\/\/serveiseducatius.xtec.cat\/santacolomag\/wp-json\/wp\/v2\/tags?post=21206"}],"curies":[{"name":"wp","href":"https:\/\/api.w.org\/{rel}","templated":true}]}}