{"id":21117,"date":"2024-11-11T12:45:35","date_gmt":"2024-11-11T11:45:35","guid":{"rendered":"https:\/\/serveiseducatius.xtec.cat\/santacolomag\/?p=21117"},"modified":"2024-11-11T12:48:59","modified_gmt":"2024-11-11T11:48:59","slug":"nova-oferta-formativa-ice-uab","status":"publish","type":"post","link":"https:\/\/serveiseducatius.xtec.cat\/santacolomag\/general\/nova-oferta-formativa-ice-uab\/","title":{"rendered":"Nova oferta formativa ICE UAB"},"content":{"rendered":"<p style=\"font-weight: 400;\">L&#8217;Institut de Ci\u00e8ncies de l&#8217;educaci\u00f3, en col\u00b7laboraci\u00f3 amb el Departament d&#8217;Educaci\u00f3 i de Formaci\u00f3 Professional, obren la inscripci\u00f3 d&#8217;una nova oferta formativa, <strong>sense cost pel professorat.<\/strong><\/p>\n<p>&nbsp;<\/p>\n<table style=\"font-weight: 400;\" width=\"937\">\n<tbody>\n<tr>\n<td width=\"617\"><strong>Cursos d&#8217;acompanyament de la pr\u00e0ctica docent<\/strong><\/td>\n<td width=\"75\"><strong>Nombre d&#8217;hores<\/strong><\/td>\n<td width=\"132\"><strong>Modalitat<\/strong><\/td>\n<td width=\"112\"><strong>Codi d&#8217;activitat<\/strong><\/td>\n<\/tr>\n<tr>\n<td width=\"617\"><a href=\"https:\/\/www.uab.cat\/ca\/ice\/aprendre-llegir-escriure-infantil-2425\" data-saferedirecturl=\"https:\/\/www.google.com\/url?q=https:\/\/www.uab.cat\/ca\/ice\/aprendre-llegir-escriure-infantil-2425&amp;source=gmail&amp;ust=1731408496581000&amp;usg=AOvVaw2980B6VuPesZSjgk1iLFem\">Aprendre a llegir i a escriure a infantil i prim\u00e0ria<\/a><\/td>\n<td width=\"75\">30<\/td>\n<td width=\"132\">H\u00edbrid<\/td>\n<td width=\"112\">9001170012<\/td>\n<\/tr>\n<tr>\n<td width=\"617\"><a href=\"https:\/\/www.uab.cat\/ca\/ice\/com-treballar-la-competencia-cientifica-secundaria\" data-saferedirecturl=\"https:\/\/www.google.com\/url?q=https:\/\/www.uab.cat\/ca\/ice\/com-treballar-la-competencia-cientifica-secundaria&amp;source=gmail&amp;ust=1731408496581000&amp;usg=AOvVaw1APmLVZFsFzoWeyInVUWjw\">Com treballar la compet\u00e8ncia cient\u00edfica a la secund\u00e0ria<\/a><\/td>\n<td width=\"75\">30<\/td>\n<td width=\"132\">En l\u00ednia, s\u00edncron<\/td>\n<td width=\"112\">9001180012<\/td>\n<\/tr>\n<tr>\n<td width=\"617\"><\/td>\n<td width=\"75\"><\/td>\n<td width=\"132\"><\/td>\n<td width=\"112\"><\/td>\n<\/tr>\n<tr>\n<td width=\"617\"><strong>Cursos d\u2019aprofundiment i d\u2019actualitzaci\u00f3 de coneixements<\/strong><\/td>\n<td width=\"75\"><strong>Nombre d&#8217;hores<\/strong><\/td>\n<td width=\"132\"><strong>Modalitat<\/strong><\/td>\n<td width=\"112\"><strong>Codi d&#8217;activitat<\/strong><\/td>\n<\/tr>\n<tr>\n<td width=\"617\"><a href=\"https:\/\/www.uab.cat\/ca\/ice\/com-desenvolupar-la-competencia-lectora-a-partir-de-la-interaccio\" data-saferedirecturl=\"https:\/\/www.google.com\/url?q=https:\/\/www.uab.cat\/ca\/ice\/com-desenvolupar-la-competencia-lectora-a-partir-de-la-interaccio&amp;source=gmail&amp;ust=1731408496581000&amp;usg=AOvVaw26dOvL6iCbj2Z-4yRsSQHA\">Com desenvolupar la compet\u00e8ncia lectora a partir de la interacci\u00f3<\/a><\/td>\n<td width=\"75\">20<\/td>\n<td rowspan=\"3\" width=\"132\">Presencial<\/td>\n<td width=\"112\">9001100012<\/td>\n<\/tr>\n<tr>\n<td width=\"617\"><a href=\"https:\/\/www.uab.cat\/ca\/ice\/educacio-literaria-a-laula-de-secundaria\" data-saferedirecturl=\"https:\/\/www.google.com\/url?q=https:\/\/www.uab.cat\/ca\/ice\/educacio-literaria-a-laula-de-secundaria&amp;source=gmail&amp;ust=1731408496581000&amp;usg=AOvVaw2vsBpQX5ul7ModkLvK23iG\">L\u2019educaci\u00f3 liter\u00e0ria a l\u2019aula de Secund\u00e0ria: ajudem-nos a desenvolupar-la i compartim experi\u00e8ncies\u00a0\u00a0<\/a><\/td>\n<td width=\"75\">20<\/td>\n<td width=\"112\">9001080012<\/td>\n<\/tr>\n<tr>\n<td width=\"617\"><a href=\"https:\/\/www.uab.cat\/ca\/ice\/la-vida-matematica-a-laula\" data-saferedirecturl=\"https:\/\/www.google.com\/url?q=https:\/\/www.uab.cat\/ca\/ice\/la-vida-matematica-a-laula&amp;source=gmail&amp;ust=1731408496581000&amp;usg=AOvVaw2N2djzJdPpBh6_XdsbWNdP\">La vida matem\u00e0tica a l\u2019aula: matem\u00e0tiques per a tothom, matem\u00e0tiques per comprendre el m\u00f3n<\/a><\/td>\n<td width=\"75\">20<\/td>\n<td width=\"112\">9001090012<\/td>\n<\/tr>\n<tr>\n<td width=\"617\"><a href=\"https:\/\/www.uab.cat\/ca\/ice\/com-reballar-a-laula-amb-activitats-competencials\" data-saferedirecturl=\"https:\/\/www.google.com\/url?q=https:\/\/www.uab.cat\/ca\/ice\/com-reballar-a-laula-amb-activitats-competencials&amp;source=gmail&amp;ust=1731408496581000&amp;usg=AOvVaw2_KmfHKiKgwfGrS1E7NnyH\">Com treballar a l\u2019aula amb activitats competencials, afavorint la creativitat, el treball cooperatiu i l\u2019autoavaluaci\u00f3 (edici\u00f3 revisada i ampliada)\u00a0<\/a><\/td>\n<td width=\"75\">30<\/td>\n<td width=\"132\">En l\u00ednia, as\u00edncron, amb 3 sessions s\u00edncrones<\/td>\n<td width=\"112\">9001050012<\/td>\n<\/tr>\n<\/tbody>\n<\/table>\n<p>&nbsp;<\/p>\n<p style=\"font-weight: 400;\">Podeu fer la vostra sol\u00b7licitud a trav\u00e9s del <strong>formulari del GTAF<\/strong> que trobareu <strong>a dins<\/strong> de cadascuna de les activitats <strong>fins al pr\u00f2xim dia 13 de novembre<\/strong>. A partir del dia 14 es far\u00e0 l\u2019assignaci\u00f3 de places i comen\u00e7ar\u00e0 el per\u00edode de matr\u00edcula a trav\u00e9s de l\u2019aplicatiu de la UAB.<\/p>\n<p style=\"font-weight: 400;\">\n","protected":false},"excerpt":{"rendered":"<p>Fins al 13 de novembre teniu de temps per a inscriure-us a la nova oferta formativa de l&#8217;ICE sense cost pel professorat.<\/p>\n","protected":false},"author":7,"featured_media":21120,"comment_status":"closed","ping_status":"closed","sticky":false,"template":"","format":"standard","meta":{"_bbp_topic_count":0,"_bbp_reply_count":0,"_bbp_total_topic_count":0,"_bbp_total_reply_count":0,"_bbp_voice_count":0,"_bbp_anonymous_reply_count":0,"_bbp_topic_count_hidden":0,"_bbp_reply_count_hidden":0,"_bbp_forum_subforum_count":0,"site-sidebar-layout":"default","site-content-layout":"","ast-site-content-layout":"","site-content-style":"default","site-sidebar-style":"default","ast-global-header-display":"","ast-banner-title-visibility":"","ast-main-header-display":"","ast-hfb-above-header-display":"","ast-hfb-below-header-display":"","ast-hfb-mobile-header-display":"","site-post-title":"","ast-breadcrumbs-content":"","ast-featured-img":"","footer-sml-layout":"","theme-transparent-header-meta":"","adv-header-id-meta":"","stick-header-meta":"","header-above-stick-meta":"","header-main-stick-meta":"","header-below-stick-meta":"","astra-migrate-meta-layouts":"default","ast-page-background-enabled":"default","ast-page-background-meta":{"desktop":{"background-color":"var(--ast-global-color-4)","background-image":"","background-repeat":"repeat","background-position":"center center","background-size":"auto","background-attachment":"scroll","background-type":"","background-media":"","overlay-type":"","overlay-color":"","overlay-opacity":"","overlay-gradient":""},"tablet":{"background-color":"","background-image":"","background-repeat":"repeat","background-position":"center center","background-size":"auto","background-attachment":"scroll","background-type":"","background-media":"","overlay-type":"","overlay-color":"","overlay-opacity":"","overlay-gradient":""},"mobile":{"background-color":"","background-image":"","background-repeat":"repeat","background-position":"center center","background-size":"auto","background-attachment":"scroll","background-type":"","background-media":"","overlay-type":"","overlay-color":"","overlay-opacity":"","overlay-gradient":""}},"ast-content-background-meta":{"desktop":{"background-color":"var(--ast-global-color-5)","background-image":"","background-repeat":"repeat","background-position":"center center","background-size":"auto","background-attachment":"scroll","background-type":"","background-media":"","overlay-type":"","overlay-color":"","overlay-opacity":"","overlay-gradient":""},"tablet":{"background-color":"var(--ast-global-color-5)","background-image":"","background-repeat":"repeat","background-position":"center center","background-size":"auto","background-attachment":"scroll","background-type":"","background-media":"","overlay-type":"","overlay-color":"","overlay-opacity":"","overlay-gradient":""},"mobile":{"background-color":"var(--ast-global-color-5)","background-image":"","background-repeat":"repeat","background-position":"center center","background-size":"auto","background-attachment":"scroll","background-type":"","background-media":"","overlay-type":"","overlay-color":"","overlay-opacity":"","overlay-gradient":""}},"footnotes":""},"categories":[154,1,235,29],"tags":[215],"class_list":["post-21117","post","type-post","status-publish","format-standard","has-post-thumbnail","hentry","category-formacio","category-general","category-formacio_ins","category-portada","tag-formacio-permanent-del-professorat"],"post_mailing_queue_ids":[],"_links":{"self":[{"href":"https:\/\/serveiseducatius.xtec.cat\/santacolomag\/wp-json\/wp\/v2\/posts\/21117","targetHints":{"allow":["GET"]}}],"collection":[{"href":"https:\/\/serveiseducatius.xtec.cat\/santacolomag\/wp-json\/wp\/v2\/posts"}],"about":[{"href":"https:\/\/serveiseducatius.xtec.cat\/santacolomag\/wp-json\/wp\/v2\/types\/post"}],"author":[{"embeddable":true,"href":"https:\/\/serveiseducatius.xtec.cat\/santacolomag\/wp-json\/wp\/v2\/users\/7"}],"replies":[{"embeddable":true,"href":"https:\/\/serveiseducatius.xtec.cat\/santacolomag\/wp-json\/wp\/v2\/comments?post=21117"}],"version-history":[{"count":2,"href":"https:\/\/serveiseducatius.xtec.cat\/santacolomag\/wp-json\/wp\/v2\/posts\/21117\/revisions"}],"predecessor-version":[{"id":21121,"href":"https:\/\/serveiseducatius.xtec.cat\/santacolomag\/wp-json\/wp\/v2\/posts\/21117\/revisions\/21121"}],"wp:featuredmedia":[{"embeddable":true,"href":"https:\/\/serveiseducatius.xtec.cat\/santacolomag\/wp-json\/wp\/v2\/media\/21120"}],"wp:attachment":[{"href":"https:\/\/serveiseducatius.xtec.cat\/santacolomag\/wp-json\/wp\/v2\/media?parent=21117"}],"wp:term":[{"taxonomy":"category","embeddable":true,"href":"https:\/\/serveiseducatius.xtec.cat\/santacolomag\/wp-json\/wp\/v2\/categories?post=21117"},{"taxonomy":"post_tag","embeddable":true,"href":"https:\/\/serveiseducatius.xtec.cat\/santacolomag\/wp-json\/wp\/v2\/tags?post=21117"}],"curies":[{"name":"wp","href":"https:\/\/api.w.org\/{rel}","templated":true}]}}