{"id":20685,"date":"2024-05-27T16:33:46","date_gmt":"2024-05-27T14:33:46","guid":{"rendered":"https:\/\/serveiseducatius.xtec.cat\/santacolomag\/?p=20685"},"modified":"2024-05-27T16:34:33","modified_gmt":"2024-05-27T14:34:33","slug":"un-pas-mes-en-la-proteccio-dels-infants-la-figura-del-delegat-da-de-proteccio","status":"publish","type":"post","link":"https:\/\/serveiseducatius.xtec.cat\/santacolomag\/portada\/un-pas-mes-en-la-proteccio-dels-infants-la-figura-del-delegat-da-de-proteccio\/","title":{"rendered":"\u201dUn pas m\u00e9s en la protecci\u00f3 dels infants: la figura del delegat\/da de protecci\u00f3\u201d"},"content":{"rendered":"<p style=\"font-weight: 400;\"><img loading=\"lazy\" decoding=\"async\" class=\"alignleft wp-image-20689\" src=\"https:\/\/serveiseducatius.xtec.cat\/santacolomag\/wp-content\/uploads\/usu1183\/2024\/05\/unicef-2-150x150.jpg\" alt=\"\" width=\"310\" height=\"310\" \/>La Llei Org\u00e0nica 08\/2021 de Protecci\u00f3 Integral a la Inf\u00e0ncia i l\u2019Adolesc\u00e8ncia (LOPIVI) suposa un gran aven\u00e7 que habilita eines i mecanismes per protegir millor infants i adolescents en tots els \u00e0mbits on s\u00f3n presents.<\/p>\n<p style=\"font-weight: 400;\">L\u2019esport, el lleure educatiu i les activitats extraescolars s\u00f3n espais on la normativa estableix obligacions i protocols per prevenir i actuar davant la viol\u00e8ncia. Per reflexionar sobre la implementaci\u00f3 de la LOPIVI en aquests sectors, el pr\u00f2xim\u00a0<strong>dijous 13 de juny a les 17:30h<\/strong>\u00a0us convidem a la jornada<br \/>\n<a href=\"https:\/\/forms.office.com\/Pages\/ResponsePage.aspx?id=GDoOomXXyUSxgJzrXPltV43swMYeqaRImUZB3cWLHV5UNjdNUElDR1E0UERRUEZNQVFEOU9TSjNKRC4u\" data-saferedirecturl=\"https:\/\/www.google.com\/url?q=https:\/\/forms.office.com\/Pages\/ResponsePage.aspx?id%3DGDoOomXXyUSxgJzrXPltV43swMYeqaRImUZB3cWLHV5UNjdNUElDR1E0UERRUEZNQVFEOU9TSjNKRC4u&amp;source=gmail&amp;ust=1716898377263000&amp;usg=AOvVaw25TLHO9PHZxoQhx3wgMpy2\"><strong><em>\u201dUn pas m\u00e9s en la protecci\u00f3 dels infants: la figura del delegat\/da de protecci\u00f3\u201d<\/em><\/strong><\/a><br \/>\nEn l\u2019acte, en el qual abordarem la prevenci\u00f3 de la viol\u00e8ncia contra nens, nenes i es tractaran les claus i condicions per a la implementaci\u00f3 de la figura del delegat\/da de protecci\u00f3, hi participar\u00e0 la\u00a0<strong>Maria Zapata<\/strong>, responsable de Promoci\u00f3 Escolar de la\u00a0<strong>Federaci\u00f3 Catalana d\u2019Esports d\u2019Hivern<\/strong>, l\u2019<strong>Anna Grau<\/strong>, presidenta de la comissi\u00f3 de Bon Tracte del\u00a0<strong>MCECC-Fundaci\u00f3 Pere Tarr\u00e9s<\/strong>, i la\u00a0<strong>Lid\u00f3n Gasull<\/strong>, directora d\u2019<strong>AFFAC<\/strong>.<br \/>\n<span style=\"font-family: inherit; font-size: 1em;\"><br \/>\nLa jornada es podr\u00e0 seguir de manera\u00a0<\/span><strong style=\"font-family: inherit; font-size: 1em;\">presencial<\/strong><span style=\"font-family: inherit; font-size: 1em;\">\u00a0a l\u2019Auditori de la <a href=\"https:\/\/www.google.es\/maps\/place\/Facultat+de+Comunicaci%C3%B3+i+Relacions+Internacionals+Blanquerna-URL\/@41.3832674,2.1631366,17z\/data=!3m2!4b1!5s0x12a4a2f4e698a949:0xe75435b06df30036!4m6!3m5!1s0x12a4a2f4d778d307:0x1d4d2fed110e9b26!8m2!3d41.3832634!4d2.1657115!16s%2Fg%2F1td80dt0?hl=ca&amp;entry=ttu\">Facultat de Comunicaci\u00f3 de Blanquerna<\/a> &#8211; Universitat Ramon Llull<\/span> <span style=\"font-family: inherit; font-size: 1em;\">\u00a0o en\u00a0<\/span><strong style=\"font-family: inherit; font-size: 1em;\">streaming<\/strong><span style=\"font-family: inherit; font-size: 1em;\">. \u00a0<\/span><strong><a style=\"font-family: inherit; font-size: 1em;\" href=\"https:\/\/forms.office.com\/Pages\/ResponsePage.aspx?id=GDoOomXXyUSxgJzrXPltV43swMYeqaRImUZB3cWLHV5UNjdNUElDR1E0UERRUEZNQVFEOU9TSjNKRC4u\" data-saferedirecturl=\"https:\/\/www.google.com\/url?q=https:\/\/forms.office.com\/Pages\/ResponsePage.aspx?id%3DGDoOomXXyUSxgJzrXPltV43swMYeqaRImUZB3cWLHV5UNjdNUElDR1E0UERRUEZNQVFEOU9TSjNKRC4u&amp;source=gmail&amp;ust=1716898377263000&amp;usg=AOvVaw25TLHO9PHZxoQhx3wgMpy2\">INSCRIPCI\u00d3 AQU\u00cd <\/a><\/strong><\/p>\n<p style=\"font-weight: 400;\"><strong>\u00a0<\/strong><\/p>\n","protected":false},"excerpt":{"rendered":"<p>13 de juny de 2024; de17:30 a 19:00h. en format presencial i online.<\/p>\n","protected":false},"author":7,"featured_media":20686,"comment_status":"closed","ping_status":"closed","sticky":false,"template":"","format":"standard","meta":{"_bbp_topic_count":0,"_bbp_reply_count":0,"_bbp_total_topic_count":0,"_bbp_total_reply_count":0,"_bbp_voice_count":0,"_bbp_anonymous_reply_count":0,"_bbp_topic_count_hidden":0,"_bbp_reply_count_hidden":0,"_bbp_forum_subforum_count":0,"site-sidebar-layout":"default","site-content-layout":"","ast-site-content-layout":"","site-content-style":"default","site-sidebar-style":"default","ast-global-header-display":"","ast-banner-title-visibility":"","ast-main-header-display":"","ast-hfb-above-header-display":"","ast-hfb-below-header-display":"","ast-hfb-mobile-header-display":"","site-post-title":"","ast-breadcrumbs-content":"","ast-featured-img":"","footer-sml-layout":"","theme-transparent-header-meta":"","adv-header-id-meta":"","stick-header-meta":"","header-above-stick-meta":"","header-main-stick-meta":"","header-below-stick-meta":"","astra-migrate-meta-layouts":"default","ast-page-background-enabled":"default","ast-page-background-meta":{"desktop":{"background-color":"var(--ast-global-color-4)","background-image":"","background-repeat":"repeat","background-position":"center center","background-size":"auto","background-attachment":"scroll","background-type":"","background-media":"","overlay-type":"","overlay-color":"","overlay-opacity":"","overlay-gradient":""},"tablet":{"background-color":"","background-image":"","background-repeat":"repeat","background-position":"center center","background-size":"auto","background-attachment":"scroll","background-type":"","background-media":"","overlay-type":"","overlay-color":"","overlay-opacity":"","overlay-gradient":""},"mobile":{"background-color":"","background-image":"","background-repeat":"repeat","background-position":"center center","background-size":"auto","background-attachment":"scroll","background-type":"","background-media":"","overlay-type":"","overlay-color":"","overlay-opacity":"","overlay-gradient":""}},"ast-content-background-meta":{"desktop":{"background-color":"var(--ast-global-color-5)","background-image":"","background-repeat":"repeat","background-position":"center center","background-size":"auto","background-attachment":"scroll","background-type":"","background-media":"","overlay-type":"","overlay-color":"","overlay-opacity":"","overlay-gradient":""},"tablet":{"background-color":"var(--ast-global-color-5)","background-image":"","background-repeat":"repeat","background-position":"center center","background-size":"auto","background-attachment":"scroll","background-type":"","background-media":"","overlay-type":"","overlay-color":"","overlay-opacity":"","overlay-gradient":""},"mobile":{"background-color":"var(--ast-global-color-5)","background-image":"","background-repeat":"repeat","background-position":"center center","background-size":"auto","background-attachment":"scroll","background-type":"","background-media":"","overlay-type":"","overlay-color":"","overlay-opacity":"","overlay-gradient":""}},"footnotes":""},"categories":[65,526,235,29],"tags":[287,302,44],"class_list":["post-20685","post","type-post","status-publish","format-standard","has-post-thumbnail","hentry","category-crp","category-educacio-fisica","category-formacio_ins","category-portada","tag-drets","tag-jornada","tag-xerrades"],"post_mailing_queue_ids":[],"_links":{"self":[{"href":"https:\/\/serveiseducatius.xtec.cat\/santacolomag\/wp-json\/wp\/v2\/posts\/20685","targetHints":{"allow":["GET"]}}],"collection":[{"href":"https:\/\/serveiseducatius.xtec.cat\/santacolomag\/wp-json\/wp\/v2\/posts"}],"about":[{"href":"https:\/\/serveiseducatius.xtec.cat\/santacolomag\/wp-json\/wp\/v2\/types\/post"}],"author":[{"embeddable":true,"href":"https:\/\/serveiseducatius.xtec.cat\/santacolomag\/wp-json\/wp\/v2\/users\/7"}],"replies":[{"embeddable":true,"href":"https:\/\/serveiseducatius.xtec.cat\/santacolomag\/wp-json\/wp\/v2\/comments?post=20685"}],"version-history":[{"count":2,"href":"https:\/\/serveiseducatius.xtec.cat\/santacolomag\/wp-json\/wp\/v2\/posts\/20685\/revisions"}],"predecessor-version":[{"id":20690,"href":"https:\/\/serveiseducatius.xtec.cat\/santacolomag\/wp-json\/wp\/v2\/posts\/20685\/revisions\/20690"}],"wp:featuredmedia":[{"embeddable":true,"href":"https:\/\/serveiseducatius.xtec.cat\/santacolomag\/wp-json\/wp\/v2\/media\/20686"}],"wp:attachment":[{"href":"https:\/\/serveiseducatius.xtec.cat\/santacolomag\/wp-json\/wp\/v2\/media?parent=20685"}],"wp:term":[{"taxonomy":"category","embeddable":true,"href":"https:\/\/serveiseducatius.xtec.cat\/santacolomag\/wp-json\/wp\/v2\/categories?post=20685"},{"taxonomy":"post_tag","embeddable":true,"href":"https:\/\/serveiseducatius.xtec.cat\/santacolomag\/wp-json\/wp\/v2\/tags?post=20685"}],"curies":[{"name":"wp","href":"https:\/\/api.w.org\/{rel}","templated":true}]}}