{"id":20680,"date":"2024-05-27T13:06:18","date_gmt":"2024-05-27T11:06:18","guid":{"rendered":"https:\/\/serveiseducatius.xtec.cat\/santacolomag\/?p=20680"},"modified":"2024-05-27T13:12:24","modified_gmt":"2024-05-27T11:12:24","slug":"x-congres-de-ciencia-deducacio-infantil-i-primaria-de-santa-coloma-de-gramenet","status":"publish","type":"post","link":"https:\/\/serveiseducatius.xtec.cat\/santacolomag\/portada\/x-congres-de-ciencia-deducacio-infantil-i-primaria-de-santa-coloma-de-gramenet\/","title":{"rendered":"X Congr\u00e9s de ci\u00e8ncia d&#8217;educaci\u00f3 infantil i prim\u00e0ria de Santa Coloma de Gramenet"},"content":{"rendered":"<p><img loading=\"lazy\" decoding=\"async\" class=\"alignleft\" src=\"https:\/\/ci6.googleusercontent.com\/proxy\/S76Kd5jNmTJ65xia4tbWhRq9iU8AF5X2N5dRyVZ3XOAwW7F0iZPCWaqgFgmaLInoG4xN7HHcrlWsTW7wpHracHy5lWaaXHBgko-lvNsPknoMhPf5g6f-wZVGRj8M07xCcRQ0O0xEIOtzbJfk=s0-d-e1-ft#http:\/\/serveiseducatius.xtec.cat\/santacolomag\/wp-content\/uploads\/usu1183\/2014\/09\/brot.jpg\" alt=\"\" width=\"314\" height=\"235\" \/><span style=\"font-size: 12pt;\"><br \/>\nL&#8217;alumnat i el professorat de les escoles participants de Santa Coloma de Gramenet comuniquen i comparteixen<a href=\"https:\/\/drive.google.com\/file\/d\/1YYga7hT7utMwN5a9cpiqm813ExP9To52\/view\"><strong><span style=\"color: #008080;\"> indagacions cient\u00edfiques<\/span><\/strong><\/a> que han dut a terme durant el curs 2023-2024<strong>.<\/strong><\/span><\/p>\n<p><span style=\"color: #008000;\"><strong>Escoles participants:<\/strong><\/span><br \/>\n<span style=\"font-size: 10pt;\">ESCOLA JAUME SALVATELLA ; ESCOLA SANTA COLOMA; <\/span><span style=\"font-size: 10pt;\">COL\u00b7LEGI LES NEUS; COL\u00b7LEGI SINGUERL\u00cdN; <\/span><span style=\"font-size: 10pt;\">ESCOLA MIGUEL UNAMUNO; ESCOLA TANIT; <\/span><span style=\"font-size: 10pt;\">ESCOLA ROSSELL\u00d3 P\u00d2RCEL<br \/>\n<strong><span style=\"color: #008000;\"><a style=\"color: #008000;\" href=\"https:\/\/drive.google.com\/file\/d\/1m4Kpzm9Diiyc4Zb1V8dXeq364bO3Y8Dj\/view?usp=drive_link\"><span style=\"font-size: 12pt;\">Articles sobre les pon\u00e8ncies presentades<\/span><\/a><\/span><\/strong><\/span><\/p>\n<p><strong>Dimecres 29 de maig i 5 de juny a la <\/strong><a href=\"https:\/\/bibliotecavirtual.diba.cat\/santa-coloma-de-gramenet-biblioteca-singuerlin-salvador-cabre\" target=\"_blank\" rel=\"noopener\" data-saferedirecturl=\"https:\/\/www.google.com\/url?q=https:\/\/bibliotecavirtual.diba.cat\/santa-coloma-de-gramenet-biblioteca-singuerlin-salvador-cabre&amp;source=gmail&amp;ust=1716883046798000&amp;usg=AOvVaw17XJtlYHnitmjhtZJm8nCX\">Biblioteca Singuerl\u00edn Salvador-Cabr\u00e9<\/a><\/p>\n<p>&nbsp;<\/p>\n","protected":false},"excerpt":{"rendered":"<p>29 de maig i 5 de juny. L&#8217;alumnat de les escoles participants de Santa Coloma de Gramenet comuniquen les indagacions cient\u00edfiques que han dut a terme durant el curs 2023-2024. <\/p>\n","protected":false},"author":7,"featured_media":19346,"comment_status":"closed","ping_status":"closed","sticky":false,"template":"","format":"standard","meta":{"_bbp_topic_count":0,"_bbp_reply_count":0,"_bbp_total_topic_count":0,"_bbp_total_reply_count":0,"_bbp_voice_count":0,"_bbp_anonymous_reply_count":0,"_bbp_topic_count_hidden":0,"_bbp_reply_count_hidden":0,"_bbp_forum_subforum_count":0,"site-sidebar-layout":"default","site-content-layout":"","ast-site-content-layout":"","site-content-style":"default","site-sidebar-style":"default","ast-global-header-display":"","ast-banner-title-visibility":"","ast-main-header-display":"","ast-hfb-above-header-display":"","ast-hfb-below-header-display":"","ast-hfb-mobile-header-display":"","site-post-title":"","ast-breadcrumbs-content":"","ast-featured-img":"","footer-sml-layout":"","theme-transparent-header-meta":"","adv-header-id-meta":"","stick-header-meta":"","header-above-stick-meta":"","header-main-stick-meta":"","header-below-stick-meta":"","astra-migrate-meta-layouts":"default","ast-page-background-enabled":"default","ast-page-background-meta":{"desktop":{"background-color":"var(--ast-global-color-4)","background-image":"","background-repeat":"repeat","background-position":"center center","background-size":"auto","background-attachment":"scroll","background-type":"","background-media":"","overlay-type":"","overlay-color":"","overlay-opacity":"","overlay-gradient":""},"tablet":{"background-color":"","background-image":"","background-repeat":"repeat","background-position":"center center","background-size":"auto","background-attachment":"scroll","background-type":"","background-media":"","overlay-type":"","overlay-color":"","overlay-opacity":"","overlay-gradient":""},"mobile":{"background-color":"","background-image":"","background-repeat":"repeat","background-position":"center center","background-size":"auto","background-attachment":"scroll","background-type":"","background-media":"","overlay-type":"","overlay-color":"","overlay-opacity":"","overlay-gradient":""}},"ast-content-background-meta":{"desktop":{"background-color":"var(--ast-global-color-5)","background-image":"","background-repeat":"repeat","background-position":"center center","background-size":"auto","background-attachment":"scroll","background-type":"","background-media":"","overlay-type":"","overlay-color":"","overlay-opacity":"","overlay-gradient":""},"tablet":{"background-color":"var(--ast-global-color-5)","background-image":"","background-repeat":"repeat","background-position":"center center","background-size":"auto","background-attachment":"scroll","background-type":"","background-media":"","overlay-type":"","overlay-color":"","overlay-opacity":"","overlay-gradient":""},"mobile":{"background-color":"var(--ast-global-color-5)","background-image":"","background-repeat":"repeat","background-position":"center center","background-size":"auto","background-attachment":"scroll","background-type":"","background-media":"","overlay-type":"","overlay-color":"","overlay-opacity":"","overlay-gradient":""}},"footnotes":""},"categories":[364,594,65,365,29,290],"tags":[86,302,283],"class_list":["post-20680","post","type-post","status-publish","format-standard","has-post-thumbnail","hentry","category-competencia-comunicativa","category-congres-de-ciencia","category-crp","category-experiencies-de-centre","category-portada","category-recerca-cientifica","tag-ciencies","tag-jornada","tag-projectes"],"post_mailing_queue_ids":[],"_links":{"self":[{"href":"https:\/\/serveiseducatius.xtec.cat\/santacolomag\/wp-json\/wp\/v2\/posts\/20680","targetHints":{"allow":["GET"]}}],"collection":[{"href":"https:\/\/serveiseducatius.xtec.cat\/santacolomag\/wp-json\/wp\/v2\/posts"}],"about":[{"href":"https:\/\/serveiseducatius.xtec.cat\/santacolomag\/wp-json\/wp\/v2\/types\/post"}],"author":[{"embeddable":true,"href":"https:\/\/serveiseducatius.xtec.cat\/santacolomag\/wp-json\/wp\/v2\/users\/7"}],"replies":[{"embeddable":true,"href":"https:\/\/serveiseducatius.xtec.cat\/santacolomag\/wp-json\/wp\/v2\/comments?post=20680"}],"version-history":[{"count":4,"href":"https:\/\/serveiseducatius.xtec.cat\/santacolomag\/wp-json\/wp\/v2\/posts\/20680\/revisions"}],"predecessor-version":[{"id":20684,"href":"https:\/\/serveiseducatius.xtec.cat\/santacolomag\/wp-json\/wp\/v2\/posts\/20680\/revisions\/20684"}],"wp:featuredmedia":[{"embeddable":true,"href":"https:\/\/serveiseducatius.xtec.cat\/santacolomag\/wp-json\/wp\/v2\/media\/19346"}],"wp:attachment":[{"href":"https:\/\/serveiseducatius.xtec.cat\/santacolomag\/wp-json\/wp\/v2\/media?parent=20680"}],"wp:term":[{"taxonomy":"category","embeddable":true,"href":"https:\/\/serveiseducatius.xtec.cat\/santacolomag\/wp-json\/wp\/v2\/categories?post=20680"},{"taxonomy":"post_tag","embeddable":true,"href":"https:\/\/serveiseducatius.xtec.cat\/santacolomag\/wp-json\/wp\/v2\/tags?post=20680"}],"curies":[{"name":"wp","href":"https:\/\/api.w.org\/{rel}","templated":true}]}}