{"id":20242,"date":"2024-02-13T13:52:07","date_gmt":"2024-02-13T12:52:07","guid":{"rendered":"https:\/\/serveiseducatius.xtec.cat\/santacolomag\/?p=20242"},"modified":"2024-02-13T14:09:15","modified_gmt":"2024-02-13T13:09:15","slug":"webinars-building-speaking-for-teaching-and-learning","status":"publish","type":"post","link":"https:\/\/serveiseducatius.xtec.cat\/santacolomag\/portada\/webinars-building-speaking-for-teaching-and-learning\/","title":{"rendered":"Webinars: Building Speaking for Teaching and Learning"},"content":{"rendered":"<p><span style=\"font-family: arial, helvetica, geneva; font-size: 12pt;\"><img loading=\"lazy\" decoding=\"async\" class=\"alignleft size-full wp-image-18945\" src=\"https:\/\/serveiseducatius.xtec.cat\/santacolomag\/wp-content\/uploads\/usu1183\/2023\/02\/baixa-1.jpg\" alt=\"\" width=\"203\" height=\"248\" \/><strong>Building Speaking for Teaching and Learning<\/strong><\/span><\/p>\n<p><span style=\"font-family: arial, helvetica, geneva; font-size: 12pt;\"><strong>Cicle de 2 webinars<\/strong> sobre les compet\u00e8ncies comunicativa oral<br \/>\nEls webinars s&#8217;oferiran \u00edntegrament en llengua anglesa i s&#8217;adre\u00e7a a professorat de prim\u00e0ria i secund\u00e0ria<br \/>\n<\/span><\/p>\n<p><strong>Objectius<span style=\"font-family: arial, helvetica, sans-serif; font-size: 12pt;\">:<br \/>\n<\/span><\/strong><span style=\"font-family: arial, helvetica, sans-serif; font-size: 12pt;\">&#8211; Ampliar el repertori d&#8217;estrat\u00e8gies per al treball d&#8217;expressi\u00f3 oral en llengua anglesa<br \/>\n<\/span><span style=\"font-family: arial, helvetica, sans-serif; font-size: 12pt;\">&#8211; Enriquir el coneixement de l&#8217;angl\u00e8s com a llengua d&#8217;ensenyament aprenentatge<\/span><\/p>\n<p>&nbsp;<\/p>\n<p>&nbsp;<\/p>\n<p>Webinar 1: <em><span style=\"font-family: arial, sans-serif;\"><strong>Oldies for Newbies &amp; Vets: Communicative Activities from the Past that are still Innovative Today<br \/>\n<\/strong><\/span><\/em><span style=\"font-family: arial, sans-serif; font-size: 1em;\">A c\u00e0rrec d&#8217;<a href=\"https:\/\/www.urv.cat\/html\/docencia-per-centre\/docencia-I26944.php\">Edward Lockhart<\/a><br \/>\n<\/span><span style=\"font-family: arial, sans-serif;\"><strong>Dimecres<\/strong>, 13 de mar\u00e7 de 2024<br \/>\n<span style=\"font-family: arial, sans-serif; font-size: 1em;\"><strong>Horari:<\/strong> de 17.30 h a 19.30 h<\/span><br \/>\n<\/span><\/p>\n<p dir=\"ltr\"><span style=\"font-family: arial, sans-serif;\">Webinar 2:<em> S<strong>tories: your best teaching tools<br \/>\n<\/strong><\/em><\/span><span style=\"font-family: arial, sans-serif;\">A c\u00e0rrec de <a href=\"https:\/\/es.linkedin.com\/in\/jamie-keddie-20a98b2b\">Jamie Keddie<\/a><br \/>\n<\/span><span style=\"font-family: arial, sans-serif; font-size: 1em;\"><strong>Dimecres,<\/strong> 3 d\u2019abril de 2024<br \/>\n<strong>Horari:<\/strong> de 17.30 h a 19.30 h<br \/>\n<\/span><\/p>\n<p dir=\"ltr\"><span style=\"font-family: arial, sans-serif; font-size: 1em;\"><strong style=\"font-family: inherit; font-size: 1em;\">Certificaci\u00f3<\/strong><span style=\"font-family: inherit; font-size: 1em;\"> 5h.<br \/>\n<strong>Format virtual<\/strong><\/span><br \/>\n<\/span><\/p>\n<p><span style=\"font-family: arial, sans-serif;\"><span id=\"m_3074971582351991963gmail-docs-internal-guid-ce0c391f-7fff-b550-0be2-f35890251ee4\"><img loading=\"lazy\" decoding=\"async\" class=\"an1 alignleft\" src=\"https:\/\/fonts.gstatic.com\/s\/e\/notoemoji\/15.0\/1f449\/72.png\" alt=\"\ud83d\udc49\" width=\"40\" height=\"40\" data-emoji=\"\ud83d\udc49\" aria-label=\"\ud83d\udc49\" \/><strong><br \/>\nM\u00e9s informaci\u00f3 i inscripci\u00f3<\/strong> fins al \u00a028\/02\/2024<span style=\"font-size: 14pt;\"> <a href=\"https:\/\/aplicacions.gestioeducativa.gencat.cat\/pls\/soloas\/inscripcionsnp?codi=2002060502&amp;curs=2023-2024\" target=\"_blank\" rel=\"noopener\" data-saferedirecturl=\"https:\/\/www.google.com\/url?q=https:\/\/aplicacions.gestioeducativa.gencat.cat\/pls\/soloas\/inscripcionsnp?codi%3D2002060502%26curs%3D2023-2024&amp;source=gmail&amp;ust=1707899627836000&amp;usg=AOvVaw2-oZ0vSVi8xevfQmfsTz5Q\">aqu\u00ed<\/a><\/span><\/span><span style=\"font-size: 14pt;\">\u00a0\u00a0<\/span><\/span><\/p>\n","protected":false},"excerpt":{"rendered":"<p>Cicle de 2 webinars en llengua anglesa per ampliar el repertori d&#8217;estrat\u00e8gies per al treball d&#8217;expressi\u00f3 oral en llengua anglesa. S&#8217;adre\u00e7a a professorat de prim\u00e0ria i secund\u00e0ria. inscripci\u00f3 fins al\u00a028\/02\/2024<\/p>\n","protected":false},"author":7,"featured_media":20246,"comment_status":"closed","ping_status":"closed","sticky":false,"template":"","format":"standard","meta":{"_bbp_topic_count":0,"_bbp_reply_count":0,"_bbp_total_topic_count":0,"_bbp_total_reply_count":0,"_bbp_voice_count":0,"_bbp_anonymous_reply_count":0,"_bbp_topic_count_hidden":0,"_bbp_reply_count_hidden":0,"_bbp_forum_subforum_count":0,"site-sidebar-layout":"default","site-content-layout":"","ast-site-content-layout":"","site-content-style":"default","site-sidebar-style":"default","ast-global-header-display":"","ast-banner-title-visibility":"","ast-main-header-display":"","ast-hfb-above-header-display":"","ast-hfb-below-header-display":"","ast-hfb-mobile-header-display":"","site-post-title":"","ast-breadcrumbs-content":"","ast-featured-img":"","footer-sml-layout":"","theme-transparent-header-meta":"","adv-header-id-meta":"","stick-header-meta":"","header-above-stick-meta":"","header-main-stick-meta":"","header-below-stick-meta":"","astra-migrate-meta-layouts":"default","ast-page-background-enabled":"default","ast-page-background-meta":{"desktop":{"background-color":"var(--ast-global-color-4)","background-image":"","background-repeat":"repeat","background-position":"center center","background-size":"auto","background-attachment":"scroll","background-type":"","background-media":"","overlay-type":"","overlay-color":"","overlay-opacity":"","overlay-gradient":""},"tablet":{"background-color":"","background-image":"","background-repeat":"repeat","background-position":"center center","background-size":"auto","background-attachment":"scroll","background-type":"","background-media":"","overlay-type":"","overlay-color":"","overlay-opacity":"","overlay-gradient":""},"mobile":{"background-color":"","background-image":"","background-repeat":"repeat","background-position":"center center","background-size":"auto","background-attachment":"scroll","background-type":"","background-media":"","overlay-type":"","overlay-color":"","overlay-opacity":"","overlay-gradient":""}},"ast-content-background-meta":{"desktop":{"background-color":"var(--ast-global-color-5)","background-image":"","background-repeat":"repeat","background-position":"center center","background-size":"auto","background-attachment":"scroll","background-type":"","background-media":"","overlay-type":"","overlay-color":"","overlay-opacity":"","overlay-gradient":""},"tablet":{"background-color":"var(--ast-global-color-5)","background-image":"","background-repeat":"repeat","background-position":"center center","background-size":"auto","background-attachment":"scroll","background-type":"","background-media":"","overlay-type":"","overlay-color":"","overlay-opacity":"","overlay-gradient":""},"mobile":{"background-color":"var(--ast-global-color-5)","background-image":"","background-repeat":"repeat","background-position":"center center","background-size":"auto","background-attachment":"scroll","background-type":"","background-media":"","overlay-type":"","overlay-color":"","overlay-opacity":"","overlay-gradient":""}},"footnotes":""},"categories":[65,69,154,310,29],"tags":[517,226,304,44],"class_list":["post-20242","post","type-post","status-publish","format-standard","has-post-thumbnail","hentry","category-crp","category-english-day","category-formacio","category-llengues-estrangeres","category-portada","tag-comunicacio-oral","tag-formacio","tag-llengua-anglesa","tag-xerrades"],"post_mailing_queue_ids":[],"_links":{"self":[{"href":"https:\/\/serveiseducatius.xtec.cat\/santacolomag\/wp-json\/wp\/v2\/posts\/20242","targetHints":{"allow":["GET"]}}],"collection":[{"href":"https:\/\/serveiseducatius.xtec.cat\/santacolomag\/wp-json\/wp\/v2\/posts"}],"about":[{"href":"https:\/\/serveiseducatius.xtec.cat\/santacolomag\/wp-json\/wp\/v2\/types\/post"}],"author":[{"embeddable":true,"href":"https:\/\/serveiseducatius.xtec.cat\/santacolomag\/wp-json\/wp\/v2\/users\/7"}],"replies":[{"embeddable":true,"href":"https:\/\/serveiseducatius.xtec.cat\/santacolomag\/wp-json\/wp\/v2\/comments?post=20242"}],"version-history":[{"count":6,"href":"https:\/\/serveiseducatius.xtec.cat\/santacolomag\/wp-json\/wp\/v2\/posts\/20242\/revisions"}],"predecessor-version":[{"id":20249,"href":"https:\/\/serveiseducatius.xtec.cat\/santacolomag\/wp-json\/wp\/v2\/posts\/20242\/revisions\/20249"}],"wp:featuredmedia":[{"embeddable":true,"href":"https:\/\/serveiseducatius.xtec.cat\/santacolomag\/wp-json\/wp\/v2\/media\/20246"}],"wp:attachment":[{"href":"https:\/\/serveiseducatius.xtec.cat\/santacolomag\/wp-json\/wp\/v2\/media?parent=20242"}],"wp:term":[{"taxonomy":"category","embeddable":true,"href":"https:\/\/serveiseducatius.xtec.cat\/santacolomag\/wp-json\/wp\/v2\/categories?post=20242"},{"taxonomy":"post_tag","embeddable":true,"href":"https:\/\/serveiseducatius.xtec.cat\/santacolomag\/wp-json\/wp\/v2\/tags?post=20242"}],"curies":[{"name":"wp","href":"https:\/\/api.w.org\/{rel}","templated":true}]}}