{"id":20174,"date":"2024-02-05T10:51:13","date_gmt":"2024-02-05T09:51:13","guid":{"rendered":"https:\/\/serveiseducatius.xtec.cat\/santacolomag\/?p=20174"},"modified":"2024-02-05T10:52:31","modified_gmt":"2024-02-05T09:52:31","slug":"destaquem-a-santa-coloma-exposicio-dones-de-ciencia-i-cicle-destudis-de-ciencies-socials","status":"publish","type":"post","link":"https:\/\/serveiseducatius.xtec.cat\/santacolomag\/portada\/destaquem-a-santa-coloma-exposicio-dones-de-ciencia-i-cicle-destudis-de-ciencies-socials\/","title":{"rendered":"Destaquem a Santa Coloma: exposici\u00f3 &#8220;Dones de ci\u00e8ncia&#8221; i &#8220;Cicle d&#8217;estudis de ci\u00e8ncies socials&#8221;"},"content":{"rendered":"<p><img loading=\"lazy\" decoding=\"async\" class=\"alignleft wp-image-20175\" src=\"https:\/\/serveiseducatius.xtec.cat\/santacolomag\/wp-content\/uploads\/usu1183\/2024\/02\/dones-300x180.jpg\" alt=\"\" width=\"347\" height=\"208\" \/>Exposici\u00f3<span style=\"font-size: 14pt; font-weight: bold;\">\u00a0&#8216;Dones de Ci\u00e8ncia&#8217;<\/span><\/p>\n<div>\n<div>\n<p>Quines dones han fet hist\u00f2ria en el m\u00f3n de la ci\u00e8ncia? El programa Santa Coloma Ciutat Universit\u00e0ria, conjuntament amb La CIBA, exposen\u00a0<strong>fins al 13 de febrer<\/strong>\u00a0la mostra \u201cDones de ci\u00e8ncia\u201d, elaborada per l&#8217;Institut Catal\u00e0 de les Dones (ICD). Aquesta exposici\u00f3 la podem trobar a la sala polivalent de l\u2019edifici de La CIBA (pg. de Lloren\u00e7 Serra, 64).<\/p>\n<p>L&#8217;exposici\u00f3 destaca les figures destacades al m\u00f3n de la ci\u00e8ncia, en femen\u00ed, per tal d&#8217;homenatjar les aportacions que han fet les dones cient\u00edfiques i t\u00e8cniques al llarg de la hist\u00f2ria.<\/p>\n<\/div>\n<\/div>\n<p>&#8212;&#8212;&#8212;&#8212;&#8211;<\/p>\n<p>Cicle <strong>\u00abDia d\u2019Estudi de les Ci\u00e8ncies Socials\u00bb<\/strong>, amb l&#8217;objectiu de facilitar la divulgaci\u00f3 de treballs, estudis i an\u00e0lisis sobre la hist\u00f2ria, la pol\u00edtica, la cultura i el pensament relacionats directament amb la ciutat.<\/p>\n<p>Es tracta, en el seu conjunt, de cinc sessions amb un eix com\u00fa que s&#8217;aborda des de\u00a0 diferents prismes i que, enguany, est\u00e1 dedicat a com els escriptors i les escriptores relacionats amb Santa Coloma han reflectit les transformacions de la ciutat.<\/p>\n<p>Les confer\u00e8ncies, que comen\u00e7aran a les 17.30 h, s\u00f3n les seg\u00fcents:<\/p>\n<ul>\n<li>7 de febrer.<strong>\u00a0Josep M. de Sagarra. Inf\u00e0ncia i records de Santa Coloma, evocaci\u00f3 del parad\u00eds perdut.\u00a0<\/strong>A c\u00e0rrec d&#8217;Agustina Rico. Museu Torre Balldovina.<\/li>\n<li>19 de febrer.\u00a0<strong>Josep M. de Sagarra, Josep Sol i M\u00e0rius Sampere. Mem\u00f2ria sentimental d&#8217;una ciutat.\u00a0<\/strong>A c\u00e0rrec de Jordi Valls. Centre C\u00edvic Can Mariner.<\/li>\n<li>4 de mar\u00e7.\u00a0<strong>Josep Sol, el conflicte dels canvis, L&#8217;ofec d&#8217;un m\u00f3n rural moribund. L&#8217;adveniment de la modernitat.\u00a0<\/strong>A<strong>\u00a0<\/strong>c\u00e0rrec de Jacint Torrents. Centre C\u00edvic Can Mariner.<\/li>\n<li>20 de mar\u00e7.\u00a0<strong>M\u00e0rius Sampere, del caos a la creaci\u00f3. Santa Coloma ciutat de nouvinguts i nouvingudes.\u00a0<\/strong>A c\u00e0rrec de Carles Duarte. Museu Torre Balldovina.<\/li>\n<li>5 d&#8217;abril.\u00a0<strong>Una mirada de la ciutat a trav\u00e9s de les novel\u00b7les de ficci\u00f3.<\/strong>\u00a0A c\u00e0rrec de Chelo Arroyo. Centre d\u2019Art Contemporani Can Sister\u00e9.Us podeu inscriure mitjan\u00e7ant aquest<strong>\u00a0<a href=\"http:\/\/www.gramenet.cat\/index.php?id=27029\" target=\"_blank\" rel=\"noopener\" data-saferedirecturl=\"https:\/\/www.google.com\/url?q=http:\/\/www.gramenet.cat\/index.php?id%3D27029&amp;source=gmail&amp;ust=1707212263622000&amp;usg=AOvVaw2-a7_B-rsVGJmOEZstYrHu\">formulari<\/a>.<\/strong><\/li>\n<\/ul>\n","protected":false},"excerpt":{"rendered":"<p>Activitats organitzades a partir del mes de febrer en el marc del programa \u00abSanta Coloma Ciutat Universit\u00e0ria\u00bb. Exposici\u00f3 a La Ciba i cicle de confer\u00e8ncies al museu Torre Balldovina.<\/p>\n","protected":false},"author":7,"featured_media":20175,"comment_status":"closed","ping_status":"closed","sticky":false,"template":"","format":"standard","meta":{"_bbp_topic_count":0,"_bbp_reply_count":0,"_bbp_total_topic_count":0,"_bbp_total_reply_count":0,"_bbp_voice_count":0,"_bbp_anonymous_reply_count":0,"_bbp_topic_count_hidden":0,"_bbp_reply_count_hidden":0,"_bbp_forum_subforum_count":0,"site-sidebar-layout":"default","site-content-layout":"","ast-site-content-layout":"","site-content-style":"default","site-sidebar-style":"default","ast-global-header-display":"","ast-banner-title-visibility":"","ast-main-header-display":"","ast-hfb-above-header-display":"","ast-hfb-below-header-display":"","ast-hfb-mobile-header-display":"","site-post-title":"","ast-breadcrumbs-content":"","ast-featured-img":"","footer-sml-layout":"","theme-transparent-header-meta":"","adv-header-id-meta":"","stick-header-meta":"","header-above-stick-meta":"","header-main-stick-meta":"","header-below-stick-meta":"","astra-migrate-meta-layouts":"default","ast-page-background-enabled":"default","ast-page-background-meta":{"desktop":{"background-color":"var(--ast-global-color-4)","background-image":"","background-repeat":"repeat","background-position":"center center","background-size":"auto","background-attachment":"scroll","background-type":"","background-media":"","overlay-type":"","overlay-color":"","overlay-opacity":"","overlay-gradient":""},"tablet":{"background-color":"","background-image":"","background-repeat":"repeat","background-position":"center center","background-size":"auto","background-attachment":"scroll","background-type":"","background-media":"","overlay-type":"","overlay-color":"","overlay-opacity":"","overlay-gradient":""},"mobile":{"background-color":"","background-image":"","background-repeat":"repeat","background-position":"center center","background-size":"auto","background-attachment":"scroll","background-type":"","background-media":"","overlay-type":"","overlay-color":"","overlay-opacity":"","overlay-gradient":""}},"ast-content-background-meta":{"desktop":{"background-color":"var(--ast-global-color-5)","background-image":"","background-repeat":"repeat","background-position":"center center","background-size":"auto","background-attachment":"scroll","background-type":"","background-media":"","overlay-type":"","overlay-color":"","overlay-opacity":"","overlay-gradient":""},"tablet":{"background-color":"var(--ast-global-color-5)","background-image":"","background-repeat":"repeat","background-position":"center center","background-size":"auto","background-attachment":"scroll","background-type":"","background-media":"","overlay-type":"","overlay-color":"","overlay-opacity":"","overlay-gradient":""},"mobile":{"background-color":"var(--ast-global-color-5)","background-image":"","background-repeat":"repeat","background-position":"center center","background-size":"auto","background-attachment":"scroll","background-type":"","background-media":"","overlay-type":"","overlay-color":"","overlay-opacity":"","overlay-gradient":""}},"footnotes":""},"categories":[64,450,65,251,235,29],"tags":[86,437,44],"class_list":["post-20174","post","type-post","status-publish","format-standard","has-post-thumbnail","hentry","category-comunitat","category-coneixer-santa-coloma","category-crp","category-dinamica-educativa-sant-vicenc-dels-horts","category-formacio_ins","category-portada","tag-ciencies","tag-coneixer-santa-coloma","tag-xerrades"],"post_mailing_queue_ids":[],"_links":{"self":[{"href":"https:\/\/serveiseducatius.xtec.cat\/santacolomag\/wp-json\/wp\/v2\/posts\/20174","targetHints":{"allow":["GET"]}}],"collection":[{"href":"https:\/\/serveiseducatius.xtec.cat\/santacolomag\/wp-json\/wp\/v2\/posts"}],"about":[{"href":"https:\/\/serveiseducatius.xtec.cat\/santacolomag\/wp-json\/wp\/v2\/types\/post"}],"author":[{"embeddable":true,"href":"https:\/\/serveiseducatius.xtec.cat\/santacolomag\/wp-json\/wp\/v2\/users\/7"}],"replies":[{"embeddable":true,"href":"https:\/\/serveiseducatius.xtec.cat\/santacolomag\/wp-json\/wp\/v2\/comments?post=20174"}],"version-history":[{"count":2,"href":"https:\/\/serveiseducatius.xtec.cat\/santacolomag\/wp-json\/wp\/v2\/posts\/20174\/revisions"}],"predecessor-version":[{"id":20177,"href":"https:\/\/serveiseducatius.xtec.cat\/santacolomag\/wp-json\/wp\/v2\/posts\/20174\/revisions\/20177"}],"wp:featuredmedia":[{"embeddable":true,"href":"https:\/\/serveiseducatius.xtec.cat\/santacolomag\/wp-json\/wp\/v2\/media\/20175"}],"wp:attachment":[{"href":"https:\/\/serveiseducatius.xtec.cat\/santacolomag\/wp-json\/wp\/v2\/media?parent=20174"}],"wp:term":[{"taxonomy":"category","embeddable":true,"href":"https:\/\/serveiseducatius.xtec.cat\/santacolomag\/wp-json\/wp\/v2\/categories?post=20174"},{"taxonomy":"post_tag","embeddable":true,"href":"https:\/\/serveiseducatius.xtec.cat\/santacolomag\/wp-json\/wp\/v2\/tags?post=20174"}],"curies":[{"name":"wp","href":"https:\/\/api.w.org\/{rel}","templated":true}]}}