{"id":20103,"date":"2024-01-18T16:29:15","date_gmt":"2024-01-18T15:29:15","guid":{"rendered":"https:\/\/serveiseducatius.xtec.cat\/santacolomag\/?p=20103"},"modified":"2024-01-18T16:45:11","modified_gmt":"2024-01-18T15:45:11","slug":"formacions-en-dua","status":"publish","type":"post","link":"https:\/\/serveiseducatius.xtec.cat\/santacolomag\/general\/formacions-en-dua\/","title":{"rendered":"Formacions en DUA"},"content":{"rendered":"<p><img loading=\"lazy\" decoding=\"async\" class=\"alignleft wp-image-20105\" src=\"https:\/\/serveiseducatius.xtec.cat\/santacolomag\/wp-content\/uploads\/usu1183\/2024\/01\/dua-300x138.png\" alt=\"\" width=\"283\" height=\"130\" \/>El Departament d&#8217;Educaci\u00f3 ofereix aquest trimestre per a tot el professorat \u00a0l&#8217;oferta formativa en\u00a0<b>Disseny Universal per a l&#8217;Aprenentatge <\/b>que t\u00e9 per objectiu proporcionar elements introductoris a DUA per al desenvolupament professional, per mitj\u00e0 d&#8217;experi\u00e8ncies d&#8217;aprenentatge que afavoreixin els primers passos per a la implementaci\u00f3 de la DUA i d&#8217;altres elements rellevants per a l&#8217;Educaci\u00f3 Inclusiva.<\/p>\n<p>\u00c9s un\u00a0 programa formatiu que acredita\u00a0<b>perfil de Diversitat<\/b>, amb un total de\u00a0<b>60 hores\u00a0<\/b>repartides en tres nivells (b\u00e0sic, intermedi i avan\u00e7at) de\u00a0<b>20h<\/b>\u00a0cadasc\u00fa, que cal assolir per accedir al nivell superior.<\/p>\n<p>S&#8217;ofereix en<b>\u00a0format telem\u00e0tic i sessions s\u00edncrones.<br \/>\n<\/b><\/p>\n<p><a href=\"https:\/\/xtec.gencat.cat\/ca\/formacio\/formaciogeneralprofessorat\/atencio_diversitat_inclusio\/suport-inclusio\/\"><strong>Accedeix aqu\u00ed a l&#8217;oferta formativa de cada nivell<\/strong><\/a><strong> (a la pestanya DUA)<\/strong><\/p>\n","protected":false},"excerpt":{"rendered":"<p>Oferta formativa del Departament d&#8217;Educaci\u00f3 per a professorat en DUA. Format telem\u00e0tic i sessions s\u00edncrones. Inscripci\u00f3 oberta<\/p>\n","protected":false},"author":7,"featured_media":20105,"comment_status":"closed","ping_status":"closed","sticky":false,"template":"","format":"standard","meta":{"_bbp_topic_count":0,"_bbp_reply_count":0,"_bbp_total_topic_count":0,"_bbp_total_reply_count":0,"_bbp_voice_count":0,"_bbp_anonymous_reply_count":0,"_bbp_topic_count_hidden":0,"_bbp_reply_count_hidden":0,"_bbp_forum_subforum_count":0,"site-sidebar-layout":"default","site-content-layout":"","ast-site-content-layout":"","site-content-style":"default","site-sidebar-style":"default","ast-global-header-display":"","ast-banner-title-visibility":"","ast-main-header-display":"","ast-hfb-above-header-display":"","ast-hfb-below-header-display":"","ast-hfb-mobile-header-display":"","site-post-title":"","ast-breadcrumbs-content":"","ast-featured-img":"","footer-sml-layout":"","theme-transparent-header-meta":"","adv-header-id-meta":"","stick-header-meta":"","header-above-stick-meta":"","header-main-stick-meta":"","header-below-stick-meta":"","astra-migrate-meta-layouts":"default","ast-page-background-enabled":"default","ast-page-background-meta":{"desktop":{"background-color":"var(--ast-global-color-4)","background-image":"","background-repeat":"repeat","background-position":"center center","background-size":"auto","background-attachment":"scroll","background-type":"","background-media":"","overlay-type":"","overlay-color":"","overlay-opacity":"","overlay-gradient":""},"tablet":{"background-color":"","background-image":"","background-repeat":"repeat","background-position":"center center","background-size":"auto","background-attachment":"scroll","background-type":"","background-media":"","overlay-type":"","overlay-color":"","overlay-opacity":"","overlay-gradient":""},"mobile":{"background-color":"","background-image":"","background-repeat":"repeat","background-position":"center center","background-size":"auto","background-attachment":"scroll","background-type":"","background-media":"","overlay-type":"","overlay-color":"","overlay-opacity":"","overlay-gradient":""}},"ast-content-background-meta":{"desktop":{"background-color":"var(--ast-global-color-5)","background-image":"","background-repeat":"repeat","background-position":"center center","background-size":"auto","background-attachment":"scroll","background-type":"","background-media":"","overlay-type":"","overlay-color":"","overlay-opacity":"","overlay-gradient":""},"tablet":{"background-color":"var(--ast-global-color-5)","background-image":"","background-repeat":"repeat","background-position":"center center","background-size":"auto","background-attachment":"scroll","background-type":"","background-media":"","overlay-type":"","overlay-color":"","overlay-opacity":"","overlay-gradient":""},"mobile":{"background-color":"var(--ast-global-color-5)","background-image":"","background-repeat":"repeat","background-position":"center center","background-size":"auto","background-attachment":"scroll","background-type":"","background-media":"","overlay-type":"","overlay-color":"","overlay-opacity":"","overlay-gradient":""}},"footnotes":""},"categories":[65,154,1,29],"tags":[295,324],"class_list":["post-20103","post","type-post","status-publish","format-standard","has-post-thumbnail","hentry","category-crp","category-formacio","category-general","category-portada","tag-diversitat","tag-educacio-inclusiva"],"post_mailing_queue_ids":[],"_links":{"self":[{"href":"https:\/\/serveiseducatius.xtec.cat\/santacolomag\/wp-json\/wp\/v2\/posts\/20103","targetHints":{"allow":["GET"]}}],"collection":[{"href":"https:\/\/serveiseducatius.xtec.cat\/santacolomag\/wp-json\/wp\/v2\/posts"}],"about":[{"href":"https:\/\/serveiseducatius.xtec.cat\/santacolomag\/wp-json\/wp\/v2\/types\/post"}],"author":[{"embeddable":true,"href":"https:\/\/serveiseducatius.xtec.cat\/santacolomag\/wp-json\/wp\/v2\/users\/7"}],"replies":[{"embeddable":true,"href":"https:\/\/serveiseducatius.xtec.cat\/santacolomag\/wp-json\/wp\/v2\/comments?post=20103"}],"version-history":[{"count":3,"href":"https:\/\/serveiseducatius.xtec.cat\/santacolomag\/wp-json\/wp\/v2\/posts\/20103\/revisions"}],"predecessor-version":[{"id":20108,"href":"https:\/\/serveiseducatius.xtec.cat\/santacolomag\/wp-json\/wp\/v2\/posts\/20103\/revisions\/20108"}],"wp:featuredmedia":[{"embeddable":true,"href":"https:\/\/serveiseducatius.xtec.cat\/santacolomag\/wp-json\/wp\/v2\/media\/20105"}],"wp:attachment":[{"href":"https:\/\/serveiseducatius.xtec.cat\/santacolomag\/wp-json\/wp\/v2\/media?parent=20103"}],"wp:term":[{"taxonomy":"category","embeddable":true,"href":"https:\/\/serveiseducatius.xtec.cat\/santacolomag\/wp-json\/wp\/v2\/categories?post=20103"},{"taxonomy":"post_tag","embeddable":true,"href":"https:\/\/serveiseducatius.xtec.cat\/santacolomag\/wp-json\/wp\/v2\/tags?post=20103"}],"curies":[{"name":"wp","href":"https:\/\/api.w.org\/{rel}","templated":true}]}}