{"id":19832,"date":"2023-10-27T11:34:09","date_gmt":"2023-10-27T09:34:09","guid":{"rendered":"https:\/\/serveiseducatius.xtec.cat\/santacolomag\/?p=19832"},"modified":"2023-10-27T11:35:17","modified_gmt":"2023-10-27T09:35:17","slug":"museu-torre-balldovina-3-nous-espais-de-memoria-gramenet-del-besos-sota-les-bombes","status":"publish","type":"post","link":"https:\/\/serveiseducatius.xtec.cat\/santacolomag\/portada\/museu-torre-balldovina-3-nous-espais-de-memoria-gramenet-del-besos-sota-les-bombes\/","title":{"rendered":"Museu Torre Balldovina: 3 nous Espais de Mem\u00f2ria \u201cGramenet del Bes\u00f2s sota les bombes\u201d"},"content":{"rendered":"<p style=\"font-weight: 400;\"><strong><img loading=\"lazy\" decoding=\"async\" class=\"alignleft size-thumbnail wp-image-19833\" src=\"https:\/\/serveiseducatius.xtec.cat\/santacolomag\/wp-content\/uploads\/usu1183\/2023\/10\/csm_memoria_i_itinerari_8bf9992bfe-150x150.jpg\" alt=\"\" width=\"150\" height=\"150\" \/>Inauguraci\u00f3 de tres nous Espais de Mem\u00f2ria i itinerari \u201cGramenet del Bes\u00f2s sota les bombes\u201d<br \/>\nDissabte 4 de novembre a les 10 h<br \/>\n<\/strong><\/p>\n<p style=\"font-weight: 400;\">Recorregut pels diferents indrets de la ciutat bombardejats per l\u2019aviaci\u00f3 franquista entre el mes de mar\u00e7 de 1937 i el mes de novembre de 1938. En el transcurs de l\u2019itinerari, que\u00a0<u>es dur\u00e0 a terme en autocar<\/u>, s\u2019inaugurar\u00e0 la senyalitzaci\u00f3 explicativa de tres nous Espais de Mem\u00f2ria: la del bombardeig del 4 de juliol de 1938, la del bombardeig de l\u20191 de novembre de 1938 i la del refugi antiaeri de la Torre Balldovina.<\/p>\n<p style=\"font-weight: 400;\">Imprescindible inscripci\u00f3 pr\u00e8via al 93 385 71 42 o per correu electr\u00f2nic a\u00a0<a href=\"mailto:museutorreballdovina@gramenet.cat\">museutorreballdovina@gramenet.cat<\/a>. Activitat gratu\u00efta, amb places limitades.<\/p>\n<p style=\"font-weight: 400;\"><strong><a href=\"https:\/\/museu.gramenet.cat\/activitats\/detall-activitats\/inauguracio-de-tres-nous-espais-de-memoria-i-itinerari-gramenet-del-besos-sota-les-bombes\/\">M\u00e9s informaci\u00f3<\/a><\/strong><\/p>\n<p style=\"font-weight: 400;\">\n","protected":false},"excerpt":{"rendered":"<p>Inauguraci\u00f3 de la senyalitzaci\u00f3 de tres nous Espais de Mem\u00f2ria i itinerari \u201cGramenet del Bes\u00f2s sota les bombes\u201d. 4 novembre, 10h. Imprescindible inscripci\u00f3 pr\u00e8via al 93 385 71 42<\/p>\n","protected":false},"author":7,"featured_media":19833,"comment_status":"closed","ping_status":"closed","sticky":false,"template":"","format":"standard","meta":{"_bbp_topic_count":0,"_bbp_reply_count":0,"_bbp_total_topic_count":0,"_bbp_total_reply_count":0,"_bbp_voice_count":0,"_bbp_anonymous_reply_count":0,"_bbp_topic_count_hidden":0,"_bbp_reply_count_hidden":0,"_bbp_forum_subforum_count":0,"site-sidebar-layout":"default","site-content-layout":"","ast-site-content-layout":"","site-content-style":"default","site-sidebar-style":"default","ast-global-header-display":"","ast-banner-title-visibility":"","ast-main-header-display":"","ast-hfb-above-header-display":"","ast-hfb-below-header-display":"","ast-hfb-mobile-header-display":"","site-post-title":"","ast-breadcrumbs-content":"","ast-featured-img":"","footer-sml-layout":"","theme-transparent-header-meta":"","adv-header-id-meta":"","stick-header-meta":"","header-above-stick-meta":"","header-main-stick-meta":"","header-below-stick-meta":"","astra-migrate-meta-layouts":"default","ast-page-background-enabled":"default","ast-page-background-meta":{"desktop":{"background-color":"var(--ast-global-color-4)","background-image":"","background-repeat":"repeat","background-position":"center center","background-size":"auto","background-attachment":"scroll","background-type":"","background-media":"","overlay-type":"","overlay-color":"","overlay-opacity":"","overlay-gradient":""},"tablet":{"background-color":"","background-image":"","background-repeat":"repeat","background-position":"center center","background-size":"auto","background-attachment":"scroll","background-type":"","background-media":"","overlay-type":"","overlay-color":"","overlay-opacity":"","overlay-gradient":""},"mobile":{"background-color":"","background-image":"","background-repeat":"repeat","background-position":"center center","background-size":"auto","background-attachment":"scroll","background-type":"","background-media":"","overlay-type":"","overlay-color":"","overlay-opacity":"","overlay-gradient":""}},"ast-content-background-meta":{"desktop":{"background-color":"var(--ast-global-color-5)","background-image":"","background-repeat":"repeat","background-position":"center center","background-size":"auto","background-attachment":"scroll","background-type":"","background-media":"","overlay-type":"","overlay-color":"","overlay-opacity":"","overlay-gradient":""},"tablet":{"background-color":"var(--ast-global-color-5)","background-image":"","background-repeat":"repeat","background-position":"center center","background-size":"auto","background-attachment":"scroll","background-type":"","background-media":"","overlay-type":"","overlay-color":"","overlay-opacity":"","overlay-gradient":""},"mobile":{"background-color":"var(--ast-global-color-5)","background-image":"","background-repeat":"repeat","background-position":"center center","background-size":"auto","background-attachment":"scroll","background-type":"","background-media":"","overlay-type":"","overlay-color":"","overlay-opacity":"","overlay-gradient":""}},"footnotes":""},"categories":[64,65,154,235,29],"tags":[437,296,451],"class_list":["post-19832","post","type-post","status-publish","format-standard","has-post-thumbnail","hentry","category-comunitat","category-crp","category-formacio","category-formacio_ins","category-portada","tag-coneixer-santa-coloma","tag-cultura","tag-memoria-historica"],"post_mailing_queue_ids":[],"_links":{"self":[{"href":"https:\/\/serveiseducatius.xtec.cat\/santacolomag\/wp-json\/wp\/v2\/posts\/19832","targetHints":{"allow":["GET"]}}],"collection":[{"href":"https:\/\/serveiseducatius.xtec.cat\/santacolomag\/wp-json\/wp\/v2\/posts"}],"about":[{"href":"https:\/\/serveiseducatius.xtec.cat\/santacolomag\/wp-json\/wp\/v2\/types\/post"}],"author":[{"embeddable":true,"href":"https:\/\/serveiseducatius.xtec.cat\/santacolomag\/wp-json\/wp\/v2\/users\/7"}],"replies":[{"embeddable":true,"href":"https:\/\/serveiseducatius.xtec.cat\/santacolomag\/wp-json\/wp\/v2\/comments?post=19832"}],"version-history":[{"count":2,"href":"https:\/\/serveiseducatius.xtec.cat\/santacolomag\/wp-json\/wp\/v2\/posts\/19832\/revisions"}],"predecessor-version":[{"id":19835,"href":"https:\/\/serveiseducatius.xtec.cat\/santacolomag\/wp-json\/wp\/v2\/posts\/19832\/revisions\/19835"}],"wp:featuredmedia":[{"embeddable":true,"href":"https:\/\/serveiseducatius.xtec.cat\/santacolomag\/wp-json\/wp\/v2\/media\/19833"}],"wp:attachment":[{"href":"https:\/\/serveiseducatius.xtec.cat\/santacolomag\/wp-json\/wp\/v2\/media?parent=19832"}],"wp:term":[{"taxonomy":"category","embeddable":true,"href":"https:\/\/serveiseducatius.xtec.cat\/santacolomag\/wp-json\/wp\/v2\/categories?post=19832"},{"taxonomy":"post_tag","embeddable":true,"href":"https:\/\/serveiseducatius.xtec.cat\/santacolomag\/wp-json\/wp\/v2\/tags?post=19832"}],"curies":[{"name":"wp","href":"https:\/\/api.w.org\/{rel}","templated":true}]}}