{"id":19825,"date":"2023-10-26T11:48:45","date_gmt":"2023-10-26T09:48:45","guid":{"rendered":"https:\/\/serveiseducatius.xtec.cat\/santacolomag\/?p=19825"},"modified":"2023-10-26T11:52:18","modified_gmt":"2023-10-26T09:52:18","slug":"curs-de-filosofia-per-la-pau-societat-utopies-i-drets-humans","status":"publish","type":"post","link":"https:\/\/serveiseducatius.xtec.cat\/santacolomag\/portada\/curs-de-filosofia-per-la-pau-societat-utopies-i-drets-humans\/","title":{"rendered":"Curs de Filosofia per la pau. Societat, utopies i drets humans"},"content":{"rendered":"<p><strong><img loading=\"lazy\" decoding=\"async\" class=\"alignleft size-thumbnail wp-image-19828\" src=\"https:\/\/serveiseducatius.xtec.cat\/santacolomag\/wp-content\/uploads\/usu1183\/2023\/10\/INFOGRAFIAS_XIV_Filosofia_per_la_Pau_2023-1-1-150x150.png\" alt=\"\" width=\"150\" height=\"150\" srcset=\"https:\/\/serveiseducatius.xtec.cat\/santacolomag\/wp-content\/uploads\/usu1183\/2023\/10\/INFOGRAFIAS_XIV_Filosofia_per_la_Pau_2023-1-1-150x150.png 150w, https:\/\/serveiseducatius.xtec.cat\/santacolomag\/wp-content\/uploads\/usu1183\/2023\/10\/INFOGRAFIAS_XIV_Filosofia_per_la_Pau_2023-1-1-300x300.png 300w, https:\/\/serveiseducatius.xtec.cat\/santacolomag\/wp-content\/uploads\/usu1183\/2023\/10\/INFOGRAFIAS_XIV_Filosofia_per_la_Pau_2023-1-1-1024x1024.png 1024w, https:\/\/serveiseducatius.xtec.cat\/santacolomag\/wp-content\/uploads\/usu1183\/2023\/10\/INFOGRAFIAS_XIV_Filosofia_per_la_Pau_2023-1-1-768x768.png 768w, https:\/\/serveiseducatius.xtec.cat\/santacolomag\/wp-content\/uploads\/usu1183\/2023\/10\/INFOGRAFIAS_XIV_Filosofia_per_la_Pau_2023-1-1.png 1040w\" sizes=\"auto, (max-width: 150px) 100vw, 150px\" \/>XIV Curs de Filosofia per la Pau. <\/strong><strong>Filosofia, pol\u00edtica i societat pels drets humans i la pau<\/strong><br \/>\n<strong>Societat, utopies i drets humans <\/strong>Del 6 al 26 de Novembre 2023. Centre C\u00edvic Riu. Lluis Companys, 9<br \/>\nOrganitzat per l&#8217;\u00e0rea de Solidaritat i Pau de l&#8217;Ajuntament de Santa Coloma de Gramenet<br \/>\n\u201cEl cam\u00ed que fem \u00e9s precisament la utopia acomplida, doncs en aquest cam\u00ed s\u2019assenyalen la petjada dels grans canvis\u201d. Ignacio Ramonet, creador del moviment ATTAC. Aix\u00f2 ens fa que continuem caminant en la recerca de la utopia.<br \/>\nEn aquest curs tractarem, des d\u2019aquesta perspectiva, de les utopies socials i pol\u00edtiques, d\u2019alternatives, de reptes i de l\u2019educaci\u00f3 per la ciutadania global.<\/p>\n<p><strong><a href=\"https:\/\/www.gramenet.cat\/ajuntament\/arees-municipals\/solidaritat-i-cooperacio\/xiv-curs-de-filosofia-per-la-pau\/\">PROGRAMA I INSCRIPCI\u00d3<\/a><\/strong><\/p>\n","protected":false},"excerpt":{"rendered":"<p>Curs de filosofia per tractar\u00e0 de les utopies socials i pol\u00edtiques, d\u2019alternatives, de reptes i de l\u2019educaci\u00f3 per la ciutadania global. Del 6 al 26 de Novembre 2023. Centre C\u00edvic Riu. Santa Coloma<\/p>\n","protected":false},"author":7,"featured_media":19826,"comment_status":"closed","ping_status":"closed","sticky":false,"template":"","format":"standard","meta":{"_bbp_topic_count":0,"_bbp_reply_count":0,"_bbp_total_topic_count":0,"_bbp_total_reply_count":0,"_bbp_voice_count":0,"_bbp_anonymous_reply_count":0,"_bbp_topic_count_hidden":0,"_bbp_reply_count_hidden":0,"_bbp_forum_subforum_count":0,"site-sidebar-layout":"default","site-content-layout":"","ast-site-content-layout":"","site-content-style":"default","site-sidebar-style":"default","ast-global-header-display":"","ast-banner-title-visibility":"","ast-main-header-display":"","ast-hfb-above-header-display":"","ast-hfb-below-header-display":"","ast-hfb-mobile-header-display":"","site-post-title":"","ast-breadcrumbs-content":"","ast-featured-img":"","footer-sml-layout":"","theme-transparent-header-meta":"","adv-header-id-meta":"","stick-header-meta":"","header-above-stick-meta":"","header-main-stick-meta":"","header-below-stick-meta":"","astra-migrate-meta-layouts":"default","ast-page-background-enabled":"default","ast-page-background-meta":{"desktop":{"background-color":"var(--ast-global-color-4)","background-image":"","background-repeat":"repeat","background-position":"center center","background-size":"auto","background-attachment":"scroll","background-type":"","background-media":"","overlay-type":"","overlay-color":"","overlay-opacity":"","overlay-gradient":""},"tablet":{"background-color":"","background-image":"","background-repeat":"repeat","background-position":"center center","background-size":"auto","background-attachment":"scroll","background-type":"","background-media":"","overlay-type":"","overlay-color":"","overlay-opacity":"","overlay-gradient":""},"mobile":{"background-color":"","background-image":"","background-repeat":"repeat","background-position":"center center","background-size":"auto","background-attachment":"scroll","background-type":"","background-media":"","overlay-type":"","overlay-color":"","overlay-opacity":"","overlay-gradient":""}},"ast-content-background-meta":{"desktop":{"background-color":"var(--ast-global-color-5)","background-image":"","background-repeat":"repeat","background-position":"center center","background-size":"auto","background-attachment":"scroll","background-type":"","background-media":"","overlay-type":"","overlay-color":"","overlay-opacity":"","overlay-gradient":""},"tablet":{"background-color":"var(--ast-global-color-5)","background-image":"","background-repeat":"repeat","background-position":"center center","background-size":"auto","background-attachment":"scroll","background-type":"","background-media":"","overlay-type":"","overlay-color":"","overlay-opacity":"","overlay-gradient":""},"mobile":{"background-color":"var(--ast-global-color-5)","background-image":"","background-repeat":"repeat","background-position":"center center","background-size":"auto","background-attachment":"scroll","background-type":"","background-media":"","overlay-type":"","overlay-color":"","overlay-opacity":"","overlay-gradient":""}},"footnotes":""},"categories":[64,65,235,29,434],"tags":[296,287,226],"class_list":["post-19825","post","type-post","status-publish","format-standard","has-post-thumbnail","hentry","category-comunitat","category-crp","category-formacio_ins","category-portada","category-reflexio","tag-cultura","tag-drets","tag-formacio"],"post_mailing_queue_ids":[],"_links":{"self":[{"href":"https:\/\/serveiseducatius.xtec.cat\/santacolomag\/wp-json\/wp\/v2\/posts\/19825","targetHints":{"allow":["GET"]}}],"collection":[{"href":"https:\/\/serveiseducatius.xtec.cat\/santacolomag\/wp-json\/wp\/v2\/posts"}],"about":[{"href":"https:\/\/serveiseducatius.xtec.cat\/santacolomag\/wp-json\/wp\/v2\/types\/post"}],"author":[{"embeddable":true,"href":"https:\/\/serveiseducatius.xtec.cat\/santacolomag\/wp-json\/wp\/v2\/users\/7"}],"replies":[{"embeddable":true,"href":"https:\/\/serveiseducatius.xtec.cat\/santacolomag\/wp-json\/wp\/v2\/comments?post=19825"}],"version-history":[{"count":3,"href":"https:\/\/serveiseducatius.xtec.cat\/santacolomag\/wp-json\/wp\/v2\/posts\/19825\/revisions"}],"predecessor-version":[{"id":19831,"href":"https:\/\/serveiseducatius.xtec.cat\/santacolomag\/wp-json\/wp\/v2\/posts\/19825\/revisions\/19831"}],"wp:featuredmedia":[{"embeddable":true,"href":"https:\/\/serveiseducatius.xtec.cat\/santacolomag\/wp-json\/wp\/v2\/media\/19826"}],"wp:attachment":[{"href":"https:\/\/serveiseducatius.xtec.cat\/santacolomag\/wp-json\/wp\/v2\/media?parent=19825"}],"wp:term":[{"taxonomy":"category","embeddable":true,"href":"https:\/\/serveiseducatius.xtec.cat\/santacolomag\/wp-json\/wp\/v2\/categories?post=19825"},{"taxonomy":"post_tag","embeddable":true,"href":"https:\/\/serveiseducatius.xtec.cat\/santacolomag\/wp-json\/wp\/v2\/tags?post=19825"}],"curies":[{"name":"wp","href":"https:\/\/api.w.org\/{rel}","templated":true}]}}