{"id":19509,"date":"2023-06-19T11:33:51","date_gmt":"2023-06-19T09:33:51","guid":{"rendered":"https:\/\/serveiseducatius.xtec.cat\/santacolomag\/?p=19509"},"modified":"2023-06-21T10:06:00","modified_gmt":"2023-06-21T08:06:00","slug":"conferencia-estrategias-y-recursos-para-potenciar-el-bienestar-emocional-en-la-comunidad-educativa","status":"publish","type":"post","link":"https:\/\/serveiseducatius.xtec.cat\/santacolomag\/general\/conferencia-estrategias-y-recursos-para-potenciar-el-bienestar-emocional-en-la-comunidad-educativa\/","title":{"rendered":"Confer\u00e8ncia: \u201cEstrategias y recursos para potenciar el bienestar emocional en la comunidad educativa\u201d"},"content":{"rendered":"<p>El passat dimecres dia 31 de maig m\u00e9s de 250 docents de Barcelona Comarques, Baix Llobregat, Lleida, Alt Pirineu i Aran, Pened\u00e8s, Terres de l\u2019Ebre i Tarragona van participar de la\u00a0<b><a href=\"https:\/\/www.youtube.com\/watch?v=i_bvICfmcIw\">Jornada de tancament de les Xarxes Territorials de Transformaci\u00f3 Educativa<\/a>\u00a0<\/b>a l\u2019Institut Can Vilumara de l\u2019Hospitalet de Llobregat.<\/p>\n<p>Amb el tancament de<strong>\u00a0Bego\u00f1a Ibarrola<\/strong>\u00a0com a ponent: \u201c<em><strong>Estrategias y recursos para potenciar el bienestar emocional en la comunidad educativa<\/strong><\/em>\u201d\u00a0 es\u00a0va donar per acabada una jornada amb l\u2019agra\u00efment en format floral als centres.<\/p>\n<p>Si cliqueu a la seg\u00fcent imatge trobareu la pon\u00e8ncia de la Bego\u00f1a Ibarrola que va fer sobre Benestar emocional:<\/p>\n<p><a href=\"https:\/\/www.youtube.com\/watch?v=_6QkLaO-h3A&amp;t=10s\" target=\"_blank\" rel=\"noopener\"><img loading=\"lazy\" decoding=\"async\" class=\"aligncenter wp-image-13641 \" src=\"https:\/\/projectes.xtec.cat\/transformacioenxarxa\/wp-content\/uploads\/usu1468\/2023\/06\/caratula-ponencia-begona-ss-1.png\" sizes=\"auto, (max-width: 871px) 100vw, 871px\" srcset=\"https:\/\/projectes.xtec.cat\/transformacioenxarxa\/wp-content\/uploads\/usu1468\/2023\/06\/caratula-ponencia-begona-ss-1.png 871w, https:\/\/projectes.xtec.cat\/transformacioenxarxa\/wp-content\/uploads\/usu1468\/2023\/06\/caratula-ponencia-begona-ss-1-300x171.png 300w, https:\/\/projectes.xtec.cat\/transformacioenxarxa\/wp-content\/uploads\/usu1468\/2023\/06\/caratula-ponencia-begona-ss-1-768x437.png 768w\" alt=\"\" width=\"549\" height=\"313\" \/><\/a><\/p>\n<p>A les seg\u00fcents imatges trobareu enlla\u00e7ades la <strong>presentaci\u00f3 digital<\/strong>\u00a0de la Bego\u00f1a sobre la pon\u00e8ncia\u00a0<strong>i<\/strong>\u00a0un\u00a0<strong>breu resum<\/strong>\u00a0de la mateixa:<\/p>\n<p><a href=\"https:\/\/projectes.xtec.cat\/transformacioenxarxa\/wp-content\/uploads\/usu1468\/2023\/06\/ESTRATEGIAS-Y-RECURSOS-PARA-POTENCIAR-EL-BIENESTAR-EMOCIONAL-EN-LA-COMUNIDAD-EDUCATIVA.pptx-1.pdf\" target=\"_blank\" rel=\"noopener\"><img loading=\"lazy\" decoding=\"async\" class=\"wp-image-13616 alignleft\" src=\"https:\/\/projectes.xtec.cat\/transformacioenxarxa\/wp-content\/uploads\/usu1468\/2023\/06\/caratula-pdf-5-territoris-300x223.png\" sizes=\"auto, (max-width: 274px) 100vw, 274px\" srcset=\"https:\/\/projectes.xtec.cat\/transformacioenxarxa\/wp-content\/uploads\/usu1468\/2023\/06\/caratula-pdf-5-territoris-300x223.png 300w, https:\/\/projectes.xtec.cat\/transformacioenxarxa\/wp-content\/uploads\/usu1468\/2023\/06\/caratula-pdf-5-territoris-768x571.png 768w, https:\/\/projectes.xtec.cat\/transformacioenxarxa\/wp-content\/uploads\/usu1468\/2023\/06\/caratula-pdf-5-territoris-200x150.png 200w, https:\/\/projectes.xtec.cat\/transformacioenxarxa\/wp-content\/uploads\/usu1468\/2023\/06\/caratula-pdf-5-territoris.png 969w\" alt=\"\" width=\"274\" height=\"204\" \/><\/a><a href=\"https:\/\/projectes.xtec.cat\/transformacioenxarxa\/wp-content\/uploads\/usu1468\/2023\/06\/RESUMEN-PONENCIA-1.docx-2.pdf\" target=\"_blank\" rel=\"noopener\"><img loading=\"lazy\" decoding=\"async\" class=\"alignleft wp-image-13652\" src=\"https:\/\/projectes.xtec.cat\/transformacioenxarxa\/wp-content\/uploads\/usu1468\/2023\/06\/caratula-resum-ponencia-begona-300x268.png\" sizes=\"auto, (max-width: 229px) 100vw, 229px\" srcset=\"https:\/\/projectes.xtec.cat\/transformacioenxarxa\/wp-content\/uploads\/usu1468\/2023\/06\/caratula-resum-ponencia-begona-300x268.png 300w, https:\/\/projectes.xtec.cat\/transformacioenxarxa\/wp-content\/uploads\/usu1468\/2023\/06\/caratula-resum-ponencia-begona-768x686.png 768w, https:\/\/projectes.xtec.cat\/transformacioenxarxa\/wp-content\/uploads\/usu1468\/2023\/06\/caratula-resum-ponencia-begona.png 880w\" alt=\"\" width=\"229\" height=\"205\" \/><\/a><\/p>\n<p><img loading=\"lazy\" decoding=\"async\" class=\"alignleft wp-image-13624\" src=\"https:\/\/projectes.xtec.cat\/transformacioenxarxa\/wp-content\/uploads\/usu1468\/2023\/06\/1ac4adc3-49db-4eb0-8d0c-48d04d29deaf-225x300.jpg\" sizes=\"auto, (max-width: 153px) 100vw, 153px\" srcset=\"https:\/\/projectes.xtec.cat\/transformacioenxarxa\/wp-content\/uploads\/usu1468\/2023\/06\/1ac4adc3-49db-4eb0-8d0c-48d04d29deaf-225x300.jpg 225w, https:\/\/projectes.xtec.cat\/transformacioenxarxa\/wp-content\/uploads\/usu1468\/2023\/06\/1ac4adc3-49db-4eb0-8d0c-48d04d29deaf.jpg 768w\" alt=\"\" width=\"153\" height=\"204\" \/><\/p>\n<p>&nbsp;<\/p>\n<p>&nbsp;<\/p>\n<p>&nbsp;<\/p>\n<p>&nbsp;<\/p>\n<p>&nbsp;<\/p>\n","protected":false},"excerpt":{"rendered":"<p>Pon\u00e8ncia molt recomanable de la Bego\u00f1a Ibarrola per al professorat de tots els nivells educatius.<\/p>\n","protected":false},"author":7,"featured_media":19510,"comment_status":"closed","ping_status":"closed","sticky":false,"template":"","format":"standard","meta":{"_bbp_topic_count":0,"_bbp_reply_count":0,"_bbp_total_topic_count":0,"_bbp_total_reply_count":0,"_bbp_voice_count":0,"_bbp_anonymous_reply_count":0,"_bbp_topic_count_hidden":0,"_bbp_reply_count_hidden":0,"_bbp_forum_subforum_count":0,"site-sidebar-layout":"default","site-content-layout":"","ast-site-content-layout":"","site-content-style":"default","site-sidebar-style":"default","ast-global-header-display":"","ast-banner-title-visibility":"","ast-main-header-display":"","ast-hfb-above-header-display":"","ast-hfb-below-header-display":"","ast-hfb-mobile-header-display":"","site-post-title":"","ast-breadcrumbs-content":"","ast-featured-img":"","footer-sml-layout":"","theme-transparent-header-meta":"","adv-header-id-meta":"","stick-header-meta":"","header-above-stick-meta":"","header-main-stick-meta":"","header-below-stick-meta":"","astra-migrate-meta-layouts":"default","ast-page-background-enabled":"default","ast-page-background-meta":{"desktop":{"background-color":"var(--ast-global-color-4)","background-image":"","background-repeat":"repeat","background-position":"center center","background-size":"auto","background-attachment":"scroll","background-type":"","background-media":"","overlay-type":"","overlay-color":"","overlay-opacity":"","overlay-gradient":""},"tablet":{"background-color":"","background-image":"","background-repeat":"repeat","background-position":"center center","background-size":"auto","background-attachment":"scroll","background-type":"","background-media":"","overlay-type":"","overlay-color":"","overlay-opacity":"","overlay-gradient":""},"mobile":{"background-color":"","background-image":"","background-repeat":"repeat","background-position":"center center","background-size":"auto","background-attachment":"scroll","background-type":"","background-media":"","overlay-type":"","overlay-color":"","overlay-opacity":"","overlay-gradient":""}},"ast-content-background-meta":{"desktop":{"background-color":"var(--ast-global-color-5)","background-image":"","background-repeat":"repeat","background-position":"center center","background-size":"auto","background-attachment":"scroll","background-type":"","background-media":"","overlay-type":"","overlay-color":"","overlay-opacity":"","overlay-gradient":""},"tablet":{"background-color":"var(--ast-global-color-5)","background-image":"","background-repeat":"repeat","background-position":"center center","background-size":"auto","background-attachment":"scroll","background-type":"","background-media":"","overlay-type":"","overlay-color":"","overlay-opacity":"","overlay-gradient":""},"mobile":{"background-color":"var(--ast-global-color-5)","background-image":"","background-repeat":"repeat","background-position":"center center","background-size":"auto","background-attachment":"scroll","background-type":"","background-media":"","overlay-type":"","overlay-color":"","overlay-opacity":"","overlay-gradient":""}},"footnotes":""},"categories":[65,251,365,154,1,550,29],"tags":[302,291,573],"class_list":["post-19509","post","type-post","status-publish","format-standard","has-post-thumbnail","hentry","category-crp","category-dinamica-educativa-sant-vicenc-dels-horts","category-experiencies-de-centre","category-formacio","category-general","category-innovacio","category-portada","tag-jornada","tag-recerca","tag-xarxes-educatives"],"post_mailing_queue_ids":[],"_links":{"self":[{"href":"https:\/\/serveiseducatius.xtec.cat\/santacolomag\/wp-json\/wp\/v2\/posts\/19509","targetHints":{"allow":["GET"]}}],"collection":[{"href":"https:\/\/serveiseducatius.xtec.cat\/santacolomag\/wp-json\/wp\/v2\/posts"}],"about":[{"href":"https:\/\/serveiseducatius.xtec.cat\/santacolomag\/wp-json\/wp\/v2\/types\/post"}],"author":[{"embeddable":true,"href":"https:\/\/serveiseducatius.xtec.cat\/santacolomag\/wp-json\/wp\/v2\/users\/7"}],"replies":[{"embeddable":true,"href":"https:\/\/serveiseducatius.xtec.cat\/santacolomag\/wp-json\/wp\/v2\/comments?post=19509"}],"version-history":[{"count":3,"href":"https:\/\/serveiseducatius.xtec.cat\/santacolomag\/wp-json\/wp\/v2\/posts\/19509\/revisions"}],"predecessor-version":[{"id":19515,"href":"https:\/\/serveiseducatius.xtec.cat\/santacolomag\/wp-json\/wp\/v2\/posts\/19509\/revisions\/19515"}],"wp:featuredmedia":[{"embeddable":true,"href":"https:\/\/serveiseducatius.xtec.cat\/santacolomag\/wp-json\/wp\/v2\/media\/19510"}],"wp:attachment":[{"href":"https:\/\/serveiseducatius.xtec.cat\/santacolomag\/wp-json\/wp\/v2\/media?parent=19509"}],"wp:term":[{"taxonomy":"category","embeddable":true,"href":"https:\/\/serveiseducatius.xtec.cat\/santacolomag\/wp-json\/wp\/v2\/categories?post=19509"},{"taxonomy":"post_tag","embeddable":true,"href":"https:\/\/serveiseducatius.xtec.cat\/santacolomag\/wp-json\/wp\/v2\/tags?post=19509"}],"curies":[{"name":"wp","href":"https:\/\/api.w.org\/{rel}","templated":true}]}}