{"id":19458,"date":"2023-05-29T09:00:42","date_gmt":"2023-05-29T07:00:42","guid":{"rendered":"https:\/\/serveiseducatius.xtec.cat\/santacolomag\/?p=19458"},"modified":"2023-05-29T09:52:29","modified_gmt":"2023-05-29T07:52:29","slug":"del-curriculum-a-laula-campus-destiu-uab","status":"publish","type":"post","link":"https:\/\/serveiseducatius.xtec.cat\/santacolomag\/portada\/del-curriculum-a-laula-campus-destiu-uab\/","title":{"rendered":"Del curr\u00edculum a l&#8217;aula. Campus d&#8217;estiu UAB"},"content":{"rendered":"<p><img loading=\"lazy\" decoding=\"async\" class=\"alignleft size-full wp-image-19460\" src=\"https:\/\/serveiseducatius.xtec.cat\/santacolomag\/wp-content\/uploads\/usu1183\/2023\/05\/descarga.png\" alt=\"\" width=\"225\" height=\"225\" \/>La formaci\u00f3 t\u00e9 per objectiu\u00a0 fer con\u00e8ixer alguns <strong>aspectes clau del nou curr\u00edculum<\/strong> i reflexionar-hi amb vista a la seva aplicaci\u00f3 a l\u2019aula. Adre\u00e7ada als docents d&#8217;<strong>educaci\u00f3 infantil, prim\u00e0ria, secund\u00e0ria i cicles formatius<\/strong>.<br \/>\n<strong>Durada:\u00a0<\/strong>30 hores (25 h presencials i 5 h de treball aut\u00f2nom).<\/p>\n<p>Posaran el <strong>focus en l\u2019aprenentatge situat, l\u2019avaluaci\u00f3 competencial lligada als processos de metacognici\u00f3 i d&#8217;autoregulaci\u00f3 dels estudiants i la personalitzaci\u00f3 dels aprenentatges<\/strong>, per a la qual cosa, hi destinaran <strong>espais expositius<\/strong>,\u00a0<strong>espais de treball<\/strong>\u00a0i un\u00a0<strong>espai de co-construcci\u00f3<\/strong> de coneixement orientat a la planificaci\u00f3 de l\u2019acci\u00f3 docent individual per al pr\u00f2xim curs. A m\u00e9s a m\u00e9s, hi haur\u00e0 l&#8217;espai virtual, tamb\u00e9 amb espais.<\/p>\n<p>&nbsp;<\/p>\n<p><strong>Calendari:\u00a0<\/strong>del 10 al 14 de juliol de 2023, de 9 h a 14 h.\u00a0participatius i d\u2019intercanvi d\u2019idees.<\/p>\n<p><span style=\"font-size: 14pt;\"><a href=\"https:\/\/www.uab.cat\/ca\/ice\/campus-estiu-2023\">M\u00e9s informaci\u00f3 i inscripci\u00f3<\/a><\/span><\/p>\n","protected":false},"excerpt":{"rendered":"<p>Formaci\u00f3 sobre\u00a0aspectes clau del nou curr\u00edculum i reflexionar-hi amb vista a la seva aplicaci\u00f3 a l\u2019aula.\u00a0Del 10 al 14 de juliol.<\/p>\n","protected":false},"author":7,"featured_media":19460,"comment_status":"closed","ping_status":"closed","sticky":false,"template":"","format":"standard","meta":{"_bbp_topic_count":0,"_bbp_reply_count":0,"_bbp_total_topic_count":0,"_bbp_total_reply_count":0,"_bbp_voice_count":0,"_bbp_anonymous_reply_count":0,"_bbp_topic_count_hidden":0,"_bbp_reply_count_hidden":0,"_bbp_forum_subforum_count":0,"site-sidebar-layout":"default","site-content-layout":"","ast-site-content-layout":"","site-content-style":"default","site-sidebar-style":"default","ast-global-header-display":"","ast-banner-title-visibility":"","ast-main-header-display":"","ast-hfb-above-header-display":"","ast-hfb-below-header-display":"","ast-hfb-mobile-header-display":"","site-post-title":"","ast-breadcrumbs-content":"","ast-featured-img":"","footer-sml-layout":"","theme-transparent-header-meta":"","adv-header-id-meta":"","stick-header-meta":"","header-above-stick-meta":"","header-main-stick-meta":"","header-below-stick-meta":"","astra-migrate-meta-layouts":"default","ast-page-background-enabled":"default","ast-page-background-meta":{"desktop":{"background-color":"var(--ast-global-color-4)","background-image":"","background-repeat":"repeat","background-position":"center center","background-size":"auto","background-attachment":"scroll","background-type":"","background-media":"","overlay-type":"","overlay-color":"","overlay-opacity":"","overlay-gradient":""},"tablet":{"background-color":"","background-image":"","background-repeat":"repeat","background-position":"center center","background-size":"auto","background-attachment":"scroll","background-type":"","background-media":"","overlay-type":"","overlay-color":"","overlay-opacity":"","overlay-gradient":""},"mobile":{"background-color":"","background-image":"","background-repeat":"repeat","background-position":"center center","background-size":"auto","background-attachment":"scroll","background-type":"","background-media":"","overlay-type":"","overlay-color":"","overlay-opacity":"","overlay-gradient":""}},"ast-content-background-meta":{"desktop":{"background-color":"var(--ast-global-color-5)","background-image":"","background-repeat":"repeat","background-position":"center center","background-size":"auto","background-attachment":"scroll","background-type":"","background-media":"","overlay-type":"","overlay-color":"","overlay-opacity":"","overlay-gradient":""},"tablet":{"background-color":"var(--ast-global-color-5)","background-image":"","background-repeat":"repeat","background-position":"center center","background-size":"auto","background-attachment":"scroll","background-type":"","background-media":"","overlay-type":"","overlay-color":"","overlay-opacity":"","overlay-gradient":""},"mobile":{"background-color":"var(--ast-global-color-5)","background-image":"","background-repeat":"repeat","background-position":"center center","background-size":"auto","background-attachment":"scroll","background-type":"","background-media":"","overlay-type":"","overlay-color":"","overlay-opacity":"","overlay-gradient":""}},"footnotes":""},"categories":[65,251,154,235,29],"tags":[289,215],"class_list":["post-19458","post","type-post","status-publish","format-standard","has-post-thumbnail","hentry","category-crp","category-dinamica-educativa-sant-vicenc-dels-horts","category-formacio","category-formacio_ins","category-portada","tag-curriculum","tag-formacio-permanent-del-professorat"],"post_mailing_queue_ids":[],"_links":{"self":[{"href":"https:\/\/serveiseducatius.xtec.cat\/santacolomag\/wp-json\/wp\/v2\/posts\/19458","targetHints":{"allow":["GET"]}}],"collection":[{"href":"https:\/\/serveiseducatius.xtec.cat\/santacolomag\/wp-json\/wp\/v2\/posts"}],"about":[{"href":"https:\/\/serveiseducatius.xtec.cat\/santacolomag\/wp-json\/wp\/v2\/types\/post"}],"author":[{"embeddable":true,"href":"https:\/\/serveiseducatius.xtec.cat\/santacolomag\/wp-json\/wp\/v2\/users\/7"}],"replies":[{"embeddable":true,"href":"https:\/\/serveiseducatius.xtec.cat\/santacolomag\/wp-json\/wp\/v2\/comments?post=19458"}],"version-history":[{"count":3,"href":"https:\/\/serveiseducatius.xtec.cat\/santacolomag\/wp-json\/wp\/v2\/posts\/19458\/revisions"}],"predecessor-version":[{"id":19466,"href":"https:\/\/serveiseducatius.xtec.cat\/santacolomag\/wp-json\/wp\/v2\/posts\/19458\/revisions\/19466"}],"wp:featuredmedia":[{"embeddable":true,"href":"https:\/\/serveiseducatius.xtec.cat\/santacolomag\/wp-json\/wp\/v2\/media\/19460"}],"wp:attachment":[{"href":"https:\/\/serveiseducatius.xtec.cat\/santacolomag\/wp-json\/wp\/v2\/media?parent=19458"}],"wp:term":[{"taxonomy":"category","embeddable":true,"href":"https:\/\/serveiseducatius.xtec.cat\/santacolomag\/wp-json\/wp\/v2\/categories?post=19458"},{"taxonomy":"post_tag","embeddable":true,"href":"https:\/\/serveiseducatius.xtec.cat\/santacolomag\/wp-json\/wp\/v2\/tags?post=19458"}],"curies":[{"name":"wp","href":"https:\/\/api.w.org\/{rel}","templated":true}]}}