{"id":19438,"date":"2023-05-25T10:19:47","date_gmt":"2023-05-25T08:19:47","guid":{"rendered":"https:\/\/serveiseducatius.xtec.cat\/santacolomag\/?p=19438"},"modified":"2023-05-25T10:21:46","modified_gmt":"2023-05-25T08:21:46","slug":"ods-i-educacio-per-a-la-sostenibilitat-per-crear-situacions-daprenentatge-el-nou-curriculum-com-a-oportunitat","status":"publish","type":"post","link":"https:\/\/serveiseducatius.xtec.cat\/santacolomag\/portada\/ods-i-educacio-per-a-la-sostenibilitat-per-crear-situacions-daprenentatge-el-nou-curriculum-com-a-oportunitat\/","title":{"rendered":"ODS i educaci\u00f3 per a la sostenibilitat per crear situacions d\u2019aprenentatge"},"content":{"rendered":"<p><img loading=\"lazy\" decoding=\"async\" class=\"size-medium wp-image-48540 lazyloaded alignleft\" src=\"https:\/\/www.coamb.cat\/wp-content\/uploads\/2023\/05\/concepto-dia-educacion-ambiental-300x284.jpg\" sizes=\"auto, (max-width: 300px) 100vw, 300px\" srcset=\"https:\/\/www.coamb.cat\/wp-content\/uploads\/2023\/05\/concepto-dia-educacion-ambiental-300x284.jpg 300w, https:\/\/www.coamb.cat\/wp-content\/uploads\/2023\/05\/concepto-dia-educacion-ambiental-1024x969.jpg 1024w, https:\/\/www.coamb.cat\/wp-content\/uploads\/2023\/05\/concepto-dia-educacion-ambiental-768x727.jpg 768w, https:\/\/www.coamb.cat\/wp-content\/uploads\/2023\/05\/concepto-dia-educacion-ambiental-1536x1454.jpg 1536w, https:\/\/www.coamb.cat\/wp-content\/uploads\/2023\/05\/concepto-dia-educacion-ambiental-2048x1938.jpg 2048w\" alt=\"\" width=\"300\" height=\"284\" data-src=\"https:\/\/www.coamb.cat\/wp-content\/uploads\/2023\/05\/concepto-dia-educacion-ambiental-300x284.jpg\" data-srcset=\"https:\/\/www.coamb.cat\/wp-content\/uploads\/2023\/05\/concepto-dia-educacion-ambiental-300x284.jpg 300w, https:\/\/www.coamb.cat\/wp-content\/uploads\/2023\/05\/concepto-dia-educacion-ambiental-1024x969.jpg 1024w, https:\/\/www.coamb.cat\/wp-content\/uploads\/2023\/05\/concepto-dia-educacion-ambiental-768x727.jpg 768w, https:\/\/www.coamb.cat\/wp-content\/uploads\/2023\/05\/concepto-dia-educacion-ambiental-1536x1454.jpg 1536w, https:\/\/www.coamb.cat\/wp-content\/uploads\/2023\/05\/concepto-dia-educacion-ambiental-2048x1938.jpg 2048w\" \/><\/p>\n<p><a href=\"https:\/\/www.coamb.cat\/curs\/ods-i-educacio-per-a-la-sostenibilitat-per-crear-situacions-daprenentatge-el-nou-curriculum-com-a-oportunitat\/\">Aquest curs aborda de manera pr\u00e0ctica la incorporaci\u00f3 de l\u2019Educaci\u00f3 per a la Sostenibilitat i els Objectius de Desenvolupament Sostenible<\/a> a la doc\u00e8ncia, aportant eines, recursos pedag\u00f2gics i bones pr\u00e0ctiques per a crear situacions d\u2019aprenentatge centrades en el vector del curr\u00edculum Ciutadania democr\u00e0tica i consci\u00e8ncia global i que promoguin el desenvolupament de compet\u00e8ncies en sostenibilitat entre l\u2019alumnat.<\/p>\n<p>El curs consta de\u00a0<strong>30 hores lectives<\/strong>, de les quals 20 corresponen a sessions i 10 de treball aut\u00f2nom. <strong>T\u00e9 format semipresencial: 5 sessions per videoconfer\u00e8ncia s\u00edncrona i sessi\u00f3 de cloenda presencial.<\/strong><\/p>\n<p>Destinataris: aquest curs est\u00e0 adre\u00e7at a\u00a0<strong>docents d\u2019educaci\u00f3 b\u00e0sica (prim\u00e0ria i secund\u00e0ria obligat\u00f2ria)<\/strong>\u00a0i \u00e9s obert a diferents disciplines.<\/p>\n<p>Consulta preus i contingu<strong>t\u00a0<\/strong><a href=\"https:\/\/www.coamb.cat\/wp-content\/uploads\/2023\/05\/Curs-docents-2023-sostenibilitat-i-ods-1.pdf\"><strong>AQU\u00cd<\/strong> Certificaci\u00f3 de 30h Formaci\u00f3 permanent de professorat . Departament d&#8217;Educaci\u00f3<\/a><\/p>\n<p>Inscripcions obertes del 15 al 31 de maig<\/p>\n<p><strong>Horaris:<\/strong><\/p>\n<p>Sessions online<\/p>\n<ul>\n<li>3 de juliol de 10:00 a 12:30<\/li>\n<li>4 de juliol de 10:00 a 13:00<\/li>\n<li>5 de juliol de 10:00 a 12:30<\/li>\n<li>6 de juliol de 9:30 a 11:30 i de 12:00 a 14:00<\/li>\n<li>10 de juliol de 9:30 a 11:30 i de 12:00 a 14:00<\/li>\n<\/ul>\n<p>Sessi\u00f3 presencial<\/p>\n<ul>\n<li>13 de juliol de 10:00 a 14:00 al C\/Casp 130 de Barcelona.<\/li>\n<\/ul>\n","protected":false},"excerpt":{"rendered":"<p>Aquest curs aporta eines, recursos pedag\u00f2gics i bones pr\u00e0ctiques per a crear situacions d\u2019aprenentatge de compet\u00e8ncies en sostenibilitat. Inscripcions fina al 31 de maig.<\/p>\n","protected":false},"author":7,"featured_media":19439,"comment_status":"closed","ping_status":"closed","sticky":false,"template":"","format":"standard","meta":{"_bbp_topic_count":0,"_bbp_reply_count":0,"_bbp_total_topic_count":0,"_bbp_total_reply_count":0,"_bbp_voice_count":0,"_bbp_anonymous_reply_count":0,"_bbp_topic_count_hidden":0,"_bbp_reply_count_hidden":0,"_bbp_forum_subforum_count":0,"site-sidebar-layout":"default","site-content-layout":"","ast-site-content-layout":"","site-content-style":"default","site-sidebar-style":"default","ast-global-header-display":"","ast-banner-title-visibility":"","ast-main-header-display":"","ast-hfb-above-header-display":"","ast-hfb-below-header-display":"","ast-hfb-mobile-header-display":"","site-post-title":"","ast-breadcrumbs-content":"","ast-featured-img":"","footer-sml-layout":"","theme-transparent-header-meta":"","adv-header-id-meta":"","stick-header-meta":"","header-above-stick-meta":"","header-main-stick-meta":"","header-below-stick-meta":"","astra-migrate-meta-layouts":"default","ast-page-background-enabled":"default","ast-page-background-meta":{"desktop":{"background-color":"var(--ast-global-color-4)","background-image":"","background-repeat":"repeat","background-position":"center center","background-size":"auto","background-attachment":"scroll","background-type":"","background-media":"","overlay-type":"","overlay-color":"","overlay-opacity":"","overlay-gradient":""},"tablet":{"background-color":"","background-image":"","background-repeat":"repeat","background-position":"center center","background-size":"auto","background-attachment":"scroll","background-type":"","background-media":"","overlay-type":"","overlay-color":"","overlay-opacity":"","overlay-gradient":""},"mobile":{"background-color":"","background-image":"","background-repeat":"repeat","background-position":"center center","background-size":"auto","background-attachment":"scroll","background-type":"","background-media":"","overlay-type":"","overlay-color":"","overlay-opacity":"","overlay-gradient":""}},"ast-content-background-meta":{"desktop":{"background-color":"var(--ast-global-color-5)","background-image":"","background-repeat":"repeat","background-position":"center center","background-size":"auto","background-attachment":"scroll","background-type":"","background-media":"","overlay-type":"","overlay-color":"","overlay-opacity":"","overlay-gradient":""},"tablet":{"background-color":"var(--ast-global-color-5)","background-image":"","background-repeat":"repeat","background-position":"center center","background-size":"auto","background-attachment":"scroll","background-type":"","background-media":"","overlay-type":"","overlay-color":"","overlay-opacity":"","overlay-gradient":""},"mobile":{"background-color":"var(--ast-global-color-5)","background-image":"","background-repeat":"repeat","background-position":"center center","background-size":"auto","background-attachment":"scroll","background-type":"","background-media":"","overlay-type":"","overlay-color":"","overlay-opacity":"","overlay-gradient":""}},"footnotes":""},"categories":[65,154,235,29,76],"tags":[86,215,363],"class_list":["post-19438","post","type-post","status-publish","format-standard","has-post-thumbnail","hentry","category-crp","category-formacio","category-formacio_ins","category-portada","category-recursos","tag-ciencies","tag-formacio-permanent-del-professorat","tag-sostenibilitat"],"post_mailing_queue_ids":[],"_links":{"self":[{"href":"https:\/\/serveiseducatius.xtec.cat\/santacolomag\/wp-json\/wp\/v2\/posts\/19438","targetHints":{"allow":["GET"]}}],"collection":[{"href":"https:\/\/serveiseducatius.xtec.cat\/santacolomag\/wp-json\/wp\/v2\/posts"}],"about":[{"href":"https:\/\/serveiseducatius.xtec.cat\/santacolomag\/wp-json\/wp\/v2\/types\/post"}],"author":[{"embeddable":true,"href":"https:\/\/serveiseducatius.xtec.cat\/santacolomag\/wp-json\/wp\/v2\/users\/7"}],"replies":[{"embeddable":true,"href":"https:\/\/serveiseducatius.xtec.cat\/santacolomag\/wp-json\/wp\/v2\/comments?post=19438"}],"version-history":[{"count":3,"href":"https:\/\/serveiseducatius.xtec.cat\/santacolomag\/wp-json\/wp\/v2\/posts\/19438\/revisions"}],"predecessor-version":[{"id":19442,"href":"https:\/\/serveiseducatius.xtec.cat\/santacolomag\/wp-json\/wp\/v2\/posts\/19438\/revisions\/19442"}],"wp:featuredmedia":[{"embeddable":true,"href":"https:\/\/serveiseducatius.xtec.cat\/santacolomag\/wp-json\/wp\/v2\/media\/19439"}],"wp:attachment":[{"href":"https:\/\/serveiseducatius.xtec.cat\/santacolomag\/wp-json\/wp\/v2\/media?parent=19438"}],"wp:term":[{"taxonomy":"category","embeddable":true,"href":"https:\/\/serveiseducatius.xtec.cat\/santacolomag\/wp-json\/wp\/v2\/categories?post=19438"},{"taxonomy":"post_tag","embeddable":true,"href":"https:\/\/serveiseducatius.xtec.cat\/santacolomag\/wp-json\/wp\/v2\/tags?post=19438"}],"curies":[{"name":"wp","href":"https:\/\/api.w.org\/{rel}","templated":true}]}}