{"id":19324,"date":"2023-05-10T12:59:56","date_gmt":"2023-05-10T10:59:56","guid":{"rendered":"https:\/\/serveiseducatius.xtec.cat\/santacolomag\/?p=19324"},"modified":"2023-05-11T15:41:32","modified_gmt":"2023-05-11T13:41:32","slug":"videos-xxiii-presentacio-de-treballs-de-recerca-de-2n-de-batxillerat-2022-2023","status":"publish","type":"post","link":"https:\/\/serveiseducatius.xtec.cat\/santacolomag\/portada\/videos-xxiii-presentacio-de-treballs-de-recerca-de-2n-de-batxillerat-2022-2023\/","title":{"rendered":"V\u00eddeos XXIII Presentaci\u00f3 de Treballs de recerca de 2n de batxillerat. 2022-2023"},"content":{"rendered":"<p><img loading=\"lazy\" decoding=\"async\" class=\"alignleft wp-image-17833\" src=\"https:\/\/serveiseducatius.xtec.cat\/santacolomag\/wp-content\/uploads\/usu1183\/2022\/05\/nen-recerca.jpg\" alt=\"\" width=\"189\" height=\"215\" \/><\/p>\n<p>El dies 22 i 29 de mar\u00e7 2023 va tenir lloc la <strong>XXIII Presentaci\u00f3 de Treballs de Recerca de 2n de batxillerat de Santa Coloma de Gramenet, <\/strong>a la biblioteca Singuerl\u00edn -Salvador Cabr\u00e9. La Presentaci\u00f3 est\u00e0 organitzada per el CRP i els instituts de la ciutat, en col\u00b7laboraci\u00f3 amb l\u2019Ajuntament de Santa Coloma de Gramenet.<\/p>\n<p>&nbsp;<\/p>\n<p>Podeu visionar les presentacions de tots els treballs presentats<\/p>\n<p>&nbsp;<\/p>\n<table style=\"border-collapse: collapse; width: 100%; height: 160px;\">\n<tbody>\n<tr style=\"height: 10px;\">\n<td style=\"width: 33.3333%; height: 10px;\">&nbsp;<\/p>\n<p><span style=\"font-size: 12pt; font-family: helvetica, arial, sans-serif;\"><strong><img loading=\"lazy\" decoding=\"async\" class=\"wp-image-19326 alignleft\" src=\"https:\/\/serveiseducatius.xtec.cat\/santacolomag\/wp-content\/uploads\/usu1183\/2023\/05\/77088D1D-ABEC-47C5-813A-15C050331F2E-1-212x300.jpeg\" alt=\"\" width=\"163\" height=\"231\" \/><br \/>\n<a href=\"https:\/\/drive.google.com\/file\/d\/1l4zGewSKaiOYtyrbf8KqSWorv_4IZ8LJ\/view?usp=sharing\">S\u2019ha acabat: una proposta sobre prevenci\u00f3 de l\u2019ab\u00fas infantil<\/a>.<\/strong><\/span><\/p>\n<p>&nbsp;<\/p>\n<p>&nbsp;<\/p>\n<p><span style=\"font-size: 12pt; font-family: helvetica, arial, sans-serif;\"><strong>Itziar Latorre Garc\u00eda i Aitana Viada Moreno<\/strong><\/span><\/p>\n<p><span style=\"font-size: 12pt; font-family: helvetica, arial, sans-serif;\"><strong>INS Num\u00e0ncia<\/strong><\/span><\/p>\n<p>&nbsp;<\/p>\n<p>&nbsp;<\/td>\n<td style=\"width: 33.3333%; height: 10px;\"><span style=\"font-size: 12pt; font-family: helvetica, arial, sans-serif;\"><strong><img loading=\"lazy\" decoding=\"async\" class=\"alignleft wp-image-19331\" src=\"https:\/\/serveiseducatius.xtec.cat\/santacolomag\/wp-content\/uploads\/usu1183\/2023\/05\/IMG_20221125_232111-300x262.jpg\" alt=\"\" width=\"240\" height=\"210\" \/><\/strong><\/span><\/p>\n<p><span style=\"font-size: 12pt; font-family: helvetica, arial, sans-serif;\"><strong><a href=\"https:\/\/drive.google.com\/file\/d\/1C3Qd3A_YdAJBWbFSqd1iimppNV09pWOL\/view?usp=sharing\">Creaci\u00f3 d\u2019un guant de realitat virtual.<\/a><\/strong><\/span><\/p>\n<p>&nbsp;<\/p>\n<p>&nbsp;<\/p>\n<p><span style=\"font-size: 12pt; font-family: helvetica, arial, sans-serif;\"><strong>Xavier Montes Gallego<\/strong><\/span><\/p>\n<p><span style=\"font-size: 12pt; font-family: helvetica, arial, sans-serif;\"><strong>INS Puig Castellar<\/strong><\/span><\/td>\n<\/tr>\n<tr style=\"height: 34px;\">\n<td style=\"width: 33.3333%; height: 10px;\"><span style=\"font-size: 12pt; font-family: helvetica, arial, sans-serif;\"><strong><img loading=\"lazy\" decoding=\"async\" class=\"alignleft size-medium wp-image-19332\" src=\"https:\/\/serveiseducatius.xtec.cat\/santacolomag\/wp-content\/uploads\/usu1183\/2023\/05\/amor-png-300x168.png\" alt=\"\" width=\"300\" height=\"168\" \/><\/strong><strong><a href=\"https:\/\/drive.google.com\/file\/d\/1vI7mv2yMJSjKBtGmcKq4hP5zI_fQU0HL\/view?usp=share_link\">L\u2019amor: el proc\u00e9s neurobiol\u00f2gic necessari per la vida.<\/a><\/strong><\/span><\/p>\n<p>&nbsp;<\/p>\n<p><span style=\"font-size: 12pt; font-family: helvetica, arial, sans-serif;\"><strong>Noa Costa Gonz\u00e1lez<\/strong><\/span><\/p>\n<p><span style=\"font-size: 12pt; font-family: helvetica, arial, sans-serif;\"><strong>INS Les Vinyes<\/strong><\/span><\/td>\n<td style=\"width: 33.3333%; height: 10px;\"><span style=\"font-size: 12pt; font-family: helvetica, arial, sans-serif;\"><strong><img loading=\"lazy\" decoding=\"async\" class=\"alignleft wp-image-19334\" src=\"https:\/\/serveiseducatius.xtec.cat\/santacolomag\/wp-content\/uploads\/usu1183\/2023\/05\/Planol-parades-Mireia-Marcos-1-300x220.jpg\" alt=\"\" width=\"288\" height=\"211\" \/><\/strong><strong><a href=\"https:\/\/drive.google.com\/file\/d\/1s3gWmRrJMEqEV_obN8GA3mSfuTRHVmlB\/view?usp=share_link\">Estudi i disseny de la millora de la xarxa d\u2019autobusos de Santa Coloma de Gramenet mitjan\u00e7ant l\u2019aplicaci\u00f3 de grafs.<\/a><\/strong><\/span><\/p>\n<p>&nbsp;<\/p>\n<p><span style=\"font-size: 12pt; font-family: helvetica, arial, sans-serif;\"><strong>Mireia Marcos Ca\u00f1al<\/strong><\/span><\/p>\n<p><span style=\"font-size: 12pt; font-family: helvetica, arial, sans-serif;\"><strong>INS Puig Castellar<\/strong><\/span><\/td>\n<\/tr>\n<tr style=\"height: 34px;\">\n<td style=\"width: 33.3333%; height: 10px;\"><span style=\"font-size: 12pt; font-family: helvetica, arial, sans-serif;\"><strong><img loading=\"lazy\" decoding=\"async\" class=\"alignleft wp-image-19337\" src=\"https:\/\/serveiseducatius.xtec.cat\/santacolomag\/wp-content\/uploads\/usu1183\/2023\/05\/holocaust-300x216.jpg\" alt=\"\" width=\"271\" height=\"195\" \/><br \/>\n<a href=\"https:\/\/drive.google.com\/file\/d\/1g66bzoYC88BsQscsUJsS9Xj7heVmHa5Q\/view?usp=share_link\">Com han educat els seus descendents de les v\u00edctimes de l\u2019holocaust nazi?<\/a><\/strong><\/span><\/p>\n<p>&nbsp;<\/p>\n<p><span style=\"font-size: 12pt; font-family: helvetica, arial, sans-serif;\"><strong>Aina Cucurull Garcia<\/strong><\/span><span style=\"font-size: 12pt; font-family: helvetica, arial, sans-serif;\"><strong>I<\/strong><\/span><\/p>\n<p><span style=\"font-size: 12pt; font-family: helvetica, arial, sans-serif;\"><strong>NS Puig Castellar<\/strong><\/span><\/td>\n<td style=\"width: 33.3333%; height: 10px;\"><span style=\"font-size: 12pt; font-family: helvetica, arial, sans-serif;\"><strong><img loading=\"lazy\" decoding=\"async\" class=\"alignleft wp-image-19349\" src=\"https:\/\/serveiseducatius.xtec.cat\/santacolomag\/wp-content\/uploads\/usu1183\/2023\/05\/cervell-300x300.png\" alt=\"\" width=\"234\" height=\"234\" \/><\/strong><\/span><\/p>\n<p><span style=\"font-size: 12pt; font-family: helvetica, arial, sans-serif;\"><strong><a href=\"https:\/\/drive.google.com\/file\/d\/11-tDCwMlRg77Pj33LCAd6Q_gtetFPeHR\/view?usp=sharing\">L\u2019est\u00edmul de la m\u00fasica i l\u2019esport al cervell.<\/a><\/strong><\/span><\/p>\n<p>&nbsp;<\/p>\n<p>&nbsp;<\/p>\n<p><span style=\"font-size: 12pt; font-family: helvetica, arial, sans-serif;\"><strong>Elena Nieves Pe\u00f1a i Candela Oc\u00f3n N\u00fa\u00f1ez<\/strong><\/span><\/p>\n<p><span style=\"font-size: 12pt; font-family: helvetica, arial, sans-serif;\"><strong>INS Num\u00e0ncia<\/strong><\/span><\/td>\n<\/tr>\n<tr style=\"height: 34px;\">\n<td style=\"width: 33.3333%; height: 10px;\">&nbsp;<\/p>\n<p><span style=\"font-size: 12pt; font-family: helvetica, arial, sans-serif;\"><strong><img loading=\"lazy\" decoding=\"async\" class=\"wp-image-19339 alignleft\" src=\"https:\/\/serveiseducatius.xtec.cat\/santacolomag\/wp-content\/uploads\/usu1183\/2023\/05\/ballet-139x300.jpg\" alt=\"\" width=\"128\" height=\"276\" \/><\/strong><\/span><\/p>\n<p><span style=\"font-size: 12pt; font-family: helvetica, arial, sans-serif;\"><strong><a href=\"https:\/\/drive.google.com\/file\/d\/10Q3etPRsFIz4ljNXnYg4I1LrWfn9GM7R\/view?usp=share_link\">Beneficis psicol\u00f2gics del ballet. Millora el ballet l\u2019estabilitat emocional?<\/a><br \/>\n<\/strong><\/span><\/p>\n<p>&nbsp;<\/p>\n<p><span style=\"font-size: 12pt; font-family: helvetica, arial, sans-serif;\"><strong><br \/>\nPaula Ca\u00f1as Garc\u00eda<\/strong><\/span><\/p>\n<p><span style=\"font-size: 12pt;\"><strong>INS Ramon Berenguer IV<\/strong><\/span><\/p>\n<p>&nbsp;<\/td>\n<td style=\"width: 33.3333%; height: 10px;\"><span style=\"font-size: 12pt; font-family: helvetica, arial, sans-serif;\"><strong><img loading=\"lazy\" decoding=\"async\" class=\"alignleft size-medium wp-image-19341\" src=\"https:\/\/serveiseducatius.xtec.cat\/santacolomag\/wp-content\/uploads\/usu1183\/2023\/05\/posidonia-300x208.jpg\" alt=\"\" width=\"300\" height=\"208\" \/><a href=\"https:\/\/drive.google.com\/file\/d\/1C-vUoX_qtlKeE6W6wnyc1UuGKfCVR92S\/view?usp=share_link\">El pulm\u00f3 del Mediterrani: si hi ha Posid\u00f2nia, hi ha vida.<\/a><\/strong><\/span><\/p>\n<p>&nbsp;<\/p>\n<p>&nbsp;<\/p>\n<p><span style=\"font-size: 12pt;\"><strong>Judith Sevilla Berra<\/strong><\/span><\/p>\n<p><span style=\"font-size: 12pt; font-family: helvetica, arial, sans-serif;\"><strong>INS Ramon Berenguer IV<\/strong><\/span><\/td>\n<\/tr>\n<tr style=\"height: 34px;\">\n<td style=\"width: 33.3333%; height: 10px;\"><span style=\"font-size: 12pt; font-family: helvetica, arial, sans-serif;\"><strong><img loading=\"lazy\" decoding=\"async\" class=\"alignleft wp-image-19342\" src=\"https:\/\/serveiseducatius.xtec.cat\/santacolomag\/wp-content\/uploads\/usu1183\/2023\/05\/domotica-300x121.jpg\" alt=\"\" width=\"288\" height=\"116\" \/><a href=\"https:\/\/drive.google.com\/file\/d\/1Ti2REjHMp-OmA2TiiIMbn4PTLwQkwHi6\/view?usp=share_link\">La casa dom\u00f2tica.<\/a><\/strong><\/span><\/p>\n<p><span style=\"font-size: 12pt; font-family: helvetica, arial, sans-serif;\"><strong><br \/>\nLidia Gil Martin<\/strong><\/span><\/p>\n<p><span style=\"font-size: 12pt; font-family: helvetica, arial, sans-serif;\"><strong>INS La Bastida<\/strong><\/span><\/td>\n<td style=\"width: 33.3333%; height: 10px;\"><span style=\"font-size: 12pt; font-family: helvetica, arial, sans-serif;\"><strong><img loading=\"lazy\" decoding=\"async\" class=\"alignleft wp-image-19336\" src=\"https:\/\/serveiseducatius.xtec.cat\/santacolomag\/wp-content\/uploads\/usu1183\/2023\/05\/Imatge-2-TR-Quinti_page-0001-300x169.jpg\" alt=\"\" width=\"315\" height=\"178\" \/><a href=\"https:\/\/drive.google.com\/file\/d\/1L2ZcmvSsjkU5KBym7Q7WwzNsR40cbL6b\/view?usp=share_link\">Podem considerar els <em>e-sports<\/em> un esport?<\/a><\/strong><\/span><\/p>\n<p>&nbsp;<\/p>\n<p><span style=\"font-size: 12pt; font-family: helvetica, arial, sans-serif;\"><strong><br \/>\nQuinti Caba\u00f1as Lara<\/strong><\/span><\/p>\n<p><span style=\"font-size: 12pt; font-family: helvetica, arial, sans-serif;\"><strong>INS Can Peixauet<\/strong><\/span><\/p>\n<p>&nbsp;<\/td>\n<\/tr>\n<tr style=\"height: 34px;\">\n<td style=\"width: 33.3333%; height: 22px;\">&nbsp;<\/p>\n<p><span style=\"font-size: 12pt; font-family: helvetica, arial, sans-serif;\"><strong><img loading=\"lazy\" decoding=\"async\" class=\"alignleft wp-image-19355\" src=\"https:\/\/serveiseducatius.xtec.cat\/santacolomag\/wp-content\/uploads\/usu1183\/2023\/05\/fertilitzants-jpg-1-300x144.jpg\" alt=\"\" width=\"321\" height=\"154\" \/><a href=\"https:\/\/drive.google.com\/file\/d\/1w-mshBR4FAWA6Y_-tzEg2HayqYY_GSqR\/view?usp=share_link\">Efecte dels fertilitzants sobre el desenvolupament vegetal.<\/a><\/strong><\/span><\/p>\n<p>&nbsp;<\/p>\n<p><span style=\"font-size: 12pt; font-family: helvetica, arial, sans-serif;\"><strong>Malak El Moussaoui El Bhiri<\/strong><\/span><\/p>\n<p><span style=\"font-size: 12pt; font-family: helvetica, arial, sans-serif;\"><strong>INS La Bastida<\/strong><\/span><\/p>\n<p>&nbsp;<\/td>\n<td style=\"width: 33.3333%; height: 22px;\"><span style=\"font-size: 12pt; font-family: helvetica, arial, sans-serif;\"><strong><strong><img loading=\"lazy\" decoding=\"async\" class=\"alignleft wp-image-19344\" src=\"https:\/\/serveiseducatius.xtec.cat\/santacolomag\/wp-content\/uploads\/usu1183\/2023\/05\/genere-300x300.png\" alt=\"\" width=\"212\" height=\"212\" \/><br \/>\n<a href=\"https:\/\/drive.google.com\/file\/d\/11PyZZJ8YgoeDP9vQKRE1M5qO-V2WRQiE\/view?usp=share_link\">Influ\u00e8ncia del g\u00e8nere en l\u2019elecci\u00f3 professional.<\/a><\/strong><\/strong><\/span><\/p>\n<p>&nbsp;<\/p>\n<p><span style=\"font-size: 12pt; font-family: helvetica, arial, sans-serif;\"><strong>Hislori de la Rosa de Jes\u00fas<\/strong><\/span><\/p>\n<p>&nbsp;<\/p>\n<p><span style=\"font-size: 12pt; font-family: helvetica, arial, sans-serif;\"><strong>I<\/strong><\/span><span style=\"font-size: 12pt; font-family: helvetica, arial, sans-serif;\"><strong>NS Can Peixauet<\/strong><\/span><\/p>\n<p>&nbsp;<\/p>\n<p>&nbsp;<\/td>\n<\/tr>\n<tr style=\"height: 10px;\">\n<td style=\"width: 33.3333%; height: 10px;\"><span style=\"font-size: 12pt; font-family: helvetica, arial, sans-serif;\"><span style=\"font-size: 12pt; font-family: helvetica, arial, sans-serif;\"><strong><img loading=\"lazy\" decoding=\"async\" class=\"alignleft size-medium wp-image-19353\" src=\"https:\/\/serveiseducatius.xtec.cat\/santacolomag\/wp-content\/uploads\/usu1183\/2023\/05\/JPG-dummies-300x203.png\" alt=\"\" width=\"300\" height=\"203\" \/><br \/>\n<a href=\"https:\/\/drive.google.com\/file\/d\/1i7klDPsS2AiPGukzMfna3qrUlDtXLzdM\/view?usp=share_link\">JPEG per a <em>dummies.<\/em><\/a><\/strong><\/span><\/span><\/p>\n<p><span style=\"font-size: 12pt; font-family: helvetica, arial, sans-serif;\"><strong><br \/>\nXavier \u00c1lvarez Burgue\u00f1o<\/strong><\/span><\/p>\n<p><span style=\"font-size: 12pt; font-family: helvetica, arial, sans-serif;\"><br \/>\n<\/span><span style=\"font-size: 12pt; font-family: helvetica, arial, sans-serif;\"><strong>INS Terra Roja<\/strong><\/span><\/td>\n<td style=\"width: 33.3333%; height: 10px;\"><span style=\"font-size: 12pt; font-family: helvetica, arial, sans-serif;\"><strong><img loading=\"lazy\" decoding=\"async\" class=\"alignleft wp-image-19348\" src=\"https:\/\/serveiseducatius.xtec.cat\/santacolomag\/wp-content\/uploads\/usu1183\/2023\/05\/transtorn-300x160.png\" alt=\"\" width=\"272\" height=\"145\" srcset=\"https:\/\/serveiseducatius.xtec.cat\/santacolomag\/wp-content\/uploads\/usu1183\/2023\/05\/transtorn-300x160.png 300w, https:\/\/serveiseducatius.xtec.cat\/santacolomag\/wp-content\/uploads\/usu1183\/2023\/05\/transtorn.png 452w\" sizes=\"auto, (max-width: 272px) 100vw, 272px\" \/><a href=\"https:\/\/drive.google.com\/file\/d\/1od4v7hByrIQZCJH7OQwxW7tELd5DobmV\/view?usp=share_link\">El trastorn d\u2019identitat dissociatiu, un trastorn invisible per a la societat?<\/a><\/strong><\/span><\/p>\n<p><span style=\"font-size: 12pt; font-family: helvetica, arial, sans-serif;\"><strong><br \/>\nJustine Yi Zhang<\/strong><\/span><\/p>\n<p><span style=\"font-size: 12pt; font-family: helvetica, arial, sans-serif;\"><strong>INS Torrent de les Bruixes<\/strong><\/span><\/td>\n<\/tr>\n<tr style=\"height: 34px;\">\n<td style=\"width: 33.3333%; height: 10px;\">&nbsp;<\/p>\n<p><span style=\"font-size: 12pt; font-family: helvetica, arial, sans-serif;\"><strong><img loading=\"lazy\" decoding=\"async\" class=\"alignleft size-medium wp-image-19338\" src=\"https:\/\/serveiseducatius.xtec.cat\/santacolomag\/wp-content\/uploads\/usu1183\/2023\/05\/proces-creatiu-300x212.jpg\" alt=\"\" width=\"300\" height=\"212\" \/><a href=\"https:\/\/drive.google.com\/file\/d\/1iyX2X8IuYa-W1ttUYeQv7yXMaCWJFIPA\/view?usp=share_link\">Proc\u00e9s creatiu d\u2019un actor a nivell neurocient\u00edfic.<\/a><\/strong><\/span><\/p>\n<p>&nbsp;<\/p>\n<p><span style=\"font-size: 12pt; font-family: helvetica, arial, sans-serif;\"><strong>Aitana Ortega S\u00e1nchez<\/strong><\/span><\/p>\n<p>&nbsp;<\/p>\n<p><span style=\"font-size: 12pt; font-family: helvetica, arial, sans-serif;\"><strong>INS Les Vinyes<\/strong><\/span><\/p>\n<p>&nbsp;<\/p>\n<p>&nbsp;<\/td>\n<td style=\"width: 33.3333%; height: 10px;\"><span style=\"font-size: 12pt; font-family: helvetica, arial, sans-serif;\"><strong><img loading=\"lazy\" decoding=\"async\" class=\"alignleft wp-image-19350\" src=\"https:\/\/serveiseducatius.xtec.cat\/santacolomag\/wp-content\/uploads\/usu1183\/2023\/05\/anorexia-221x300.jpg\" alt=\"\" width=\"193\" height=\"262\" \/><\/strong><\/span><\/p>\n<p><span style=\"font-size: 12pt; font-family: helvetica, arial, sans-serif;\"><strong><a href=\"https:\/\/drive.google.com\/file\/d\/1IwEtnE4kFMvtAFKsaAEIOZf-e9VhsbLm\/view?usp=share_link\">L\u2019anor\u00e8xia i les xarxes socials.<\/a><\/strong><\/span><\/p>\n<p>&nbsp;<\/p>\n<p><span style=\"font-size: 12pt; font-family: helvetica, arial, sans-serif;\"><strong><br \/>\nTania Ruiz Mu\u00f1oz<\/strong><\/span><\/p>\n<p>&nbsp;<\/p>\n<p><span style=\"font-size: 12pt; font-family: helvetica, arial, sans-serif;\"><strong>INS Torrent de les Bruixes<\/strong><\/span><\/td>\n<\/tr>\n<tr style=\"height: 34px;\">\n<td style=\"width: 33.3333%; height: 34px;\"><span style=\"font-size: 12pt; font-family: helvetica, arial, sans-serif;\"><strong><img loading=\"lazy\" decoding=\"async\" class=\"alignleft size-medium wp-image-19351\" src=\"https:\/\/serveiseducatius.xtec.cat\/santacolomag\/wp-content\/uploads\/usu1183\/2023\/05\/pensar-maquines-300x170.jpg\" alt=\"\" width=\"300\" height=\"170\" \/><\/strong><\/span><\/p>\n<p><span style=\"font-size: 12pt; font-family: helvetica, arial, sans-serif;\"><strong><a href=\"https:\/\/drive.google.com\/file\/d\/1dI5X-RbNAeraTxZ4bUZ6XmVYyFyzD637\/view?usp=share_link\">Poden pensar les m\u00e0quines?<\/a><\/strong><\/span><\/p>\n<p><span style=\"font-size: 12pt; font-family: helvetica, arial, sans-serif;\"><strong><br \/>\nYufeng Chen<\/strong><\/span><\/p>\n<p><span style=\"font-size: 12pt; font-family: helvetica, arial, sans-serif;\"><strong>INS Terra Roja<\/strong><\/span><\/td>\n<td style=\"width: 33.3333%; height: 34px;\"><span style=\"font-size: 12pt; font-family: helvetica, arial, sans-serif;\"><strong>\u00a0<\/strong><\/span><\/td>\n<\/tr>\n<tr style=\"height: 34px;\">\n<td style=\"width: 66.6666%; height: 34px;\" colspan=\"2\"><span style=\"font-size: 12pt; font-family: helvetica, arial, sans-serif;\">\u00a0<\/span><\/p>\n<p><span style=\"color: #800080; font-size: 12pt; font-family: helvetica, arial, sans-serif;\"><strong><a style=\"color: #800080;\" href=\"https:\/\/serveiseducatius.xtec.cat\/santacolomag\/general\/xxii-presentacio-de-treballs-de-recerca\/\">CURSOS ANTERIORS<\/a><\/strong><\/span><\/td>\n<\/tr>\n<\/tbody>\n<\/table>\n","protected":false},"excerpt":{"rendered":"<p>Treballs de recerca de 2n de batxillerat dels instituts de Santa Coloma de Gramenet presentats.<\/p>\n","protected":false},"author":7,"featured_media":17833,"comment_status":"closed","ping_status":"closed","sticky":false,"template":"","format":"standard","meta":{"_bbp_topic_count":0,"_bbp_reply_count":0,"_bbp_total_topic_count":0,"_bbp_total_reply_count":0,"_bbp_voice_count":0,"_bbp_anonymous_reply_count":0,"_bbp_topic_count_hidden":0,"_bbp_reply_count_hidden":0,"_bbp_forum_subforum_count":0,"site-sidebar-layout":"default","site-content-layout":"","ast-site-content-layout":"","site-content-style":"default","site-sidebar-style":"default","ast-global-header-display":"","ast-banner-title-visibility":"","ast-main-header-display":"","ast-hfb-above-header-display":"","ast-hfb-below-header-display":"","ast-hfb-mobile-header-display":"","site-post-title":"","ast-breadcrumbs-content":"","ast-featured-img":"","footer-sml-layout":"","theme-transparent-header-meta":"","adv-header-id-meta":"","stick-header-meta":"","header-above-stick-meta":"","header-main-stick-meta":"","header-below-stick-meta":"","astra-migrate-meta-layouts":"default","ast-page-background-enabled":"default","ast-page-background-meta":{"desktop":{"background-color":"var(--ast-global-color-4)","background-image":"","background-repeat":"repeat","background-position":"center center","background-size":"auto","background-attachment":"scroll","background-type":"","background-media":"","overlay-type":"","overlay-color":"","overlay-opacity":"","overlay-gradient":""},"tablet":{"background-color":"","background-image":"","background-repeat":"repeat","background-position":"center center","background-size":"auto","background-attachment":"scroll","background-type":"","background-media":"","overlay-type":"","overlay-color":"","overlay-opacity":"","overlay-gradient":""},"mobile":{"background-color":"","background-image":"","background-repeat":"repeat","background-position":"center center","background-size":"auto","background-attachment":"scroll","background-type":"","background-media":"","overlay-type":"","overlay-color":"","overlay-opacity":"","overlay-gradient":""}},"ast-content-background-meta":{"desktop":{"background-color":"var(--ast-global-color-5)","background-image":"","background-repeat":"repeat","background-position":"center center","background-size":"auto","background-attachment":"scroll","background-type":"","background-media":"","overlay-type":"","overlay-color":"","overlay-opacity":"","overlay-gradient":""},"tablet":{"background-color":"var(--ast-global-color-5)","background-image":"","background-repeat":"repeat","background-position":"center center","background-size":"auto","background-attachment":"scroll","background-type":"","background-media":"","overlay-type":"","overlay-color":"","overlay-opacity":"","overlay-gradient":""},"mobile":{"background-color":"var(--ast-global-color-5)","background-image":"","background-repeat":"repeat","background-position":"center center","background-size":"auto","background-attachment":"scroll","background-type":"","background-media":"","overlay-type":"","overlay-color":"","overlay-opacity":"","overlay-gradient":""}},"footnotes":""},"categories":[65,365,29,279],"tags":[302,291,528],"class_list":["post-19324","post","type-post","status-publish","format-standard","has-post-thumbnail","hentry","category-crp","category-experiencies-de-centre","category-portada","category-recerca","tag-jornada","tag-recerca","tag-treballs-de-recerca"],"post_mailing_queue_ids":[],"_links":{"self":[{"href":"https:\/\/serveiseducatius.xtec.cat\/santacolomag\/wp-json\/wp\/v2\/posts\/19324","targetHints":{"allow":["GET"]}}],"collection":[{"href":"https:\/\/serveiseducatius.xtec.cat\/santacolomag\/wp-json\/wp\/v2\/posts"}],"about":[{"href":"https:\/\/serveiseducatius.xtec.cat\/santacolomag\/wp-json\/wp\/v2\/types\/post"}],"author":[{"embeddable":true,"href":"https:\/\/serveiseducatius.xtec.cat\/santacolomag\/wp-json\/wp\/v2\/users\/7"}],"replies":[{"embeddable":true,"href":"https:\/\/serveiseducatius.xtec.cat\/santacolomag\/wp-json\/wp\/v2\/comments?post=19324"}],"version-history":[{"count":4,"href":"https:\/\/serveiseducatius.xtec.cat\/santacolomag\/wp-json\/wp\/v2\/posts\/19324\/revisions"}],"predecessor-version":[{"id":19410,"href":"https:\/\/serveiseducatius.xtec.cat\/santacolomag\/wp-json\/wp\/v2\/posts\/19324\/revisions\/19410"}],"wp:featuredmedia":[{"embeddable":true,"href":"https:\/\/serveiseducatius.xtec.cat\/santacolomag\/wp-json\/wp\/v2\/media\/17833"}],"wp:attachment":[{"href":"https:\/\/serveiseducatius.xtec.cat\/santacolomag\/wp-json\/wp\/v2\/media?parent=19324"}],"wp:term":[{"taxonomy":"category","embeddable":true,"href":"https:\/\/serveiseducatius.xtec.cat\/santacolomag\/wp-json\/wp\/v2\/categories?post=19324"},{"taxonomy":"post_tag","embeddable":true,"href":"https:\/\/serveiseducatius.xtec.cat\/santacolomag\/wp-json\/wp\/v2\/tags?post=19324"}],"curies":[{"name":"wp","href":"https:\/\/api.w.org\/{rel}","templated":true}]}}