{"id":19261,"date":"2023-04-21T09:22:06","date_gmt":"2023-04-21T07:22:06","guid":{"rendered":"https:\/\/serveiseducatius.xtec.cat\/santacolomag\/?p=19261"},"modified":"2023-04-21T09:28:59","modified_gmt":"2023-04-21T07:28:59","slug":"cap-infant-sense-un-llibre","status":"publish","type":"post","link":"https:\/\/serveiseducatius.xtec.cat\/santacolomag\/portada\/cap-infant-sense-un-llibre\/","title":{"rendered":"Cap infant sense un llibre!"},"content":{"rendered":"<p>L\u2019escola Fray Luis de Le\u00f3n va visitar la <a href=\"https:\/\/www.llibreriacarrermajor.cat\/cat\/\">Llibreria del Carrer Major<\/a> per tal que cada nen i nena compr\u00e9s un llibre. En aquesta activitat, programada per la setmana anterior a Sant Jordi, hi va participar tot l\u2019alumnat dels cicles mitj\u00e0 i superior. De dimarts a divendres, els diversos grups de l\u2019escola van ser rebuts per Argimiro Segura, llibreter i exmestre de l\u2019escola Ban\u00fas, que els va donar la benvinguda, va atendre les seves peticions i va respondre totes les consultes.<\/p>\n<p><a href=\"https:\/\/serveiseducatius.xtec.cat\/santacolomag\/wp-content\/uploads\/usu1183\/2023\/04\/Fray-Luis-3.jpg\"><img loading=\"lazy\" decoding=\"async\" class=\"size-medium wp-image-19263 alignleft\" src=\"https:\/\/serveiseducatius.xtec.cat\/santacolomag\/wp-content\/uploads\/usu1183\/2023\/04\/Fray-Luis-3-300x225.jpg\" alt=\"\" width=\"300\" height=\"225\" srcset=\"https:\/\/serveiseducatius.xtec.cat\/santacolomag\/wp-content\/uploads\/usu1183\/2023\/04\/Fray-Luis-3-300x225.jpg 300w, https:\/\/serveiseducatius.xtec.cat\/santacolomag\/wp-content\/uploads\/usu1183\/2023\/04\/Fray-Luis-3-1024x768.jpg 1024w, https:\/\/serveiseducatius.xtec.cat\/santacolomag\/wp-content\/uploads\/usu1183\/2023\/04\/Fray-Luis-3-768x576.jpg 768w, https:\/\/serveiseducatius.xtec.cat\/santacolomag\/wp-content\/uploads\/usu1183\/2023\/04\/Fray-Luis-3-1536x1152.jpg 1536w, https:\/\/serveiseducatius.xtec.cat\/santacolomag\/wp-content\/uploads\/usu1183\/2023\/04\/Fray-Luis-3-200x150.jpg 200w, https:\/\/serveiseducatius.xtec.cat\/santacolomag\/wp-content\/uploads\/usu1183\/2023\/04\/Fray-Luis-3.jpg 2048w\" sizes=\"auto, (max-width: 300px) 100vw, 300px\" \/><\/a><\/p>\n<p>Pr\u00e8viament, les nenes i nens del Fray Luis havien preparat la sortida a classe i havien fet una tria de llibres, que havien sol\u00b7licitat a la llibreria. Malauradament, no tots havien arribat, per\u00f2 de tota manera els infants van poder repensar-s\u2019hi i escollir, <em>in situ<\/em>, el t\u00edtol que m\u00e9s els agrad\u00e9s. Els m\u00e9s buscats, de la s\u00e8rie <em>Els futbol\u00edssims<\/em>, els c\u00f2mics japonesos o <em>Destrossa aquest diari<\/em>, es van exhaurir de seguida. Tamb\u00e9 van adquirir contes il\u00b7lustrats i algun \u00e0lbum de divulgaci\u00f3 cient\u00edfica.<\/p>\n<p>Despr\u00e9s de la visita, l\u2019activitat continuar\u00e0 a l\u2019escola. L\u2019objectiu \u00e9s que el gust per la lectura tingui bases s\u00f2lides; es tracta de dotar els alumnes d\u2019una experi\u00e8ncia de reflexi\u00f3 al voltant dels llibres i del fet de llegir. Qu\u00e8 busquem en un llibre? Quina mena de llibres tenim a l\u2019abast? Quins val la pena comprar? Un primer pas per formar una petita col\u00b7lecci\u00f3 de t\u00edtols personals i, de passada, con\u00e8ixer l\u2019entorn comercial i cultural de Santa Coloma.<\/p>\n<p>La transacci\u00f3 es va fer mitjan\u00e7ant uns vals de compra intercanviables per un llibre, independentment del preu. La despesa es cobreix amb part dels fons PROA+.<\/p>\n<p><a href=\"https:\/\/serveiseducatius.xtec.cat\/santacolomag\/wp-content\/uploads\/usu1183\/2023\/04\/Fray-Luis-2-scaled.jpg\"><img loading=\"lazy\" decoding=\"async\" class=\"alignnone size-medium wp-image-19262\" src=\"https:\/\/serveiseducatius.xtec.cat\/santacolomag\/wp-content\/uploads\/usu1183\/2023\/04\/Fray-Luis-2-300x103.jpg\" alt=\"\" width=\"300\" height=\"103\" srcset=\"https:\/\/serveiseducatius.xtec.cat\/santacolomag\/wp-content\/uploads\/usu1183\/2023\/04\/Fray-Luis-2-300x103.jpg 300w, https:\/\/serveiseducatius.xtec.cat\/santacolomag\/wp-content\/uploads\/usu1183\/2023\/04\/Fray-Luis-2-1024x351.jpg 1024w, https:\/\/serveiseducatius.xtec.cat\/santacolomag\/wp-content\/uploads\/usu1183\/2023\/04\/Fray-Luis-2-768x264.jpg 768w, https:\/\/serveiseducatius.xtec.cat\/santacolomag\/wp-content\/uploads\/usu1183\/2023\/04\/Fray-Luis-2-1536x527.jpg 1536w, https:\/\/serveiseducatius.xtec.cat\/santacolomag\/wp-content\/uploads\/usu1183\/2023\/04\/Fray-Luis-2-2048x703.jpg 2048w\" sizes=\"auto, (max-width: 300px) 100vw, 300px\" \/><\/a><\/p>\n","protected":false},"excerpt":{"rendered":"<p>L&#8217;escola Fray Luis de Le\u00f3n ha decidit que cada infant de cicle mitj\u00e0 i superior pugui comprar almenys un llibre.<\/p>\n","protected":false},"author":88,"featured_media":19263,"comment_status":"closed","ping_status":"closed","sticky":false,"template":"","format":"standard","meta":{"_bbp_topic_count":0,"_bbp_reply_count":0,"_bbp_total_topic_count":0,"_bbp_total_reply_count":0,"_bbp_voice_count":0,"_bbp_anonymous_reply_count":0,"_bbp_topic_count_hidden":0,"_bbp_reply_count_hidden":0,"_bbp_forum_subforum_count":0,"site-sidebar-layout":"default","site-content-layout":"","ast-site-content-layout":"","site-content-style":"default","site-sidebar-style":"default","ast-global-header-display":"","ast-banner-title-visibility":"","ast-main-header-display":"","ast-hfb-above-header-display":"","ast-hfb-below-header-display":"","ast-hfb-mobile-header-display":"","site-post-title":"","ast-breadcrumbs-content":"","ast-featured-img":"","footer-sml-layout":"","theme-transparent-header-meta":"","adv-header-id-meta":"","stick-header-meta":"","header-above-stick-meta":"","header-main-stick-meta":"","header-below-stick-meta":"","astra-migrate-meta-layouts":"default","ast-page-background-enabled":"default","ast-page-background-meta":{"desktop":{"background-color":"var(--ast-global-color-4)","background-image":"","background-repeat":"repeat","background-position":"center center","background-size":"auto","background-attachment":"scroll","background-type":"","background-media":"","overlay-type":"","overlay-color":"","overlay-opacity":"","overlay-gradient":""},"tablet":{"background-color":"","background-image":"","background-repeat":"repeat","background-position":"center center","background-size":"auto","background-attachment":"scroll","background-type":"","background-media":"","overlay-type":"","overlay-color":"","overlay-opacity":"","overlay-gradient":""},"mobile":{"background-color":"","background-image":"","background-repeat":"repeat","background-position":"center center","background-size":"auto","background-attachment":"scroll","background-type":"","background-media":"","overlay-type":"","overlay-color":"","overlay-opacity":"","overlay-gradient":""}},"ast-content-background-meta":{"desktop":{"background-color":"var(--ast-global-color-5)","background-image":"","background-repeat":"repeat","background-position":"center center","background-size":"auto","background-attachment":"scroll","background-type":"","background-media":"","overlay-type":"","overlay-color":"","overlay-opacity":"","overlay-gradient":""},"tablet":{"background-color":"var(--ast-global-color-5)","background-image":"","background-repeat":"repeat","background-position":"center center","background-size":"auto","background-attachment":"scroll","background-type":"","background-media":"","overlay-type":"","overlay-color":"","overlay-opacity":"","overlay-gradient":""},"mobile":{"background-color":"var(--ast-global-color-5)","background-image":"","background-repeat":"repeat","background-position":"center center","background-size":"auto","background-attachment":"scroll","background-type":"","background-media":"","overlay-type":"","overlay-color":"","overlay-opacity":"","overlay-gradient":""}},"footnotes":""},"categories":[64,450,68,365,29],"tags":[],"class_list":["post-19261","post","type-post","status-publish","format-standard","has-post-thumbnail","hentry","category-comunitat","category-coneixer-santa-coloma","category-elic","category-experiencies-de-centre","category-portada"],"post_mailing_queue_ids":[],"_links":{"self":[{"href":"https:\/\/serveiseducatius.xtec.cat\/santacolomag\/wp-json\/wp\/v2\/posts\/19261","targetHints":{"allow":["GET"]}}],"collection":[{"href":"https:\/\/serveiseducatius.xtec.cat\/santacolomag\/wp-json\/wp\/v2\/posts"}],"about":[{"href":"https:\/\/serveiseducatius.xtec.cat\/santacolomag\/wp-json\/wp\/v2\/types\/post"}],"author":[{"embeddable":true,"href":"https:\/\/serveiseducatius.xtec.cat\/santacolomag\/wp-json\/wp\/v2\/users\/88"}],"replies":[{"embeddable":true,"href":"https:\/\/serveiseducatius.xtec.cat\/santacolomag\/wp-json\/wp\/v2\/comments?post=19261"}],"version-history":[{"count":3,"href":"https:\/\/serveiseducatius.xtec.cat\/santacolomag\/wp-json\/wp\/v2\/posts\/19261\/revisions"}],"predecessor-version":[{"id":19269,"href":"https:\/\/serveiseducatius.xtec.cat\/santacolomag\/wp-json\/wp\/v2\/posts\/19261\/revisions\/19269"}],"wp:featuredmedia":[{"embeddable":true,"href":"https:\/\/serveiseducatius.xtec.cat\/santacolomag\/wp-json\/wp\/v2\/media\/19263"}],"wp:attachment":[{"href":"https:\/\/serveiseducatius.xtec.cat\/santacolomag\/wp-json\/wp\/v2\/media?parent=19261"}],"wp:term":[{"taxonomy":"category","embeddable":true,"href":"https:\/\/serveiseducatius.xtec.cat\/santacolomag\/wp-json\/wp\/v2\/categories?post=19261"},{"taxonomy":"post_tag","embeddable":true,"href":"https:\/\/serveiseducatius.xtec.cat\/santacolomag\/wp-json\/wp\/v2\/tags?post=19261"}],"curies":[{"name":"wp","href":"https:\/\/api.w.org\/{rel}","templated":true}]}}