{"id":18613,"date":"2022-11-23T11:14:17","date_gmt":"2022-11-23T10:14:17","guid":{"rendered":"https:\/\/serveiseducatius.xtec.cat\/santacolomag\/?p=18613"},"modified":"2022-11-23T11:14:53","modified_gmt":"2022-11-23T10:14:53","slug":"dia-internacional-per-a-leliminacio-de-la-violencia-envers-les-dones","status":"publish","type":"post","link":"https:\/\/serveiseducatius.xtec.cat\/santacolomag\/general\/dia-internacional-per-a-leliminacio-de-la-violencia-envers-les-dones\/","title":{"rendered":"Dia Internacional per a l&#8217;eliminaci\u00f3 de la viol\u00e8ncia envers les dones"},"content":{"rendered":"<div><\/div>\n<div>\n<p><span style=\"font-size: 14pt;\"><img loading=\"lazy\" decoding=\"async\" class=\"alignleft size-full wp-image-11163\" src=\"https:\/\/serveiseducatius.xtec.cat\/santacolomag\/wp-content\/uploads\/usu1183\/2018\/11\/baixa-1-e1541601709301.jpg\" alt=\"\" width=\"175\" height=\"181\" \/>\u2013 <a href=\"https:\/\/laciba.gramenet.cat\/fileadmin\/laciba\/docs_programes\/25N22_web.pdf\">Programa 25N. <\/a>Ajuntament Santa Coloma de Gramenet<a href=\"https:\/\/laciba.gramenet.cat\/fileadmin\/laciba\/docs_programes\/25N22_web.pdf\">.<\/a><br \/>\n<span style=\"font-size: 14pt; font-family: inherit;\">\u2013 <\/span><a style=\"font-size: 14pt; font-family: inherit;\" href=\"https:\/\/www.donesenxarxa.cat\/\">Dones en Xarxa. <\/a><span style=\"font-size: 14pt; font-family: inherit;\">Santa Coloma de Gramenet<\/span><br \/>\n<\/span><span style=\"font-size: 14pt;\">\u2013 <a href=\"https:\/\/educacio.gencat.cat\/ca\/departament\/publicacions\/campanyes\/dia-internacional-eliminacio-violencia-envers-dones\/\" target=\"_blank\" rel=\"noopener\">Dia internacional per a l\u2019eliminaci\u00f3 de la viol\u00e8ncia envers les dones<\/a>, Departament d\u2019Educaci\u00f3<br \/>\n<\/span><span style=\"font-size: 14pt;\">\u2013 <a href=\"https:\/\/xtec.gencat.cat\/ca\/centres\/projeducatiu\/convivencia\/prog-form-prev-violencia-masclista\/\">Programa formatiu de prevenci\u00f3 de la viol\u00e8ncia masclista <\/a>Departament<br \/>\n<\/span><span style=\"font-size: 14pt;\">\u2013\u00a0<a href=\"http:\/\/dones.gencat.cat\/ca\/ambits\/violencia_masclista\/\">Institut Catal\u00e0 de les Dones<\/a><br \/>\n<a href=\"https:\/\/dones.gencat.cat\/ca\/ambits\/campanyes\/estimar-no-fa-mal\/\">\u2013 Estimar no fa mal<\/a><\/span><br \/>\n<span style=\"font-size: 14pt;\">\u2013<a href=\"http:\/\/www.observatoridelesdones.org\/\"> Observatori de les dones i\u00a0 els mitjans de comunicaci\u00f3<\/a><br \/>\n\u2013 <a href=\"https:\/\/www.un.org\/es\/observances\/ending-violence-against-women-day\">Dia Internacional de l&#8217;Eliminaci\u00f3 de la Viol\u00e8ncia contra la Dona 25 de novembre <\/a><\/span><span style=\"font-family: inherit; font-size: 14pt;\">Nacions Unides. ONU<\/span><\/p>\n<p><span style=\"font-size: 14pt;\"><strong>Recursos educatius<br \/>\n<\/strong><span style=\"font-size: 14pt;\">\u2013\u00a0<a href=\"http:\/\/xtec.gencat.cat\/ca\/curriculum\/coeducacio\/\">Coeducaci\u00f3 i Igualtat de g\u00e8nere ( Xtec)<\/a><\/span><\/span><br \/>\n<span style=\"font-size: 14pt;\"><a href=\"https:\/\/blocs.xtec.cat\/coeducacioiigualtat\/?_ga=2.143292796.81591569.1603980091-515784478.1579424156\">\u2013 Programa Coeduca&#8217;t (Xtec)<\/a><br \/>\n\u2013\u00a0<a href=\"https:\/\/ajuntament.barcelona.cat\/dones\/ca\/recursos-i-actualitat\/recursos-pedagogics-i-de-sensibilitzacio\">Dones i Feminismes. Recursos pedag\u00f2gics. Ajuntament de Barcelona<\/a><br \/>\n<strong>Cinema<\/strong><\/span><br \/>\n<span style=\"font-size: 14pt;\">\u2013 <a href=\"https:\/\/www.mostrafilmsdones.cat\/\">Mostra de films de dones<\/a><\/span><br \/>\n<span style=\"font-size: 14pt;\">\u2013<a href=\"https:\/\/sites.google.com\/a\/xtec.cat\/crp-santacolomag\/mediateca\/cinema-i-educacio\/seleccio-cinema-i-valors\/cinema-i-genere\"> Cinema i G\u00e8nere (CRP)<\/a><br \/>\n<a href=\"https:\/\/construirmirades.dracmagic.cat\/destacades\/\">\u2013 Drac M\u00e0gic. Propostes per al 25N<\/a><\/span><\/p>\n<p><strong>Llibres en servei de pr\u00e9stec a la mediateca del CRP<\/strong><\/p>\n<p><img loading=\"lazy\" decoding=\"async\" class=\"alignleft wp-image-17129\" src=\"https:\/\/serveiseducatius.xtec.cat\/santacolomag\/wp-content\/uploads\/usu1183\/2021\/11\/IMG-2622-300x228.jpg\" alt=\"\" width=\"354\" height=\"269\" \/><\/p>\n<p>&#8211; Mar\u00eda Murnau y Helen Sotillo. <a href=\"https:\/\/soybibliotecario.blogspot.com\/2018\/10\/feminismo-ilustrado-maria-murnau-helen.sotillo.html\"><em>Feminismo ilustrado. Ideas para combatir el machismo<\/em><\/a>. Ed. Montena. Barcelona 2017<\/p>\n<p>&#8211; Marina Subirats<span style=\"font-family: inherit; font-size: 1em;\">. <\/span><a style=\"font-family: inherit; font-size: 1em;\" href=\"https:\/\/octaedro.com\/libro\/coeducacio-aposta-per-la-llibertat\/\"><em>Coeducaci\u00f3, aposta per la llibertat. <\/em><\/a><span style=\"font-family: inherit; font-size: 1em;\">Ed. Octaedro. Barcelona 2017<\/span><\/p>\n<p><span style=\"font-family: inherit; font-size: 1em;\">&#8211; <\/span>Chimamanda Ngozi Adichie\u00a0<a style=\"font-family: inherit; font-size: 1em;\" href=\"https:\/\/www.penguinrandomhouse.com\/books\/578956\/todos-deberiamos-ser-feministas--we-should-all-be-feminists-by-chimamanda-ngozi-adichie\/\"><em>Todos debeber\u00edamos ser feministas<\/em>.<\/a><span style=\"font-family: inherit; font-size: 1em;\"> Literatura Random House. Barcelona, 2019 (<\/span><a style=\"font-family: inherit; font-size: 1em;\" href=\"https:\/\/youtu.be\/hg3umXU_qWc?t=13\">Ted Talk<\/a><span style=\"font-family: inherit; font-size: 1em;\">)<\/span><\/p>\n<p><span style=\"font-family: inherit; font-size: 1em;\">&#8211; <\/span>Iria Mara\u00f1\u00f3n.<em style=\"font-family: inherit; font-size: 1em;\"><a href=\"https:\/\/www.plataformaeditorial.com\/libro\/6241-educar-en-el-feminismo\"> Educar en el feminismo<\/a>.<\/em><span style=\"font-family: inherit; font-size: 1em;\">\u00a0 Plataforma Actual. <\/span><span style=\"font-family: inherit; font-size: 1em;\">8a edici\u00f3. Barcelona, 2019<\/span><\/p>\n<p><span style=\"font-family: inherit; font-size: 1em;\">&#8211; I<\/span>van Larreynaga, Pamela Palendiano <a style=\"font-family: inherit; font-size: 1em;\" href=\"https:\/\/www.penguinlibros.com\/es\/novela-romantica-juvenil\/7713-libro-si-es-amor-no-duele-coleccion-blackbirds-9788420486239\"><em>Si es amor, no duele.<\/em><\/a><span style=\"font-family: inherit; font-size: 1em;\"> Ed.Alfaguara. Col. Black Birds. 7a edici\u00f3n. 2019<\/span><\/p>\n<p>&#8211; Ame Soler. <a style=\"font-family: inherit; font-size: 1em;\" href=\"https:\/\/tresvoltesrebel.bigcartel.com\/product\/som-les-netes-de-les-bruixes-que-no-vau-poder-cremar\"><em>Som\u00a0 les netes de les bruixes que no van poder cremar.<\/em><\/a><span style=\"font-family: inherit; font-size: 1em;\"> Tresvoltesrbel. Penguin Random House. Barcelona 2019<\/span><\/p>\n<\/div>\n","protected":false},"excerpt":{"rendered":"<p>Webs de refer\u00e8ncia, activitats i recursos  per reflexionar i prevenir la viol\u00e8ncia en els mitjans i en educaci\u00f3.<\/p>\n","protected":false},"author":7,"featured_media":11163,"comment_status":"closed","ping_status":"closed","sticky":false,"template":"","format":"standard","meta":{"_bbp_topic_count":0,"_bbp_reply_count":0,"_bbp_total_topic_count":0,"_bbp_total_reply_count":0,"_bbp_voice_count":0,"_bbp_anonymous_reply_count":0,"_bbp_topic_count_hidden":0,"_bbp_reply_count_hidden":0,"_bbp_forum_subforum_count":0,"site-sidebar-layout":"default","site-content-layout":"","ast-site-content-layout":"","site-content-style":"default","site-sidebar-style":"default","ast-global-header-display":"","ast-banner-title-visibility":"","ast-main-header-display":"","ast-hfb-above-header-display":"","ast-hfb-below-header-display":"","ast-hfb-mobile-header-display":"","site-post-title":"","ast-breadcrumbs-content":"","ast-featured-img":"","footer-sml-layout":"","theme-transparent-header-meta":"","adv-header-id-meta":"","stick-header-meta":"","header-above-stick-meta":"","header-main-stick-meta":"","header-below-stick-meta":"","astra-migrate-meta-layouts":"default","ast-page-background-enabled":"default","ast-page-background-meta":{"desktop":{"background-color":"var(--ast-global-color-4)","background-image":"","background-repeat":"repeat","background-position":"center center","background-size":"auto","background-attachment":"scroll","background-type":"","background-media":"","overlay-type":"","overlay-color":"","overlay-opacity":"","overlay-gradient":""},"tablet":{"background-color":"","background-image":"","background-repeat":"repeat","background-position":"center center","background-size":"auto","background-attachment":"scroll","background-type":"","background-media":"","overlay-type":"","overlay-color":"","overlay-opacity":"","overlay-gradient":""},"mobile":{"background-color":"","background-image":"","background-repeat":"repeat","background-position":"center center","background-size":"auto","background-attachment":"scroll","background-type":"","background-media":"","overlay-type":"","overlay-color":"","overlay-opacity":"","overlay-gradient":""}},"ast-content-background-meta":{"desktop":{"background-color":"var(--ast-global-color-5)","background-image":"","background-repeat":"repeat","background-position":"center center","background-size":"auto","background-attachment":"scroll","background-type":"","background-media":"","overlay-type":"","overlay-color":"","overlay-opacity":"","overlay-gradient":""},"tablet":{"background-color":"var(--ast-global-color-5)","background-image":"","background-repeat":"repeat","background-position":"center center","background-size":"auto","background-attachment":"scroll","background-type":"","background-media":"","overlay-type":"","overlay-color":"","overlay-opacity":"","overlay-gradient":""},"mobile":{"background-color":"var(--ast-global-color-5)","background-image":"","background-repeat":"repeat","background-position":"center center","background-size":"auto","background-attachment":"scroll","background-type":"","background-media":"","overlay-type":"","overlay-color":"","overlay-opacity":"","overlay-gradient":""}},"footnotes":""},"categories":[64,65,1,29,76,434,292],"tags":[325,295,287,532,384],"class_list":["post-18613","post","type-post","status-publish","format-standard","has-post-thumbnail","hentry","category-comunitat","category-crp","category-general","category-portada","category-recursos","category-reflexio","category-actes-commemoratius","tag-coeducacio","tag-diversitat","tag-drets","tag-etica","tag-igualtat"],"post_mailing_queue_ids":[],"_links":{"self":[{"href":"https:\/\/serveiseducatius.xtec.cat\/santacolomag\/wp-json\/wp\/v2\/posts\/18613","targetHints":{"allow":["GET"]}}],"collection":[{"href":"https:\/\/serveiseducatius.xtec.cat\/santacolomag\/wp-json\/wp\/v2\/posts"}],"about":[{"href":"https:\/\/serveiseducatius.xtec.cat\/santacolomag\/wp-json\/wp\/v2\/types\/post"}],"author":[{"embeddable":true,"href":"https:\/\/serveiseducatius.xtec.cat\/santacolomag\/wp-json\/wp\/v2\/users\/7"}],"replies":[{"embeddable":true,"href":"https:\/\/serveiseducatius.xtec.cat\/santacolomag\/wp-json\/wp\/v2\/comments?post=18613"}],"version-history":[{"count":3,"href":"https:\/\/serveiseducatius.xtec.cat\/santacolomag\/wp-json\/wp\/v2\/posts\/18613\/revisions"}],"predecessor-version":[{"id":18617,"href":"https:\/\/serveiseducatius.xtec.cat\/santacolomag\/wp-json\/wp\/v2\/posts\/18613\/revisions\/18617"}],"wp:featuredmedia":[{"embeddable":true,"href":"https:\/\/serveiseducatius.xtec.cat\/santacolomag\/wp-json\/wp\/v2\/media\/11163"}],"wp:attachment":[{"href":"https:\/\/serveiseducatius.xtec.cat\/santacolomag\/wp-json\/wp\/v2\/media?parent=18613"}],"wp:term":[{"taxonomy":"category","embeddable":true,"href":"https:\/\/serveiseducatius.xtec.cat\/santacolomag\/wp-json\/wp\/v2\/categories?post=18613"},{"taxonomy":"post_tag","embeddable":true,"href":"https:\/\/serveiseducatius.xtec.cat\/santacolomag\/wp-json\/wp\/v2\/tags?post=18613"}],"curies":[{"name":"wp","href":"https:\/\/api.w.org\/{rel}","templated":true}]}}