{"id":18610,"date":"2022-11-23T10:23:34","date_gmt":"2022-11-23T09:23:34","guid":{"rendered":"https:\/\/serveiseducatius.xtec.cat\/santacolomag\/?p=18610"},"modified":"2022-11-23T10:23:34","modified_gmt":"2022-11-23T09:23:34","slug":"constellacio-grafica-exposicio-de-comic","status":"publish","type":"post","link":"https:\/\/serveiseducatius.xtec.cat\/santacolomag\/portada\/constellacio-grafica-exposicio-de-comic\/","title":{"rendered":"Constel\u00b7laci\u00f3 gr\u00e0fica. Exposici\u00f3 de c\u00f2mic"},"content":{"rendered":"<div class=\"lead\">\n<p><img loading=\"lazy\" decoding=\"async\" class=\"alignleft  wp-image-18611\" src=\"https:\/\/serveiseducatius.xtec.cat\/santacolomag\/wp-content\/uploads\/usu1183\/2022\/11\/expo_comic_2.jpg\" alt=\"\" width=\"402\" height=\"225\" \/><\/p>\n<div class=\"lead\">\n<p>Un recorregut comentat dins de l&#8217;exposici\u00f3 seguint algunes de les idees clau plantejades per despr\u00e9s poder fer un petit taller que ens apropa al llenguatge del c\u00f2mic.\u00a0El taller tindr\u00e0 lloc a La Comiquera, un espai dissenyat per N\u00faria In\u00e9s (Tinta Fina) on ampliar la visita de forma pr\u00e0ctica i creativa.<br \/>\nPer a grups de prim\u00e0ria, l&#8217;experi\u00e8ncia de la visita i el taller ha estat dissenyada per Marta Cartu.<br \/>\n<span style=\"font-family: inherit; font-size: 1em;\">Vine a con\u00e8ixer 9 autores joves de c\u00f2mic d&#8217;avantguarda:\u00a0<\/span><a style=\"font-family: inherit; font-size: 1em;\" href=\"https:\/\/www.barbaraalca.com\/\" target=\"_blank\" rel=\"noopener\">B\u00e0rbara Alca<\/a><span style=\"font-family: inherit; font-size: 1em;\">\u00a0,\u00a0<\/span><a style=\"font-family: inherit; font-size: 1em;\" href=\"https:\/\/www.martacartu.com\/\" target=\"_blank\" rel=\"noopener\">Marta Cartu<\/a><span style=\"font-family: inherit; font-size: 1em;\">\u00a0,\u00a0<\/span><a style=\"font-family: inherit; font-size: 1em;\" href=\"http:\/\/geniespinosa.com\/\" target=\"_blank\" rel=\"noopener\">Genie Espinosa<\/a><span style=\"font-family: inherit; font-size: 1em;\">\u00a0,\u00a0<\/span><a style=\"font-family: inherit; font-size: 1em;\" href=\"https:\/\/anagalvan.com\/\" target=\"_blank\" rel=\"noopener\">Ana Galva\u00f1<\/a><span style=\"font-family: inherit; font-size: 1em;\">\u00a0,\u00a0<\/span><a style=\"font-family: inherit; font-size: 1em;\" href=\"http:\/\/nadiahafid.com\/\" target=\"_blank\" rel=\"noopener\">Nadia Hafid<\/a><span style=\"font-family: inherit; font-size: 1em;\">\u00a0,\u00a0<\/span><a style=\"font-family: inherit; font-size: 1em;\" href=\"http:\/\/megaqu.blogspot.com\/\" target=\"_blank\" rel=\"noopener\">Conxita Herrero<\/a><span style=\"font-family: inherit; font-size: 1em;\">\u00a0,\u00a0<\/span><a style=\"font-family: inherit; font-size: 1em;\" href=\"https:\/\/mariamedem.bigcartel.com\/\" target=\"_blank\" rel=\"noopener\">Maria Medem<\/a><span style=\"font-family: inherit; font-size: 1em;\">\u00a0,\u00a0<\/span><a style=\"font-family: inherit; font-size: 1em;\" href=\"https:\/\/cargocollective.com\/miriampersand\/\" target=\"_blank\" rel=\"noopener\">Miriam Persand<\/a><span style=\"font-family: inherit; font-size: 1em;\">\u00a0i\u00a0\u00a0<\/span><a style=\"font-family: inherit; font-size: 1em;\" href=\"https:\/\/robertavazquez.bigcartel.com\/\" target=\"_blank\" rel=\"noopener\">Roberta V\u00e1zquez<\/a><span style=\"font-family: inherit; font-size: 1em;\">\u00a0.<\/span><\/p>\n<\/div>\n<h3><span style=\"font-size: 12pt;\">Visita per a docents a c\u00e0rrec de\u00a0<a href=\"https:\/\/www.montserratterrones.cat\/\" target=\"_blank\" rel=\"noopener\">Montserrat Terrones<\/a>\u00a0, comiss\u00e0ria de l&#8217;exposici\u00f3.<\/span><\/h3>\n<p><span style=\"font-size: 12pt;\">13 de desembre, 18.00, inscripcions: seducatiu<span class=\"atwho-query\">@cccb.org<\/span><\/span><\/p>\n<h4>Com s\u00f3n els seus c\u00f2mics?<\/h4>\n<p>Amb les creacions d\u00b4aquestes autores coneixerem una diversitat de llenguatges, registres est\u00e8tics i referents culturals.\u00a0A trav\u00e9s de l&#8217;\u00fas del color, el grafisme o l&#8217;experimentaci\u00f3 estil\u00edstica i narrativa, totes han posat en q\u00fcesti\u00f3 les formes can\u00f2niques del c\u00f2mic.\u00a0Les seves creacions tamb\u00e9 traspassen el c\u00f2mic tenen vida en altres suports art\u00edstics com la cer\u00e0mica, els tapissos i les animacions.<\/p>\n<h4>De qu\u00e8 parlen les hist\u00f2ries?<\/h4>\n<p>La mostra posa en context l&#8217;obra de les autores amb els temes de la realitat mil\u00b7lenial com ara la precarietat econ\u00f2mica i laboral, la desaparici\u00f3 de l&#8217;estabilitat, la relaci\u00f3 amb la tecnologia, la sororitat o les relacions a Internet.<\/p>\n<h4>Com han publicat els c\u00f2mics?<\/h4>\n<p>La majoria d&#8217;autores s&#8217;han autoeditat els llibres en editorials i impremtes petites i moltes presenten els c\u00f2mics en fires de llibres auto editats.\u00a0S\u00f3n un grup d&#8217;artistes que treballen fora dels circuits habituals i l&#8217;exposici\u00f3 us convida a con\u00e8ixer aquest sector professional.<\/p>\n<h4>Qu\u00e8 veurem dins de lexposici\u00f3?<\/h4>\n<p>Dins l&#8217;exposici\u00f3 veurem material original de les autores, entrevistes a cadascuna i altre material de treball.\u00a0Per\u00f2 &#8220;Constel\u00b7laci\u00f3 Gr\u00e0fica&#8221; aposta per exposar el c\u00f2mic d&#8217;una forma innovadora i poc convencional, en qu\u00e8 les historietes i els personatges dels llibres envaeixen l&#8217;espai expositiu a trav\u00e9s de nou instal\u00b7lacions que han imaginat les artistes expressament per a l&#8217;ocasi\u00f3.<\/p>\n<p>&nbsp;<\/p>\n<p>&nbsp;<\/p>\n<\/div>\n","protected":false},"excerpt":{"rendered":"<p>Visita comentada i taller que ens apropa al llenguatge del c\u00f2mic.  Visita per a docents, 13 de desembre a les 18h. Inscripci\u00f3 pr\u00e8via.<\/p>\n","protected":false},"author":7,"featured_media":18611,"comment_status":"closed","ping_status":"closed","sticky":false,"template":"","format":"standard","meta":{"_bbp_topic_count":0,"_bbp_reply_count":0,"_bbp_total_topic_count":0,"_bbp_total_reply_count":0,"_bbp_voice_count":0,"_bbp_anonymous_reply_count":0,"_bbp_topic_count_hidden":0,"_bbp_reply_count_hidden":0,"_bbp_forum_subforum_count":0,"site-sidebar-layout":"default","site-content-layout":"","ast-site-content-layout":"","site-content-style":"default","site-sidebar-style":"default","ast-global-header-display":"","ast-banner-title-visibility":"","ast-main-header-display":"","ast-hfb-above-header-display":"","ast-hfb-below-header-display":"","ast-hfb-mobile-header-display":"","site-post-title":"","ast-breadcrumbs-content":"","ast-featured-img":"","footer-sml-layout":"","theme-transparent-header-meta":"","adv-header-id-meta":"","stick-header-meta":"","header-above-stick-meta":"","header-main-stick-meta":"","header-below-stick-meta":"","astra-migrate-meta-layouts":"default","ast-page-background-enabled":"default","ast-page-background-meta":{"desktop":{"background-color":"var(--ast-global-color-4)","background-image":"","background-repeat":"repeat","background-position":"center center","background-size":"auto","background-attachment":"scroll","background-type":"","background-media":"","overlay-type":"","overlay-color":"","overlay-opacity":"","overlay-gradient":""},"tablet":{"background-color":"","background-image":"","background-repeat":"repeat","background-position":"center center","background-size":"auto","background-attachment":"scroll","background-type":"","background-media":"","overlay-type":"","overlay-color":"","overlay-opacity":"","overlay-gradient":""},"mobile":{"background-color":"","background-image":"","background-repeat":"repeat","background-position":"center center","background-size":"auto","background-attachment":"scroll","background-type":"","background-media":"","overlay-type":"","overlay-color":"","overlay-opacity":"","overlay-gradient":""}},"ast-content-background-meta":{"desktop":{"background-color":"var(--ast-global-color-5)","background-image":"","background-repeat":"repeat","background-position":"center center","background-size":"auto","background-attachment":"scroll","background-type":"","background-media":"","overlay-type":"","overlay-color":"","overlay-opacity":"","overlay-gradient":""},"tablet":{"background-color":"var(--ast-global-color-5)","background-image":"","background-repeat":"repeat","background-position":"center center","background-size":"auto","background-attachment":"scroll","background-type":"","background-media":"","overlay-type":"","overlay-color":"","overlay-opacity":"","overlay-gradient":""},"mobile":{"background-color":"var(--ast-global-color-5)","background-image":"","background-repeat":"repeat","background-position":"center center","background-size":"auto","background-attachment":"scroll","background-type":"","background-media":"","overlay-type":"","overlay-color":"","overlay-opacity":"","overlay-gradient":""}},"footnotes":""},"categories":[313,364,65,403,235,29,292],"tags":[315,296,330],"class_list":["post-18610","post","type-post","status-publish","format-standard","has-post-thumbnail","hentry","category-art","category-competencia-comunicativa","category-crp","category-gust-per-la-lectura","category-formacio_ins","category-portada","category-actes-commemoratius","tag-art","tag-cultura","tag-exposicio"],"post_mailing_queue_ids":[],"_links":{"self":[{"href":"https:\/\/serveiseducatius.xtec.cat\/santacolomag\/wp-json\/wp\/v2\/posts\/18610","targetHints":{"allow":["GET"]}}],"collection":[{"href":"https:\/\/serveiseducatius.xtec.cat\/santacolomag\/wp-json\/wp\/v2\/posts"}],"about":[{"href":"https:\/\/serveiseducatius.xtec.cat\/santacolomag\/wp-json\/wp\/v2\/types\/post"}],"author":[{"embeddable":true,"href":"https:\/\/serveiseducatius.xtec.cat\/santacolomag\/wp-json\/wp\/v2\/users\/7"}],"replies":[{"embeddable":true,"href":"https:\/\/serveiseducatius.xtec.cat\/santacolomag\/wp-json\/wp\/v2\/comments?post=18610"}],"version-history":[{"count":1,"href":"https:\/\/serveiseducatius.xtec.cat\/santacolomag\/wp-json\/wp\/v2\/posts\/18610\/revisions"}],"predecessor-version":[{"id":18612,"href":"https:\/\/serveiseducatius.xtec.cat\/santacolomag\/wp-json\/wp\/v2\/posts\/18610\/revisions\/18612"}],"wp:featuredmedia":[{"embeddable":true,"href":"https:\/\/serveiseducatius.xtec.cat\/santacolomag\/wp-json\/wp\/v2\/media\/18611"}],"wp:attachment":[{"href":"https:\/\/serveiseducatius.xtec.cat\/santacolomag\/wp-json\/wp\/v2\/media?parent=18610"}],"wp:term":[{"taxonomy":"category","embeddable":true,"href":"https:\/\/serveiseducatius.xtec.cat\/santacolomag\/wp-json\/wp\/v2\/categories?post=18610"},{"taxonomy":"post_tag","embeddable":true,"href":"https:\/\/serveiseducatius.xtec.cat\/santacolomag\/wp-json\/wp\/v2\/tags?post=18610"}],"curies":[{"name":"wp","href":"https:\/\/api.w.org\/{rel}","templated":true}]}}