{"id":18592,"date":"2022-11-21T09:59:09","date_gmt":"2022-11-21T08:59:09","guid":{"rendered":"https:\/\/serveiseducatius.xtec.cat\/santacolomag\/?p=18592"},"modified":"2022-11-21T10:04:19","modified_gmt":"2022-11-21T09:04:19","slug":"setmana-europea-per-a-la-prevencio-de-residus-2022","status":"publish","type":"post","link":"https:\/\/serveiseducatius.xtec.cat\/santacolomag\/general\/setmana-europea-per-a-la-prevencio-de-residus-2022\/","title":{"rendered":"Setmana europea per a la prevenci\u00f3 de residus 2022"},"content":{"rendered":"<p><img loading=\"lazy\" decoding=\"async\" class=\"alignleft size-full wp-image-18594\" src=\"https:\/\/serveiseducatius.xtec.cat\/santacolomag\/wp-content\/uploads\/usu1183\/2022\/11\/unnamed.png\" alt=\"\" width=\"207\" height=\"285\" \/><br \/>\nLa Setmana Europea de la Prevenci\u00f3 de Residus neix d&#8217;un projecte de 3 anys que rep el suport del programa LIFE+ de la Comissi\u00f3 Europea. L&#8217;objectiu \u00e9s organitzar durant una mateixa setmana i arreu d&#8217;Europa, accions de sensibilitzaci\u00f3 sobre la prevenci\u00f3 de residus.<\/p>\n<p><strong>Una Setmana Europea per:<\/strong><\/p>\n<ul>\n<li>Donar a con\u00e8ixer estrat\u00e8gies de reducci\u00f3 de residus i la pol\u00edtica de la Uni\u00f3 Europea i dels seus Estats membres en aquesta mat\u00e8ria.<\/li>\n<li>Fomentar accions sostenibles per reduir els residus arreu d&#8217;Europa.<\/li>\n<li>Fer p\u00fablic les tasques dutes a terme pels diversos actors mitjan\u00e7ant exemples concrets de reducci\u00f3 de residus.<\/li>\n<li>Fer canviar el comportament quotidi\u00e0 dels europeus (consum, producci\u00f3).<\/li>\n<\/ul>\n<p>La 14 edici\u00f3 tindr\u00e0 lloc del\u00a0<strong>19 al 27 de novembre de 2022\u00a0<\/strong>i el dia tem\u00e0tic ha posat el focus en els\u00a0<strong>t\u00e8xtils<\/strong>, treballem plegats per un planeta residus zero<\/p>\n<table style=\"border-collapse: collapse; width: 100%;\">\n<tbody>\n<tr>\n<td style=\"width: 26.5818%;\">\n<div class=\"llistat_col-lg-3 nova-altura-dist fila_0\">\n<div class=\"col-xs-12 corrector-margins col-sm-4\">\n<div class=\"box destacat_text_avancat_cont distribuidora-nova-3\">\n<p class=\"border_groc2\"><strong><a title=\"Com participar\" href=\"https:\/\/residus.gencat.cat\/ca\/ambits_dactuacio\/prevencio\/setmana_europea\/com_participar\/\">Com participar<\/a><\/strong><\/p>\n<\/div>\n<\/div>\n<div class=\"col-xs-12 corrector-margins col-sm-4\">\n<div class=\"box destacat_text_avancat_cont distribuidora-nova-3\">\n<p class=\"border_blau4\"><strong><a title=\"Eines \" href=\"https:\/\/residus.gencat.cat\/ca\/ambits_dactuacio\/prevencio\/setmana_europea\/eines_de_comunicacio\/\">Eines<\/a><\/strong><\/p>\n<\/div>\n<\/div>\n<div class=\"col-xs-12 corrector-margins col-sm-4\">\n<div class=\"box destacat_text_avancat_cont distribuidora-nova-3\">\n<p class=\"border_taronja2\"><strong><a title=\"Edicions anteriors\" href=\"https:\/\/residus.gencat.cat\/ca\/ambits_dactuacio\/prevencio\/setmana_europea\/edicions_anteriors\/\">Edicions anteriors<\/a><\/strong><\/p>\n<\/div>\n<\/div>\n<\/div>\n<div class=\"llistat_col-lg-3 nova-altura-dist fila_1\">\n<div class=\"col-xs-12 corrector-margins col-sm-4\">\n<div class=\"box destacat_text_avancat_cont distribuidora-nova-3\">\n<p class=\"border_verd4\"><strong><a title=\"Cat\u00e0leg d'accions \" href=\"https:\/\/residus.gencat.cat\/ca\/ambits_dactuacio\/prevencio\/setmana_europea\/cataleg_accions_de_prevencio\/\">Cat\u00e0leg d&#8217;accions<\/a><\/strong><\/p>\n<\/div>\n<\/div>\n<div class=\"col-xs-12 corrector-margins col-sm-4\">\n<div class=\"box destacat_text_avancat_cont distribuidora-nova-3\">\n<p class=\"border_vermell2\"><strong><a title=\"Dia de la Prevenci\u00f3\" href=\"https:\/\/residus.gencat.cat\/ca\/ambits_dactuacio\/prevencio\/setmana_europea\/dies_tematics\/\">Dia de la Prevenci\u00f3<\/a><\/strong><\/p>\n<\/div>\n<\/div>\n<div class=\"col-xs-12 corrector-margins col-sm-4\">\n<div class=\"box destacat_text_avancat_cont distribuidora-nova-3\">\n<p class=\"border_blau_fosc\"><strong><a title=\"Premi EWWR\" href=\"https:\/\/residus.gencat.cat\/ca\/ambits_dactuacio\/prevencio\/setmana_europea\/premi_europeu_de_prevencio_de_residus\/\">Premi EWWR<\/a><\/strong><\/p>\n<\/div>\n<\/div>\n<\/div>\n<div class=\"llistat_col-lg-3 nova-altura-dist fila_2\">\n<div class=\"col-xs-12 corrector-margins col-sm-4\">\n<div class=\"box destacat_text_avancat_cont distribuidora-nova-3\">\n<p class=\"border_verd5\"><strong><a title=\"Let's Clean Up Europe\" href=\"https:\/\/residus.gencat.cat\/ca\/ambits_dactuacio\/prevencio\/setmana_europea\/lets_clean_up_europe\/\">Let&#8217;s Clean Up Europe<\/a><\/strong><\/p>\n<\/div>\n<\/div>\n<\/div>\n<\/td>\n<td style=\"width: 73.4182%;\"><img loading=\"lazy\" decoding=\"async\" class=\"img-responsive\" src=\"https:\/\/residus.gencat.cat\/web\/.content\/home\/ambits_dactuacio\/prevencio\/setmana_europea_prevencio_de_residus\/img_distribuidora\/dist_lcue.jpg_1290697484.jpg\" alt=\"\" width=\"371\" height=\"278\" \/><\/td>\n<\/tr>\n<\/tbody>\n<\/table>\n<div class=\"llistat_col-lg-3 nova-altura-dist fila_0\">\n<div class=\"col-xs-12 corrector-margins col-sm-4\">\n<div class=\"box destacat_text_avancat_cont distribuidora-nova-3\"><\/div>\n<\/div>\n<\/div>\n<div class=\"llistat_col-lg-3 nova-altura-dist fila_2\">\n<div class=\"col-xs-12 corrector-margins col-sm-4\">\n<div class=\"box destacat_text_avancat_cont distribuidora-nova-3\">\n<div class=\"caixa_imatge\"><\/div>\n<\/div>\n<\/div>\n<\/div>\n","protected":false},"excerpt":{"rendered":"<p>19 -27 Novembre 2022. Els centres poden participar amb iniciatives que ja duen a terme o amb alguna de nova. Si no participeu per\u00f2 voleu aprofitar els materials, tamb\u00e9 els teniu disponibles.<\/p>\n","protected":false},"author":7,"featured_media":18594,"comment_status":"closed","ping_status":"closed","sticky":false,"template":"","format":"standard","meta":{"_bbp_topic_count":0,"_bbp_reply_count":0,"_bbp_total_topic_count":0,"_bbp_total_reply_count":0,"_bbp_voice_count":0,"_bbp_anonymous_reply_count":0,"_bbp_topic_count_hidden":0,"_bbp_reply_count_hidden":0,"_bbp_forum_subforum_count":0,"site-sidebar-layout":"default","site-content-layout":"","ast-site-content-layout":"","site-content-style":"default","site-sidebar-style":"default","ast-global-header-display":"","ast-banner-title-visibility":"","ast-main-header-display":"","ast-hfb-above-header-display":"","ast-hfb-below-header-display":"","ast-hfb-mobile-header-display":"","site-post-title":"","ast-breadcrumbs-content":"","ast-featured-img":"","footer-sml-layout":"","theme-transparent-header-meta":"","adv-header-id-meta":"","stick-header-meta":"","header-above-stick-meta":"","header-main-stick-meta":"","header-below-stick-meta":"","astra-migrate-meta-layouts":"default","ast-page-background-enabled":"default","ast-page-background-meta":{"desktop":{"background-color":"var(--ast-global-color-4)","background-image":"","background-repeat":"repeat","background-position":"center center","background-size":"auto","background-attachment":"scroll","background-type":"","background-media":"","overlay-type":"","overlay-color":"","overlay-opacity":"","overlay-gradient":""},"tablet":{"background-color":"","background-image":"","background-repeat":"repeat","background-position":"center center","background-size":"auto","background-attachment":"scroll","background-type":"","background-media":"","overlay-type":"","overlay-color":"","overlay-opacity":"","overlay-gradient":""},"mobile":{"background-color":"","background-image":"","background-repeat":"repeat","background-position":"center center","background-size":"auto","background-attachment":"scroll","background-type":"","background-media":"","overlay-type":"","overlay-color":"","overlay-opacity":"","overlay-gradient":""}},"ast-content-background-meta":{"desktop":{"background-color":"var(--ast-global-color-5)","background-image":"","background-repeat":"repeat","background-position":"center center","background-size":"auto","background-attachment":"scroll","background-type":"","background-media":"","overlay-type":"","overlay-color":"","overlay-opacity":"","overlay-gradient":""},"tablet":{"background-color":"var(--ast-global-color-5)","background-image":"","background-repeat":"repeat","background-position":"center center","background-size":"auto","background-attachment":"scroll","background-type":"","background-media":"","overlay-type":"","overlay-color":"","overlay-opacity":"","overlay-gradient":""},"mobile":{"background-color":"var(--ast-global-color-5)","background-image":"","background-repeat":"repeat","background-position":"center center","background-size":"auto","background-attachment":"scroll","background-type":"","background-media":"","overlay-type":"","overlay-color":"","overlay-opacity":"","overlay-gradient":""}},"footnotes":""},"categories":[65,262,1,235,29],"tags":[283,363],"class_list":["post-18592","post","type-post","status-publish","format-standard","has-post-thumbnail","hentry","category-crp","category-escoles-verdes","category-general","category-formacio_ins","category-portada","tag-projectes","tag-sostenibilitat"],"post_mailing_queue_ids":[],"_links":{"self":[{"href":"https:\/\/serveiseducatius.xtec.cat\/santacolomag\/wp-json\/wp\/v2\/posts\/18592","targetHints":{"allow":["GET"]}}],"collection":[{"href":"https:\/\/serveiseducatius.xtec.cat\/santacolomag\/wp-json\/wp\/v2\/posts"}],"about":[{"href":"https:\/\/serveiseducatius.xtec.cat\/santacolomag\/wp-json\/wp\/v2\/types\/post"}],"author":[{"embeddable":true,"href":"https:\/\/serveiseducatius.xtec.cat\/santacolomag\/wp-json\/wp\/v2\/users\/7"}],"replies":[{"embeddable":true,"href":"https:\/\/serveiseducatius.xtec.cat\/santacolomag\/wp-json\/wp\/v2\/comments?post=18592"}],"version-history":[{"count":3,"href":"https:\/\/serveiseducatius.xtec.cat\/santacolomag\/wp-json\/wp\/v2\/posts\/18592\/revisions"}],"predecessor-version":[{"id":18597,"href":"https:\/\/serveiseducatius.xtec.cat\/santacolomag\/wp-json\/wp\/v2\/posts\/18592\/revisions\/18597"}],"wp:featuredmedia":[{"embeddable":true,"href":"https:\/\/serveiseducatius.xtec.cat\/santacolomag\/wp-json\/wp\/v2\/media\/18594"}],"wp:attachment":[{"href":"https:\/\/serveiseducatius.xtec.cat\/santacolomag\/wp-json\/wp\/v2\/media?parent=18592"}],"wp:term":[{"taxonomy":"category","embeddable":true,"href":"https:\/\/serveiseducatius.xtec.cat\/santacolomag\/wp-json\/wp\/v2\/categories?post=18592"},{"taxonomy":"post_tag","embeddable":true,"href":"https:\/\/serveiseducatius.xtec.cat\/santacolomag\/wp-json\/wp\/v2\/tags?post=18592"}],"curies":[{"name":"wp","href":"https:\/\/api.w.org\/{rel}","templated":true}]}}