{"id":18539,"date":"2022-11-14T11:21:09","date_gmt":"2022-11-14T10:21:09","guid":{"rendered":"https:\/\/serveiseducatius.xtec.cat\/santacolomag\/?p=18539"},"modified":"2022-11-14T12:35:12","modified_gmt":"2022-11-14T11:35:12","slug":"la-viquillengua-ampliara-els-continguts-de-la-viquipedia-sobre-pellicules-i-series-en-catala-durant-una-setmana","status":"publish","type":"post","link":"https:\/\/serveiseducatius.xtec.cat\/santacolomag\/general\/la-viquillengua-ampliara-els-continguts-de-la-viquipedia-sobre-pellicules-i-series-en-catala-durant-una-setmana\/","title":{"rendered":"La Viquillengua ampliar\u00e0 els continguts de la Viquip\u00e8dia sobre pel\u00b7l\u00edcules i s\u00e8ries en catal\u00e0 durant una setmana"},"content":{"rendered":"<p>Durant la setmana del 18 al 25 de novembre, tindr\u00e0 lloc la &#8220;<strong>IX Viquimarat\u00f3 de la llengua catalana&#8221;<\/strong>, que aquest any es dedica a les pel\u00b7l\u00edcules i s\u00e8ries en catal\u00e0. Aquest esdeveniment \u00e9s organitzat pel Departament de Cultura de la Generalitat de Catalunya, a trav\u00e9s de la Secretaria de Pol\u00edtica Ling\u00fc\u00edstica, i Amical Wikimedia, juntament amb els governs de tots els territoris de parla catalana.<\/p>\n<p>La Viquillengua d\u2019enguany es dirigeix a tots els usuaris que vulguin editar les entrades de la Viquip\u00e8dia sobre pel\u00b7l\u00edcules i s\u00e8ries en catal\u00e0 per ampliar-ne els continguts<\/p>\n<p><a href=\"https:\/\/serveiseducatius.xtec.cat\/santacolomag\/wp-content\/uploads\/usu1183\/2022\/11\/2022.11.09_viquillengua22.jpg_2133968302.jpg\"><img loading=\"lazy\" decoding=\"async\" class=\"alignnone size-medium wp-image-18540\" src=\"https:\/\/serveiseducatius.xtec.cat\/santacolomag\/wp-content\/uploads\/usu1183\/2022\/11\/2022.11.09_viquillengua22.jpg_2133968302-300x150.jpg\" alt=\"\" width=\"300\" height=\"150\" srcset=\"https:\/\/serveiseducatius.xtec.cat\/santacolomag\/wp-content\/uploads\/usu1183\/2022\/11\/2022.11.09_viquillengua22.jpg_2133968302-300x150.jpg 300w, https:\/\/serveiseducatius.xtec.cat\/santacolomag\/wp-content\/uploads\/usu1183\/2022\/11\/2022.11.09_viquillengua22.jpg_2133968302.jpg 750w\" sizes=\"auto, (max-width: 300px) 100vw, 300px\" \/><\/a><\/p>\n<p><strong><a href=\"https:\/\/llengua.gencat.cat\/ca\/detalls\/noticia\/Viquillengua22\">https:\/\/llengua.gencat.cat\/ca\/detalls\/noticia\/Viquillengua22<\/a><\/strong><\/p>\n","protected":false},"excerpt":{"rendered":"<p>La Viquillengua ampliar\u00e0 els continguts de la Viquip\u00e8dia sobre pel.l\u00edcules i s\u00e8ries en catal\u00e0 durant una setmana<\/p>\n","protected":false},"author":88,"featured_media":18540,"comment_status":"closed","ping_status":"closed","sticky":false,"template":"","format":"standard","meta":{"_bbp_topic_count":0,"_bbp_reply_count":0,"_bbp_total_topic_count":0,"_bbp_total_reply_count":0,"_bbp_voice_count":0,"_bbp_anonymous_reply_count":0,"_bbp_topic_count_hidden":0,"_bbp_reply_count_hidden":0,"_bbp_forum_subforum_count":0,"site-sidebar-layout":"default","site-content-layout":"","ast-site-content-layout":"","site-content-style":"default","site-sidebar-style":"default","ast-global-header-display":"","ast-banner-title-visibility":"","ast-main-header-display":"","ast-hfb-above-header-display":"","ast-hfb-below-header-display":"","ast-hfb-mobile-header-display":"","site-post-title":"","ast-breadcrumbs-content":"","ast-featured-img":"","footer-sml-layout":"","theme-transparent-header-meta":"","adv-header-id-meta":"","stick-header-meta":"","header-above-stick-meta":"","header-main-stick-meta":"","header-below-stick-meta":"","astra-migrate-meta-layouts":"default","ast-page-background-enabled":"default","ast-page-background-meta":{"desktop":{"background-color":"var(--ast-global-color-4)","background-image":"","background-repeat":"repeat","background-position":"center center","background-size":"auto","background-attachment":"scroll","background-type":"","background-media":"","overlay-type":"","overlay-color":"","overlay-opacity":"","overlay-gradient":""},"tablet":{"background-color":"","background-image":"","background-repeat":"repeat","background-position":"center center","background-size":"auto","background-attachment":"scroll","background-type":"","background-media":"","overlay-type":"","overlay-color":"","overlay-opacity":"","overlay-gradient":""},"mobile":{"background-color":"","background-image":"","background-repeat":"repeat","background-position":"center center","background-size":"auto","background-attachment":"scroll","background-type":"","background-media":"","overlay-type":"","overlay-color":"","overlay-opacity":"","overlay-gradient":""}},"ast-content-background-meta":{"desktop":{"background-color":"var(--ast-global-color-5)","background-image":"","background-repeat":"repeat","background-position":"center center","background-size":"auto","background-attachment":"scroll","background-type":"","background-media":"","overlay-type":"","overlay-color":"","overlay-opacity":"","overlay-gradient":""},"tablet":{"background-color":"var(--ast-global-color-5)","background-image":"","background-repeat":"repeat","background-position":"center center","background-size":"auto","background-attachment":"scroll","background-type":"","background-media":"","overlay-type":"","overlay-color":"","overlay-opacity":"","overlay-gradient":""},"mobile":{"background-color":"var(--ast-global-color-5)","background-image":"","background-repeat":"repeat","background-position":"center center","background-size":"auto","background-attachment":"scroll","background-type":"","background-media":"","overlay-type":"","overlay-color":"","overlay-opacity":"","overlay-gradient":""}},"footnotes":""},"categories":[64,68,1,29],"tags":[],"class_list":["post-18539","post","type-post","status-publish","format-standard","has-post-thumbnail","hentry","category-comunitat","category-elic","category-general","category-portada"],"post_mailing_queue_ids":[],"_links":{"self":[{"href":"https:\/\/serveiseducatius.xtec.cat\/santacolomag\/wp-json\/wp\/v2\/posts\/18539","targetHints":{"allow":["GET"]}}],"collection":[{"href":"https:\/\/serveiseducatius.xtec.cat\/santacolomag\/wp-json\/wp\/v2\/posts"}],"about":[{"href":"https:\/\/serveiseducatius.xtec.cat\/santacolomag\/wp-json\/wp\/v2\/types\/post"}],"author":[{"embeddable":true,"href":"https:\/\/serveiseducatius.xtec.cat\/santacolomag\/wp-json\/wp\/v2\/users\/88"}],"replies":[{"embeddable":true,"href":"https:\/\/serveiseducatius.xtec.cat\/santacolomag\/wp-json\/wp\/v2\/comments?post=18539"}],"version-history":[{"count":1,"href":"https:\/\/serveiseducatius.xtec.cat\/santacolomag\/wp-json\/wp\/v2\/posts\/18539\/revisions"}],"predecessor-version":[{"id":18541,"href":"https:\/\/serveiseducatius.xtec.cat\/santacolomag\/wp-json\/wp\/v2\/posts\/18539\/revisions\/18541"}],"wp:featuredmedia":[{"embeddable":true,"href":"https:\/\/serveiseducatius.xtec.cat\/santacolomag\/wp-json\/wp\/v2\/media\/18540"}],"wp:attachment":[{"href":"https:\/\/serveiseducatius.xtec.cat\/santacolomag\/wp-json\/wp\/v2\/media?parent=18539"}],"wp:term":[{"taxonomy":"category","embeddable":true,"href":"https:\/\/serveiseducatius.xtec.cat\/santacolomag\/wp-json\/wp\/v2\/categories?post=18539"},{"taxonomy":"post_tag","embeddable":true,"href":"https:\/\/serveiseducatius.xtec.cat\/santacolomag\/wp-json\/wp\/v2\/tags?post=18539"}],"curies":[{"name":"wp","href":"https:\/\/api.w.org\/{rel}","templated":true}]}}