{"id":18457,"date":"2022-11-02T10:04:02","date_gmt":"2022-11-02T09:04:02","guid":{"rendered":"https:\/\/serveiseducatius.xtec.cat\/santacolomag\/?p=18457"},"modified":"2022-11-02T10:04:02","modified_gmt":"2022-11-02T09:04:02","slug":"premis-europa-jove-treballs-de-recerca-batxillerat","status":"publish","type":"post","link":"https:\/\/serveiseducatius.xtec.cat\/santacolomag\/portada\/premis-europa-jove-treballs-de-recerca-batxillerat\/","title":{"rendered":"Premis Europa Jove. Treballs de recerca batxillerat"},"content":{"rendered":"<p><img loading=\"lazy\" decoding=\"async\" class=\"alignleft size-thumbnail wp-image-18459\" src=\"https:\/\/serveiseducatius.xtec.cat\/santacolomag\/wp-content\/uploads\/usu1183\/2022\/11\/unnamed-1-150x150.jpg\" alt=\"\" width=\"150\" height=\"150\" \/>La Representaci\u00f3 de la Comissi\u00f3 Europea a Barcelona i la Fundaci\u00f3 Catalunya Europa convoquen la segona edici\u00f3 del <b><a href=\"https:\/\/secure-web.cisco.com\/1WlWdjgpXnZY2IULg2eyq19qDblOpRAAtPiiEE3qWwkjxjD6ukBxlobf3DiJZMWGImtun36KI5I3sH2wZ874ur-ViKD__3xvj_-MPFMo6WgE_t6gXk2MNhqvkdibvRFp4Z1yjkbIKQkzruiMuutksU3Mq5ZkKZVK71ohGyYCnZxgifQyMVCwwFuvOV7ZHq46K4dx4LVEvkljG04lbAub2x-4Br8PmgYIgQFQkC3Nh9tDNza8uywAGyE8VhmxP2VJv-DyOcb7Mu7oNA7TrMQdYnu7tIyXvbutqmIRnyptsA26TEVOYpL1wdbKe7txNNFKH7QuQnv1fClU37wnHZLDoJz2uH9D1ghJklhE5CJoiSryl0XlfqAw-MUh5bgJPqi9jng3LLRA-pVF3LBgc2Ooe-iXPZCb6uOMO82nl0UCetriJnfxA6O6XYeD2PY60ncDaHqWXYNtsjzFDGRYXV8fF1nDxzPsQ-eg0_lxH-ycNqWHBiFBoKjiY6yx_8z9kgF7A\/https%3A%2F%2Fwww.catalunyaeuropa.net%2Fca%2Factivitats%2F256%2Fconvocat-el-premi-europa-jove-2023-per-a-treballs-de-recerca-de-batxillerat.html\" target=\"_blank\" rel=\"noopener\" data-saferedirecturl=\"https:\/\/www.google.com\/url?q=https:\/\/secure-web.cisco.com\/1WlWdjgpXnZY2IULg2eyq19qDblOpRAAtPiiEE3qWwkjxjD6ukBxlobf3DiJZMWGImtun36KI5I3sH2wZ874ur-ViKD__3xvj_-MPFMo6WgE_t6gXk2MNhqvkdibvRFp4Z1yjkbIKQkzruiMuutksU3Mq5ZkKZVK71ohGyYCnZxgifQyMVCwwFuvOV7ZHq46K4dx4LVEvkljG04lbAub2x-4Br8PmgYIgQFQkC3Nh9tDNza8uywAGyE8VhmxP2VJv-DyOcb7Mu7oNA7TrMQdYnu7tIyXvbutqmIRnyptsA26TEVOYpL1wdbKe7txNNFKH7QuQnv1fClU37wnHZLDoJz2uH9D1ghJklhE5CJoiSryl0XlfqAw-MUh5bgJPqi9jng3LLRA-pVF3LBgc2Ooe-iXPZCb6uOMO82nl0UCetriJnfxA6O6XYeD2PY60ncDaHqWXYNtsjzFDGRYXV8fF1nDxzPsQ-eg0_lxH-ycNqWHBiFBoKjiY6yx_8z9kgF7A\/https%253A%252F%252Fwww.catalunyaeuropa.net%252Fca%252Factivitats%252F256%252Fconvocat-el-premi-europa-jove-2023-per-a-treballs-de-recerca-de-batxillerat.html&amp;source=gmail&amp;ust=1667464559837000&amp;usg=AOvVaw2P2unRB5veLc-g_yNaG_Ka\">\u2018Premi Europa Jove<\/a>\u2019<\/b> de treballs de recerca de batxillerat amb l\u2019objectiu de promoure el coneixement, l\u2019estudi i l\u2019inter\u00e8s dels joves per la Uni\u00f3 Europea. <b>Es tracta de l\u2019\u00fanic guard\u00f3 que distingeix treballs de recerca de batxillerat de tem\u00e0tica europea<\/b>.<\/p>\n<p>El premi est\u00e0 obert a tot l\u2019alumnat de batxillerat de centres de Catalunya que hagi o estigui portant a terme un treball de recerca sobre algun dels temes marcats a l\u2019agenda estrat\u00e8gica de la Uni\u00f3 Europea (el Pacte Verd Europeu, la transici\u00f3 digital, la recuperaci\u00f3 econ\u00f2mica, el paper d\u2019Europa al m\u00f3n, la promoci\u00f3 de l\u2019estil de vida europeu i l\u2019impuls a la democr\u00e0cia europea).<\/p>\n<p>El \u2018Premi Europa Jove\u2019 t\u00e9 una <b>dotaci\u00f3 de 700\u20ac<\/b> que es concedir\u00e0 a un \u00fanic treball guanyador. Tot i aix\u00f2, el jurat podr\u00e0 fer mencions especials als treballs que consideri oportuns. El premi tamb\u00e9 inclou una visita de formaci\u00f3 a les institucions europees a Brussel\u00b7les<\/p>\n<p><b>El termini de presentaci\u00f3 de treballs finalitza el 16 d\u2019abril de 2023<\/b>.<\/p>\n<p>Adjunt trobareu les bases amb tota la informaci\u00f3 i el formulari de sol\u00b7licitud i annexos.<\/p>\n<p>Podeu fer arribar els vostres dubtes i consultes a <a href=\"mailto:info@catalunyaeuropa.net\" target=\"_blank\" rel=\"noopener\"> info@catalunyaeuropa.net<\/a><\/p>\n","protected":false},"excerpt":{"rendered":"<p>&#8220;Premi Europa Jove&#8221; per treballs de recerca de batxillerat de tem\u00e0tica europea. Fins al 16 d&#8217;abril de 2023<\/p>\n","protected":false},"author":7,"featured_media":18459,"comment_status":"closed","ping_status":"closed","sticky":false,"template":"","format":"standard","meta":{"_bbp_topic_count":0,"_bbp_reply_count":0,"_bbp_total_topic_count":0,"_bbp_total_reply_count":0,"_bbp_voice_count":0,"_bbp_anonymous_reply_count":0,"_bbp_topic_count_hidden":0,"_bbp_reply_count_hidden":0,"_bbp_forum_subforum_count":0,"site-sidebar-layout":"default","site-content-layout":"","ast-site-content-layout":"","site-content-style":"default","site-sidebar-style":"default","ast-global-header-display":"","ast-banner-title-visibility":"","ast-main-header-display":"","ast-hfb-above-header-display":"","ast-hfb-below-header-display":"","ast-hfb-mobile-header-display":"","site-post-title":"","ast-breadcrumbs-content":"","ast-featured-img":"","footer-sml-layout":"","theme-transparent-header-meta":"","adv-header-id-meta":"","stick-header-meta":"","header-above-stick-meta":"","header-main-stick-meta":"","header-below-stick-meta":"","astra-migrate-meta-layouts":"default","ast-page-background-enabled":"default","ast-page-background-meta":{"desktop":{"background-color":"var(--ast-global-color-4)","background-image":"","background-repeat":"repeat","background-position":"center center","background-size":"auto","background-attachment":"scroll","background-type":"","background-media":"","overlay-type":"","overlay-color":"","overlay-opacity":"","overlay-gradient":""},"tablet":{"background-color":"","background-image":"","background-repeat":"repeat","background-position":"center center","background-size":"auto","background-attachment":"scroll","background-type":"","background-media":"","overlay-type":"","overlay-color":"","overlay-opacity":"","overlay-gradient":""},"mobile":{"background-color":"","background-image":"","background-repeat":"repeat","background-position":"center center","background-size":"auto","background-attachment":"scroll","background-type":"","background-media":"","overlay-type":"","overlay-color":"","overlay-opacity":"","overlay-gradient":""}},"ast-content-background-meta":{"desktop":{"background-color":"var(--ast-global-color-5)","background-image":"","background-repeat":"repeat","background-position":"center center","background-size":"auto","background-attachment":"scroll","background-type":"","background-media":"","overlay-type":"","overlay-color":"","overlay-opacity":"","overlay-gradient":""},"tablet":{"background-color":"var(--ast-global-color-5)","background-image":"","background-repeat":"repeat","background-position":"center center","background-size":"auto","background-attachment":"scroll","background-type":"","background-media":"","overlay-type":"","overlay-color":"","overlay-opacity":"","overlay-gradient":""},"mobile":{"background-color":"var(--ast-global-color-5)","background-image":"","background-repeat":"repeat","background-position":"center center","background-size":"auto","background-attachment":"scroll","background-type":"","background-media":"","overlay-type":"","overlay-color":"","overlay-opacity":"","overlay-gradient":""}},"footnotes":""},"categories":[65,251,235,29,279],"tags":[291],"class_list":["post-18457","post","type-post","status-publish","format-standard","has-post-thumbnail","hentry","category-crp","category-dinamica-educativa-sant-vicenc-dels-horts","category-formacio_ins","category-portada","category-recerca","tag-recerca"],"post_mailing_queue_ids":[],"_links":{"self":[{"href":"https:\/\/serveiseducatius.xtec.cat\/santacolomag\/wp-json\/wp\/v2\/posts\/18457","targetHints":{"allow":["GET"]}}],"collection":[{"href":"https:\/\/serveiseducatius.xtec.cat\/santacolomag\/wp-json\/wp\/v2\/posts"}],"about":[{"href":"https:\/\/serveiseducatius.xtec.cat\/santacolomag\/wp-json\/wp\/v2\/types\/post"}],"author":[{"embeddable":true,"href":"https:\/\/serveiseducatius.xtec.cat\/santacolomag\/wp-json\/wp\/v2\/users\/7"}],"replies":[{"embeddable":true,"href":"https:\/\/serveiseducatius.xtec.cat\/santacolomag\/wp-json\/wp\/v2\/comments?post=18457"}],"version-history":[{"count":1,"href":"https:\/\/serveiseducatius.xtec.cat\/santacolomag\/wp-json\/wp\/v2\/posts\/18457\/revisions"}],"predecessor-version":[{"id":18460,"href":"https:\/\/serveiseducatius.xtec.cat\/santacolomag\/wp-json\/wp\/v2\/posts\/18457\/revisions\/18460"}],"wp:featuredmedia":[{"embeddable":true,"href":"https:\/\/serveiseducatius.xtec.cat\/santacolomag\/wp-json\/wp\/v2\/media\/18459"}],"wp:attachment":[{"href":"https:\/\/serveiseducatius.xtec.cat\/santacolomag\/wp-json\/wp\/v2\/media?parent=18457"}],"wp:term":[{"taxonomy":"category","embeddable":true,"href":"https:\/\/serveiseducatius.xtec.cat\/santacolomag\/wp-json\/wp\/v2\/categories?post=18457"},{"taxonomy":"post_tag","embeddable":true,"href":"https:\/\/serveiseducatius.xtec.cat\/santacolomag\/wp-json\/wp\/v2\/tags?post=18457"}],"curies":[{"name":"wp","href":"https:\/\/api.w.org\/{rel}","templated":true}]}}