{"id":18331,"date":"2022-10-05T12:28:33","date_gmt":"2022-10-05T10:28:33","guid":{"rendered":"https:\/\/serveiseducatius.xtec.cat\/santacolomag\/?p=18331"},"modified":"2022-10-05T12:37:41","modified_gmt":"2022-10-05T10:37:41","slug":"visita-al-museu-de-les-matematiques-de-catalunya-casal-del-mestre","status":"publish","type":"post","link":"https:\/\/serveiseducatius.xtec.cat\/santacolomag\/portada\/visita-al-museu-de-les-matematiques-de-catalunya-casal-del-mestre\/","title":{"rendered":"Visita al Museu de les Matem\u00e0tiques de Catalunya. Casal del Mestre"},"content":{"rendered":"<p><img loading=\"lazy\" decoding=\"async\" class=\"alignleft size-medium wp-image-18334\" src=\"https:\/\/serveiseducatius.xtec.cat\/santacolomag\/wp-content\/uploads\/usu1183\/2022\/10\/Inscriu-te-1-300x100.png\" alt=\"\" width=\"300\" height=\"100\" srcset=\"https:\/\/serveiseducatius.xtec.cat\/santacolomag\/wp-content\/uploads\/usu1183\/2022\/10\/Inscriu-te-1-300x100.png 300w, https:\/\/serveiseducatius.xtec.cat\/santacolomag\/wp-content\/uploads\/usu1183\/2022\/10\/Inscriu-te-1-1024x341.png 1024w, https:\/\/serveiseducatius.xtec.cat\/santacolomag\/wp-content\/uploads\/usu1183\/2022\/10\/Inscriu-te-1-768x256.png 768w, https:\/\/serveiseducatius.xtec.cat\/santacolomag\/wp-content\/uploads\/usu1183\/2022\/10\/Inscriu-te-1.png 1500w\" sizes=\"auto, (max-width: 300px) 100vw, 300px\" \/>El museu que busca divulgar i estimular una imatge social positiva de les matem\u00e0tiques, apropant-les a les persones mitjan\u00e7ant experi\u00e8ncies interactives i activitats de manipulaci\u00f3. Una oportunitat per reflexionar al voltant de les matem\u00e0tiques amb companyes i companys de diferents escoles.<\/p>\n<p>La sortida pedag\u00f2gica al Museu de Matem\u00e0tiques de Catalunya (MMACA) est\u00e0 organitzada amb el suport del Casalet de l&#8217;Hospitalet i consistir\u00e0 en una visita d&#8217;1h i 30minuts.<\/p>\n<div>Dia: DIMECRES 26 D&#8217;OCTUBRE 2022<\/div>\n<div><\/div>\n<div>Hora18h Sortida des de Santa Coloma a les 17h, punt de trobada: el hall de la parada de metro Santa Coloma de la L1.<\/div>\n<div>Lloc: Palau Mercader, Parc de Can Mercader, Carretera Hospitalet, s\/n 08940<\/div>\n<div><img decoding=\"async\" src=\"https:\/\/fonts.gstatic.com\/s\/e\/notoemoji\/14.0\/270f_fe0f\/72.png\" alt=\"\u270f\ufe0f\" data-emoji=\"\u270f\ufe0f\" aria-label=\"\u270f\ufe0f\" \/>\u00a0Activitat gratu\u00efta amb <a href=\"https:\/\/forms.gle\/odp5ACd7NNHsMAww7\" target=\"_blank\" rel=\"noopener\" data-saferedirecturl=\"https:\/\/www.google.com\/url?q=https:\/\/forms.gle\/odp5ACd7NNHsMAww7&amp;source=gmail&amp;ust=1665048660408000&amp;usg=AOvVaw1L4xhKjlJ9A-zJAWXSHtv1\">INSCRIPCI\u00d3<\/a> pr\u00e8via.<\/div>\n<div class=\"gmail_default\">\n<div><span style=\"font-size: large;\">\u00a0<\/span><\/div>\n<\/div>\n<div class=\"gmail_default\"><\/div>\n","protected":false},"excerpt":{"rendered":"<p>Sortida pedag\u00f2gica organitzada per el Casal del Mestre de Santa Coloma de Gramenet. Dimecres 26 d&#8217;octubre a les 18h. Inscripci\u00f3 oberta<\/p>\n","protected":false},"author":7,"featured_media":18332,"comment_status":"closed","ping_status":"closed","sticky":false,"template":"","format":"standard","meta":{"_bbp_topic_count":0,"_bbp_reply_count":0,"_bbp_total_topic_count":0,"_bbp_total_reply_count":0,"_bbp_voice_count":0,"_bbp_anonymous_reply_count":0,"_bbp_topic_count_hidden":0,"_bbp_reply_count_hidden":0,"_bbp_forum_subforum_count":0,"site-sidebar-layout":"default","site-content-layout":"","ast-site-content-layout":"","site-content-style":"default","site-sidebar-style":"default","ast-global-header-display":"","ast-banner-title-visibility":"","ast-main-header-display":"","ast-hfb-above-header-display":"","ast-hfb-below-header-display":"","ast-hfb-mobile-header-display":"","site-post-title":"","ast-breadcrumbs-content":"","ast-featured-img":"","footer-sml-layout":"","theme-transparent-header-meta":"","adv-header-id-meta":"","stick-header-meta":"","header-above-stick-meta":"","header-main-stick-meta":"","header-below-stick-meta":"","astra-migrate-meta-layouts":"default","ast-page-background-enabled":"default","ast-page-background-meta":{"desktop":{"background-color":"var(--ast-global-color-4)","background-image":"","background-repeat":"repeat","background-position":"center center","background-size":"auto","background-attachment":"scroll","background-type":"","background-media":"","overlay-type":"","overlay-color":"","overlay-opacity":"","overlay-gradient":""},"tablet":{"background-color":"","background-image":"","background-repeat":"repeat","background-position":"center center","background-size":"auto","background-attachment":"scroll","background-type":"","background-media":"","overlay-type":"","overlay-color":"","overlay-opacity":"","overlay-gradient":""},"mobile":{"background-color":"","background-image":"","background-repeat":"repeat","background-position":"center center","background-size":"auto","background-attachment":"scroll","background-type":"","background-media":"","overlay-type":"","overlay-color":"","overlay-opacity":"","overlay-gradient":""}},"ast-content-background-meta":{"desktop":{"background-color":"var(--ast-global-color-5)","background-image":"","background-repeat":"repeat","background-position":"center center","background-size":"auto","background-attachment":"scroll","background-type":"","background-media":"","overlay-type":"","overlay-color":"","overlay-opacity":"","overlay-gradient":""},"tablet":{"background-color":"var(--ast-global-color-5)","background-image":"","background-repeat":"repeat","background-position":"center center","background-size":"auto","background-attachment":"scroll","background-type":"","background-media":"","overlay-type":"","overlay-color":"","overlay-opacity":"","overlay-gradient":""},"mobile":{"background-color":"var(--ast-global-color-5)","background-image":"","background-repeat":"repeat","background-position":"center center","background-size":"auto","background-attachment":"scroll","background-type":"","background-media":"","overlay-type":"","overlay-color":"","overlay-opacity":"","overlay-gradient":""}},"footnotes":""},"categories":[65,286,235,29],"tags":[285],"class_list":["post-18331","post","type-post","status-publish","format-standard","has-post-thumbnail","hentry","category-crp","category-matematiques","category-formacio_ins","category-portada","tag-metodologia"],"post_mailing_queue_ids":[],"_links":{"self":[{"href":"https:\/\/serveiseducatius.xtec.cat\/santacolomag\/wp-json\/wp\/v2\/posts\/18331","targetHints":{"allow":["GET"]}}],"collection":[{"href":"https:\/\/serveiseducatius.xtec.cat\/santacolomag\/wp-json\/wp\/v2\/posts"}],"about":[{"href":"https:\/\/serveiseducatius.xtec.cat\/santacolomag\/wp-json\/wp\/v2\/types\/post"}],"author":[{"embeddable":true,"href":"https:\/\/serveiseducatius.xtec.cat\/santacolomag\/wp-json\/wp\/v2\/users\/7"}],"replies":[{"embeddable":true,"href":"https:\/\/serveiseducatius.xtec.cat\/santacolomag\/wp-json\/wp\/v2\/comments?post=18331"}],"version-history":[{"count":2,"href":"https:\/\/serveiseducatius.xtec.cat\/santacolomag\/wp-json\/wp\/v2\/posts\/18331\/revisions"}],"predecessor-version":[{"id":18342,"href":"https:\/\/serveiseducatius.xtec.cat\/santacolomag\/wp-json\/wp\/v2\/posts\/18331\/revisions\/18342"}],"wp:featuredmedia":[{"embeddable":true,"href":"https:\/\/serveiseducatius.xtec.cat\/santacolomag\/wp-json\/wp\/v2\/media\/18332"}],"wp:attachment":[{"href":"https:\/\/serveiseducatius.xtec.cat\/santacolomag\/wp-json\/wp\/v2\/media?parent=18331"}],"wp:term":[{"taxonomy":"category","embeddable":true,"href":"https:\/\/serveiseducatius.xtec.cat\/santacolomag\/wp-json\/wp\/v2\/categories?post=18331"},{"taxonomy":"post_tag","embeddable":true,"href":"https:\/\/serveiseducatius.xtec.cat\/santacolomag\/wp-json\/wp\/v2\/tags?post=18331"}],"curies":[{"name":"wp","href":"https:\/\/api.w.org\/{rel}","templated":true}]}}