{"id":18288,"date":"2022-09-26T10:49:51","date_gmt":"2022-09-26T08:49:51","guid":{"rendered":"https:\/\/serveiseducatius.xtec.cat\/santacolomag\/?p=18288"},"modified":"2022-09-27T10:24:48","modified_gmt":"2022-09-27T08:24:48","slug":"12e-edicio-del-festival-internacional-de-teatre-integratiu-de-santa-coloma-de-gramenet","status":"publish","type":"post","link":"https:\/\/serveiseducatius.xtec.cat\/santacolomag\/portada\/12e-edicio-del-festival-internacional-de-teatre-integratiu-de-santa-coloma-de-gramenet\/","title":{"rendered":"12\u00e8 edici\u00f3 del Festival Internacional de Teatre Integratiu de Santa Coloma de Gramenet"},"content":{"rendered":"<p dir=\"auto\"><span style=\"font-family: verdana, geneva, sans-serif;\"><a href=\"http:\/\/www.fiti.cat\/\"><img loading=\"lazy\" decoding=\"async\" class=\"alignleft size-medium wp-image-18289\" src=\"https:\/\/serveiseducatius.xtec.cat\/santacolomag\/wp-content\/uploads\/usu1183\/2022\/09\/FITI_Color_FB4-300x143.jpg\" alt=\"\" width=\"300\" height=\"143\" \/><\/a>La Companyia Alquimistes teatre i l\u2019Ajuntament de Sta. Coloma de Gramenet celebra enguany la <strong><a href=\"http:\/\/www.fiti.cat\/\">12\u00e8 edici\u00f3 del Festival Internacional de Teatre Integratiu de Santa Coloma de Gramenet<\/a> <\/strong>i el Dia Mundial de les persones amb Discapacitat. Aquests esdeveniments \u00a0tindr\u00e0 lloc entre els dies 24 i 27 de novembre i 2 de desembre respectivament, al Teatre Sagarra.\u00a0<\/span><\/p>\n<p dir=\"auto\"><span style=\"font-family: verdana, geneva, sans-serif;\">Us conviden a gaudir de tota la programaci\u00f3 i en especial el divendres 2 de desembre \u00a0a les 11:30h a una presentaci\u00f3 dirigida a Instituts de Educaci\u00f3 Secund\u00e0ria, Batxillerat i Cicles formatius. En aquesta oportunitat es presentar\u00e0 l\u2019obra \u201cLorca en femen\u00ed&#8221; una adaptaci\u00f3 de la dramat\u00fargia de Federico Garc\u00eda Lorca a c\u00e0rrec de la companyia colomenca Alquimistes teatre. <a href=\"https:\/\/docs.google.com\/document\/d\/1P2VlVVwDMJmrDv_P0FTOlPVfX4I0g-17\/edit?usp=sharing&amp;ouid=101680459209157128960&amp;rtpof=true&amp;sd=true\">Formulari d&#8217;inscripci\u00f3<\/a><\/span><\/p>\n<p dir=\"auto\"><span style=\"font-family: verdana, geneva, sans-serif;\">Aposten per la incid\u00e8ncia que tenen les arts esc\u00e8niques en la millora de la qualitat de vida de les persones amb diversitat funcional i de la seva inclusi\u00f3 en la societat. Per aix\u00f2 volen celebrar aquest dia amb \u00a0una programaci\u00f3 adre\u00e7ada a l\u2019alumnat dels centres educatius de la ciutat, com a estrat\u00e8gia educativa de sensibilitzaci\u00f3 i ajudar a canviar els estigmes en relaci\u00f3 a aquest col\u00b7lectiu.<\/span><\/p>\n<p dir=\"auto\"><span style=\"font-family: verdana, geneva, sans-serif;\">Educaci\u00f3 Secund\u00e0ria, Batxillerat i Cicles Formatius<\/span><\/p>\n<p dir=\"auto\"><span style=\"font-family: verdana, geneva, sans-serif;\">Divendres 2 de desembre, 11:30 h<\/span><\/p>\n<p dir=\"auto\"><span style=\"font-family: verdana, geneva, sans-serif;\">Teatre Sagarra, sala Sagarra <\/span><span style=\"font-family: verdana, geneva, sans-serif;\">\u201cLorca en femen\u00ed &#8220;<\/span><\/p>\n<div dir=\"auto\"><span style=\"font-family: verdana, geneva, sans-serif;\">Acompanyades per Lorca, en aquesta versi\u00f3 i en aquest recorregut de les seves peces teatrals m\u00e9s emblem\u00e0tiques, les seves can\u00e7ons i els seus versos, ens deixa entreveure les passions humanes envers la realitat femenina en una societat patriarcal i masclista. L\u2019amor, el desamor, la vida, la mort, la llibertat, l\u2019opressi\u00f3, s\u00f3n forces oposades que lluiten per governar dintre d\u2019aquest univers femen\u00ed, on els desitjos i els instints predominan deixant sense cabuda a la ra\u00f3.<\/span><\/div>\n<div dir=\"auto\"><span style=\"font-family: verdana, geneva, sans-serif;\">Obrirem la porta a \u201cLa Casa de Bernarda Alba\u201d, \u201cYerma\u201d i \u201cBodas de Sangre\u201d. Aquestes peces plantegen\u00a0 tem\u00e0tiques que al\u00b7ludeixen a realitats consemblants que viuen les persones amb diversitat funcional. D\u2019aquesta manera, us convidem a crear un pont entre la fantasia i la realitat, entre el passat i el present.\u00a0<\/span><\/div>\n<p dir=\"auto\"><span style=\"font-family: verdana, geneva, sans-serif;\">La pe\u00e7a teatral t\u00e9 una durada de 60 minuts m\u00e9s 20 minuts de col\u00b7loqui.\u00a0<\/span><\/p>\n<p dir=\"auto\"><span style=\"font-family: verdana, geneva, sans-serif;\">L\u2019entrada a l\u2019espectacle \u00a0\u00e9s gratu\u00efta i heu de fer les reserves \u00a0al correu electr\u00f2nic\u00a0<a href=\"mailto:fiti2019santako@gmail.com\" target=\"_blank\" rel=\"noopener\">fiti2022santako@<wbr \/>gmail.com<\/a>\u00a0indicant quantitat d\u2019alumnes, nivell, quantitat d\u2019acompanyants i necessitats especials. Per aix\u00f2 us adjuntem una fitxa que heu d&#8217;omplir. Si teniu algun dubte podeu trucar als tel\u00e8fons 699001393-616326922<\/span><\/p>\n<p dir=\"auto\"><strong><span style=\"font-family: verdana, geneva, sans-serif;\"> Podeu consultar la <a href=\"http:\/\/www.fiti.cat\/images\/pdf_docs\/Programa_FITI_19_2ver.pdf\">programaci\u00f3 del fiti<\/a>\u00a0<\/span><\/strong><\/p>\n<p dir=\"auto\">\n","protected":false},"excerpt":{"rendered":"<p>Invitaci\u00f3 a l&#8217;alumnat d&#8217;Educaci\u00f3 Secund\u00e0ria, Batxillerat i Cicles Formatius. Divendres 2 de desembre, 11:30 h. Teatre Sagarra, sala Sagarra. Obra \u201cLorca en femen\u00ed &#8220;<\/p>\n","protected":false},"author":7,"featured_media":18289,"comment_status":"closed","ping_status":"closed","sticky":false,"template":"","format":"standard","meta":{"_bbp_topic_count":0,"_bbp_reply_count":0,"_bbp_total_topic_count":0,"_bbp_total_reply_count":0,"_bbp_voice_count":0,"_bbp_anonymous_reply_count":0,"_bbp_topic_count_hidden":0,"_bbp_reply_count_hidden":0,"_bbp_forum_subforum_count":0,"site-sidebar-layout":"default","site-content-layout":"","ast-site-content-layout":"","site-content-style":"default","site-sidebar-style":"default","ast-global-header-display":"","ast-banner-title-visibility":"","ast-main-header-display":"","ast-hfb-above-header-display":"","ast-hfb-below-header-display":"","ast-hfb-mobile-header-display":"","site-post-title":"","ast-breadcrumbs-content":"","ast-featured-img":"","footer-sml-layout":"","theme-transparent-header-meta":"","adv-header-id-meta":"","stick-header-meta":"","header-above-stick-meta":"","header-main-stick-meta":"","header-below-stick-meta":"","astra-migrate-meta-layouts":"default","ast-page-background-enabled":"default","ast-page-background-meta":{"desktop":{"background-color":"var(--ast-global-color-4)","background-image":"","background-repeat":"repeat","background-position":"center center","background-size":"auto","background-attachment":"scroll","background-type":"","background-media":"","overlay-type":"","overlay-color":"","overlay-opacity":"","overlay-gradient":""},"tablet":{"background-color":"","background-image":"","background-repeat":"repeat","background-position":"center center","background-size":"auto","background-attachment":"scroll","background-type":"","background-media":"","overlay-type":"","overlay-color":"","overlay-opacity":"","overlay-gradient":""},"mobile":{"background-color":"","background-image":"","background-repeat":"repeat","background-position":"center center","background-size":"auto","background-attachment":"scroll","background-type":"","background-media":"","overlay-type":"","overlay-color":"","overlay-opacity":"","overlay-gradient":""}},"ast-content-background-meta":{"desktop":{"background-color":"var(--ast-global-color-5)","background-image":"","background-repeat":"repeat","background-position":"center center","background-size":"auto","background-attachment":"scroll","background-type":"","background-media":"","overlay-type":"","overlay-color":"","overlay-opacity":"","overlay-gradient":""},"tablet":{"background-color":"var(--ast-global-color-5)","background-image":"","background-repeat":"repeat","background-position":"center center","background-size":"auto","background-attachment":"scroll","background-type":"","background-media":"","overlay-type":"","overlay-color":"","overlay-opacity":"","overlay-gradient":""},"mobile":{"background-color":"var(--ast-global-color-5)","background-image":"","background-repeat":"repeat","background-position":"center center","background-size":"auto","background-attachment":"scroll","background-type":"","background-media":"","overlay-type":"","overlay-color":"","overlay-opacity":"","overlay-gradient":""}},"footnotes":""},"categories":[313,364,64,65,235,29],"tags":[295,287,324,393],"class_list":["post-18288","post","type-post","status-publish","format-standard","has-post-thumbnail","hentry","category-art","category-competencia-comunicativa","category-comunitat","category-crp","category-formacio_ins","category-portada","tag-diversitat","tag-drets","tag-educacio-inclusiva","tag-teatre"],"post_mailing_queue_ids":[],"_links":{"self":[{"href":"https:\/\/serveiseducatius.xtec.cat\/santacolomag\/wp-json\/wp\/v2\/posts\/18288","targetHints":{"allow":["GET"]}}],"collection":[{"href":"https:\/\/serveiseducatius.xtec.cat\/santacolomag\/wp-json\/wp\/v2\/posts"}],"about":[{"href":"https:\/\/serveiseducatius.xtec.cat\/santacolomag\/wp-json\/wp\/v2\/types\/post"}],"author":[{"embeddable":true,"href":"https:\/\/serveiseducatius.xtec.cat\/santacolomag\/wp-json\/wp\/v2\/users\/7"}],"replies":[{"embeddable":true,"href":"https:\/\/serveiseducatius.xtec.cat\/santacolomag\/wp-json\/wp\/v2\/comments?post=18288"}],"version-history":[{"count":2,"href":"https:\/\/serveiseducatius.xtec.cat\/santacolomag\/wp-json\/wp\/v2\/posts\/18288\/revisions"}],"predecessor-version":[{"id":18297,"href":"https:\/\/serveiseducatius.xtec.cat\/santacolomag\/wp-json\/wp\/v2\/posts\/18288\/revisions\/18297"}],"wp:featuredmedia":[{"embeddable":true,"href":"https:\/\/serveiseducatius.xtec.cat\/santacolomag\/wp-json\/wp\/v2\/media\/18289"}],"wp:attachment":[{"href":"https:\/\/serveiseducatius.xtec.cat\/santacolomag\/wp-json\/wp\/v2\/media?parent=18288"}],"wp:term":[{"taxonomy":"category","embeddable":true,"href":"https:\/\/serveiseducatius.xtec.cat\/santacolomag\/wp-json\/wp\/v2\/categories?post=18288"},{"taxonomy":"post_tag","embeddable":true,"href":"https:\/\/serveiseducatius.xtec.cat\/santacolomag\/wp-json\/wp\/v2\/tags?post=18288"}],"curies":[{"name":"wp","href":"https:\/\/api.w.org\/{rel}","templated":true}]}}