{"id":18279,"date":"2022-09-23T09:02:44","date_gmt":"2022-09-23T07:02:44","guid":{"rendered":"https:\/\/serveiseducatius.xtec.cat\/santacolomag\/?p=18279"},"modified":"2022-09-23T09:02:44","modified_gmt":"2022-09-23T07:02:44","slug":"jornades-europees-del-patrimoni-les-veus-de-les-bugaderes-a-lantic-safareig-public","status":"publish","type":"post","link":"https:\/\/serveiseducatius.xtec.cat\/santacolomag\/general\/jornades-europees-del-patrimoni-les-veus-de-les-bugaderes-a-lantic-safareig-public\/","title":{"rendered":"Jornades Europees del Patrimoni. &#8220;Les veus de les bugaderes a l&#8217;antic Safareig p\u00fablic&#8221;"},"content":{"rendered":"<p>Els dies 7, 8 i 9 d\u2019octubre es celebren les Jornades Europees de Patrimoni. Durant aquests dies, els municipis catalans mostren el seu ric patrimoni a trav\u00e9s d\u2019activitats gratu\u00eftes perqu\u00e8 la ciutadania puguin con\u00e8ixer en profunditat el seu patrimoni, la millor manera d\u2019aconseguir la implicaci\u00f3 social en la seva salvaguarda i valoraci\u00f3.<span class=\"Apple-converted-space\">\u00a0<\/span><\/p>\n<h4><strong>Visita &#8211; espectacle a l\u2019antic Safareig p\u00fablic<\/strong><\/h4>\n<p>En el marc de les JEP\u201922, per al diumenge 9 d&#8217;octubre el Museu ha organitzat una visita a l\u2019antic Safareig p\u00fablic de Santa Coloma, activitat que es completar\u00e0 amb un espectacle cultural-musical que reivindica els safareigs com espais de mem\u00f2ria col\u00b7lectiva i la bugada com una feina primordial en la cura de la vida.<\/p>\n<p><a href=\"https:\/\/serveiseducatius.xtec.cat\/santacolomag\/wp-content\/uploads\/usu1183\/2022\/09\/csm_JEP-SCG_Safareig_4f156c21ef.jpg\"><img loading=\"lazy\" decoding=\"async\" class=\"alignnone size-full wp-image-18280\" src=\"https:\/\/serveiseducatius.xtec.cat\/santacolomag\/wp-content\/uploads\/usu1183\/2022\/09\/csm_JEP-SCG_Safareig_4f156c21ef.jpg\" alt=\"\" width=\"282\" height=\"141\" \/><\/a><\/p>\n<p><a href=\"https:\/\/museu.gramenet.cat\/en\/activitats\/detall-activitats\/les-veus-de-les-bugaderes-a-lantic-safareig-public\/\">https:\/\/museu.gramenet.cat\/en\/activitats\/detall-activitats\/les-veus-de-les-bugaderes-a-lantic-safareig-public\/<\/a><\/p>\n","protected":false},"excerpt":{"rendered":"<p>Jornades Europees de Patrimoni<\/p>\n","protected":false},"author":87,"featured_media":18285,"comment_status":"closed","ping_status":"closed","sticky":false,"template":"","format":"standard","meta":{"_bbp_topic_count":0,"_bbp_reply_count":0,"_bbp_total_topic_count":0,"_bbp_total_reply_count":0,"_bbp_voice_count":0,"_bbp_anonymous_reply_count":0,"_bbp_topic_count_hidden":0,"_bbp_reply_count_hidden":0,"_bbp_forum_subforum_count":0,"site-sidebar-layout":"default","site-content-layout":"","ast-site-content-layout":"","site-content-style":"default","site-sidebar-style":"default","ast-global-header-display":"","ast-banner-title-visibility":"","ast-main-header-display":"","ast-hfb-above-header-display":"","ast-hfb-below-header-display":"","ast-hfb-mobile-header-display":"","site-post-title":"","ast-breadcrumbs-content":"","ast-featured-img":"","footer-sml-layout":"","theme-transparent-header-meta":"","adv-header-id-meta":"","stick-header-meta":"","header-above-stick-meta":"","header-main-stick-meta":"","header-below-stick-meta":"","astra-migrate-meta-layouts":"default","ast-page-background-enabled":"default","ast-page-background-meta":{"desktop":{"background-color":"var(--ast-global-color-4)","background-image":"","background-repeat":"repeat","background-position":"center center","background-size":"auto","background-attachment":"scroll","background-type":"","background-media":"","overlay-type":"","overlay-color":"","overlay-opacity":"","overlay-gradient":""},"tablet":{"background-color":"","background-image":"","background-repeat":"repeat","background-position":"center center","background-size":"auto","background-attachment":"scroll","background-type":"","background-media":"","overlay-type":"","overlay-color":"","overlay-opacity":"","overlay-gradient":""},"mobile":{"background-color":"","background-image":"","background-repeat":"repeat","background-position":"center center","background-size":"auto","background-attachment":"scroll","background-type":"","background-media":"","overlay-type":"","overlay-color":"","overlay-opacity":"","overlay-gradient":""}},"ast-content-background-meta":{"desktop":{"background-color":"var(--ast-global-color-5)","background-image":"","background-repeat":"repeat","background-position":"center center","background-size":"auto","background-attachment":"scroll","background-type":"","background-media":"","overlay-type":"","overlay-color":"","overlay-opacity":"","overlay-gradient":""},"tablet":{"background-color":"var(--ast-global-color-5)","background-image":"","background-repeat":"repeat","background-position":"center center","background-size":"auto","background-attachment":"scroll","background-type":"","background-media":"","overlay-type":"","overlay-color":"","overlay-opacity":"","overlay-gradient":""},"mobile":{"background-color":"var(--ast-global-color-5)","background-image":"","background-repeat":"repeat","background-position":"center center","background-size":"auto","background-attachment":"scroll","background-type":"","background-media":"","overlay-type":"","overlay-color":"","overlay-opacity":"","overlay-gradient":""}},"footnotes":""},"categories":[64,68,1,29],"tags":[],"class_list":["post-18279","post","type-post","status-publish","format-standard","has-post-thumbnail","hentry","category-comunitat","category-elic","category-general","category-portada"],"post_mailing_queue_ids":[],"_links":{"self":[{"href":"https:\/\/serveiseducatius.xtec.cat\/santacolomag\/wp-json\/wp\/v2\/posts\/18279","targetHints":{"allow":["GET"]}}],"collection":[{"href":"https:\/\/serveiseducatius.xtec.cat\/santacolomag\/wp-json\/wp\/v2\/posts"}],"about":[{"href":"https:\/\/serveiseducatius.xtec.cat\/santacolomag\/wp-json\/wp\/v2\/types\/post"}],"author":[{"embeddable":true,"href":"https:\/\/serveiseducatius.xtec.cat\/santacolomag\/wp-json\/wp\/v2\/users\/87"}],"replies":[{"embeddable":true,"href":"https:\/\/serveiseducatius.xtec.cat\/santacolomag\/wp-json\/wp\/v2\/comments?post=18279"}],"version-history":[{"count":3,"href":"https:\/\/serveiseducatius.xtec.cat\/santacolomag\/wp-json\/wp\/v2\/posts\/18279\/revisions"}],"predecessor-version":[{"id":18286,"href":"https:\/\/serveiseducatius.xtec.cat\/santacolomag\/wp-json\/wp\/v2\/posts\/18279\/revisions\/18286"}],"wp:featuredmedia":[{"embeddable":true,"href":"https:\/\/serveiseducatius.xtec.cat\/santacolomag\/wp-json\/wp\/v2\/media\/18285"}],"wp:attachment":[{"href":"https:\/\/serveiseducatius.xtec.cat\/santacolomag\/wp-json\/wp\/v2\/media?parent=18279"}],"wp:term":[{"taxonomy":"category","embeddable":true,"href":"https:\/\/serveiseducatius.xtec.cat\/santacolomag\/wp-json\/wp\/v2\/categories?post=18279"},{"taxonomy":"post_tag","embeddable":true,"href":"https:\/\/serveiseducatius.xtec.cat\/santacolomag\/wp-json\/wp\/v2\/tags?post=18279"}],"curies":[{"name":"wp","href":"https:\/\/api.w.org\/{rel}","templated":true}]}}