{"id":17890,"date":"2022-05-27T15:40:41","date_gmt":"2022-05-27T13:40:41","guid":{"rendered":"https:\/\/serveiseducatius.xtec.cat\/santacolomag\/?p=17890"},"modified":"2022-05-27T15:40:41","modified_gmt":"2022-05-27T13:40:41","slug":"audiovisuals-de-suport-a-activitats-deducacio-per-la-pau","status":"publish","type":"post","link":"https:\/\/serveiseducatius.xtec.cat\/santacolomag\/portada\/audiovisuals-de-suport-a-activitats-deducacio-per-la-pau\/","title":{"rendered":"Audiovisuals de suport a activitats d&#8217;educaci\u00f3 per la pau"},"content":{"rendered":"<div><img loading=\"lazy\" decoding=\"async\" class=\"alignleft  wp-image-17891\" src=\"https:\/\/serveiseducatius.xtec.cat\/santacolomag\/wp-content\/uploads\/usu1183\/2022\/05\/escola_cultura_de_pau-e1653566973868.jpg\" alt=\"\" width=\"412\" height=\"153\" \/><\/div>\n<div><\/div>\n<div>Des de l\u2019<a title=\"https:\/\/escolapau.uab.cat\/ca\/inicio\/\" href=\"https:\/\/escolapau.uab.cat\/ca\/inicio\/\" target=\"_blank\" rel=\"noopener noreferrer\" data-saferedirecturl=\"https:\/\/www.google.com\/url?q=https:\/\/escolapau.uab.cat\/ca\/inicio\/&amp;source=gmail&amp;ust=1653642666332000&amp;usg=AOvVaw0PNRE1lCE2sQZAzqsqJWfS\">Escola de Cultura de Pau de la UAB<\/a> ens comparteixen unes c\u00e0psules audiovisuals educatives que han elaborat com un recurs de suport per a activitats d\u2019educaci\u00f3 per la pau i la just\u00edcia global a l\u2019aula.<\/div>\n<div><\/div>\n<div><\/div>\n<div><\/div>\n<div><\/div>\n<div>\n<div><\/div>\n<div>\n<ul>\n<li><b><a title=\"https:\/\/www.youtube.com\/watch?v=FTy1quwMZ0A\" href=\"https:\/\/www.youtube.com\/watch?v=FTy1quwMZ0A\" target=\"_blank\" rel=\"noopener noreferrer\" data-saferedirecturl=\"https:\/\/www.google.com\/url?q=https:\/\/www.youtube.com\/watch?v%3DFTy1quwMZ0A&amp;source=gmail&amp;ust=1653642666333000&amp;usg=AOvVaw2Y1f_v6V0wLab9UR2-CiM-\">Conflictes armats i dimensi\u00f3 de g\u00e8nere en temps de pand\u00e8mia\u00a0<\/a><\/b><br \/>\nC\u00e0psula audiovisual educativa per abordar a l\u2019aula els impactes de g\u00e8nere dels conflictes armats i el paper de les dones i joves en la construcci\u00f3 de pau, aix\u00ed com per abordar propostes de preguntes per a l\u2019acci\u00f3. Aquesta c\u00e0psula incorpora tamb\u00e9 el context global de pand\u00e8mia de la COVID-19. Ha sigut ja utilitzat en el marc del projecte per tractar la 1a Guerra Mundial a hist\u00f2ria de 4t d\u2019ESO de l\u2019Institut Ca n\u2019Oriac (Sabadell, febrer-mar\u00e7 de 2022). Es pot veure aqu\u00ed:\u00a0<a href=\"https:\/\/youtu.be\/FTy1quwMZ0A\" target=\"_blank\" rel=\"noopener noreferrer\" data-saferedirecturl=\"https:\/\/www.google.com\/url?q=https:\/\/youtu.be\/FTy1quwMZ0A&amp;source=gmail&amp;ust=1653642666333000&amp;usg=AOvVaw3OC55HUAJiZTWFwJr3_370\">https:\/\/youtu.be\/<wbr \/>FTy1quwMZ0A<\/a><\/li>\n<li><b><a title=\"https:\/\/www.youtube.com\/watch?v=jc8LOh0cb9M\" href=\"https:\/\/www.youtube.com\/watch?v=jc8LOh0cb9M\" target=\"_blank\" rel=\"noopener noreferrer\" data-saferedirecturl=\"https:\/\/www.google.com\/url?q=https:\/\/www.youtube.com\/watch?v%3Djc8LOh0cb9M&amp;source=gmail&amp;ust=1653642666333000&amp;usg=AOvVaw2S793lYeeIQaVAFY0mM6e3\">Conflictes armats i canvi clim\u00e0tic en temps de pand\u00e8mia\u00a0\u00a0<\/a><\/b><br \/>\nC\u00e0psula audiovisual educativa per abordar a l\u2019aula les interrelacions entre canvi clim\u00e0tic i conflictes armats al m\u00f3n, amb el context global de pand\u00e8mia de la COVID-19 de fons. L\u2019escola Torres Jonama de Palafrugell ja l\u2019ha fet servir en el projecte \u201cEcofeminisme, conflictes armats i pand\u00e8mia\u201d amb els tres grups de sis\u00e8 (mar\u00e7-juny de 2022). Es pot veure aqu\u00ed: <a href=\"https:\/\/youtu.be\/jc8LOh0cb9M\" target=\"_blank\" rel=\"noopener noreferrer\" data-saferedirecturl=\"https:\/\/www.google.com\/url?q=https:\/\/youtu.be\/jc8LOh0cb9M&amp;source=gmail&amp;ust=1653642666333000&amp;usg=AOvVaw33R3BEhe5ZQC7ryCOYnTqw\">https:\/\/youtu.be\/<wbr \/>jc8LOh0cb9M<\/a><\/li>\n<li>\n<div><b><a title=\"https:\/\/www.youtube.com\/watch?v=cAwm-6Lmwgc\" href=\"https:\/\/www.youtube.com\/watch?v=cAwm-6Lmwgc\" target=\"_blank\" rel=\"noopener noreferrer\" data-saferedirecturl=\"https:\/\/www.google.com\/url?q=https:\/\/www.youtube.com\/watch?v%3DcAwm-6Lmwgc&amp;source=gmail&amp;ust=1653642666333000&amp;usg=AOvVaw05Z35W7SCkv9UsoGCkojyD\">Conflictes armats i despla\u00e7ament for\u00e7at en temps de pand\u00e8mia\u00a0\u00a0<\/a><br \/>\n<\/b><\/div>\n<div>C\u00e0psula audiovisual educativa per abordar a l\u2019aula les interrelacions entre els conflictes armats, el despla\u00e7ament for\u00e7at de poblaci\u00f3 civil i el refugi, aix\u00ed com abordar propostes d\u2019acci\u00f3. Ha sigut utilitzat en el marc del projecte transversal \u201cRefugi\u201d de 2n d\u2019ESO de l\u2019IE Sant Esteve (Castellar del Vall\u00e8s, maig de 2022). Es pot veure aqu\u00ed:\u00a0<a href=\"https:\/\/youtu.be\/cAwm-6Lmwgc\" target=\"_blank\" rel=\"noopener noreferrer\" data-saferedirecturl=\"https:\/\/www.google.com\/url?q=https:\/\/youtu.be\/cAwm-6Lmwgc&amp;source=gmail&amp;ust=1653642666333000&amp;usg=AOvVaw2SEEmpx3GTGwGPxXU0EDD9\">https:\/\/youtu.be\/cAwm-<wbr \/>6Lmwgc<\/a><\/div>\n<\/li>\n<\/ul>\n<div>Us animem a visionar-les i explorar si en pot ser un recurs d\u2019utilitat, i a fer-ne difusi\u00f3 pel vostres canals si aix\u00ed ho considereu.<\/div>\n<\/div>\n<\/div>\n<div><\/div>\n<div>Si teniu preguntes sobre aquest material i possibilitats d\u2019aplicaci\u00f3 pr\u00e0ctica: &lt;ana.vilellas@uab.cat&gt;<\/div>\n","protected":false},"excerpt":{"rendered":"<p>V\u00eddeos educatius creats per l&#8217;Escola de cultura de Pau de la UAB per tractar q\u00fcestions de just\u00edcia global en el context global de pand\u00e8mia.<\/p>\n","protected":false},"author":7,"featured_media":17891,"comment_status":"closed","ping_status":"closed","sticky":false,"template":"","format":"standard","meta":{"_bbp_topic_count":0,"_bbp_reply_count":0,"_bbp_total_topic_count":0,"_bbp_total_reply_count":0,"_bbp_voice_count":0,"_bbp_anonymous_reply_count":0,"_bbp_topic_count_hidden":0,"_bbp_reply_count_hidden":0,"_bbp_forum_subforum_count":0,"site-sidebar-layout":"default","site-content-layout":"","ast-site-content-layout":"","site-content-style":"default","site-sidebar-style":"default","ast-global-header-display":"","ast-banner-title-visibility":"","ast-main-header-display":"","ast-hfb-above-header-display":"","ast-hfb-below-header-display":"","ast-hfb-mobile-header-display":"","site-post-title":"","ast-breadcrumbs-content":"","ast-featured-img":"","footer-sml-layout":"","theme-transparent-header-meta":"","adv-header-id-meta":"","stick-header-meta":"","header-above-stick-meta":"","header-main-stick-meta":"","header-below-stick-meta":"","astra-migrate-meta-layouts":"default","ast-page-background-enabled":"default","ast-page-background-meta":{"desktop":{"background-color":"var(--ast-global-color-4)","background-image":"","background-repeat":"repeat","background-position":"center center","background-size":"auto","background-attachment":"scroll","background-type":"","background-media":"","overlay-type":"","overlay-color":"","overlay-opacity":"","overlay-gradient":""},"tablet":{"background-color":"","background-image":"","background-repeat":"repeat","background-position":"center center","background-size":"auto","background-attachment":"scroll","background-type":"","background-media":"","overlay-type":"","overlay-color":"","overlay-opacity":"","overlay-gradient":""},"mobile":{"background-color":"","background-image":"","background-repeat":"repeat","background-position":"center center","background-size":"auto","background-attachment":"scroll","background-type":"","background-media":"","overlay-type":"","overlay-color":"","overlay-opacity":"","overlay-gradient":""}},"ast-content-background-meta":{"desktop":{"background-color":"var(--ast-global-color-5)","background-image":"","background-repeat":"repeat","background-position":"center center","background-size":"auto","background-attachment":"scroll","background-type":"","background-media":"","overlay-type":"","overlay-color":"","overlay-opacity":"","overlay-gradient":""},"tablet":{"background-color":"var(--ast-global-color-5)","background-image":"","background-repeat":"repeat","background-position":"center center","background-size":"auto","background-attachment":"scroll","background-type":"","background-media":"","overlay-type":"","overlay-color":"","overlay-opacity":"","overlay-gradient":""},"mobile":{"background-color":"var(--ast-global-color-5)","background-image":"","background-repeat":"repeat","background-position":"center center","background-size":"auto","background-attachment":"scroll","background-type":"","background-media":"","overlay-type":"","overlay-color":"","overlay-opacity":"","overlay-gradient":""}},"footnotes":""},"categories":[65,262,235,29,76,434,292],"tags":[37,325,287,520,532,363],"class_list":["post-17890","post","type-post","status-publish","format-standard","has-post-thumbnail","hentry","category-crp","category-escoles-verdes","category-formacio_ins","category-portada","category-recursos","category-reflexio","category-actes-commemoratius","tag-audiovisuals","tag-coeducacio","tag-drets","tag-educacio-ambiental","tag-etica","tag-sostenibilitat"],"post_mailing_queue_ids":[],"_links":{"self":[{"href":"https:\/\/serveiseducatius.xtec.cat\/santacolomag\/wp-json\/wp\/v2\/posts\/17890","targetHints":{"allow":["GET"]}}],"collection":[{"href":"https:\/\/serveiseducatius.xtec.cat\/santacolomag\/wp-json\/wp\/v2\/posts"}],"about":[{"href":"https:\/\/serveiseducatius.xtec.cat\/santacolomag\/wp-json\/wp\/v2\/types\/post"}],"author":[{"embeddable":true,"href":"https:\/\/serveiseducatius.xtec.cat\/santacolomag\/wp-json\/wp\/v2\/users\/7"}],"replies":[{"embeddable":true,"href":"https:\/\/serveiseducatius.xtec.cat\/santacolomag\/wp-json\/wp\/v2\/comments?post=17890"}],"version-history":[{"count":1,"href":"https:\/\/serveiseducatius.xtec.cat\/santacolomag\/wp-json\/wp\/v2\/posts\/17890\/revisions"}],"predecessor-version":[{"id":17892,"href":"https:\/\/serveiseducatius.xtec.cat\/santacolomag\/wp-json\/wp\/v2\/posts\/17890\/revisions\/17892"}],"wp:featuredmedia":[{"embeddable":true,"href":"https:\/\/serveiseducatius.xtec.cat\/santacolomag\/wp-json\/wp\/v2\/media\/17891"}],"wp:attachment":[{"href":"https:\/\/serveiseducatius.xtec.cat\/santacolomag\/wp-json\/wp\/v2\/media?parent=17890"}],"wp:term":[{"taxonomy":"category","embeddable":true,"href":"https:\/\/serveiseducatius.xtec.cat\/santacolomag\/wp-json\/wp\/v2\/categories?post=17890"},{"taxonomy":"post_tag","embeddable":true,"href":"https:\/\/serveiseducatius.xtec.cat\/santacolomag\/wp-json\/wp\/v2\/tags?post=17890"}],"curies":[{"name":"wp","href":"https:\/\/api.w.org\/{rel}","templated":true}]}}