{"id":17883,"date":"2022-05-27T11:16:41","date_gmt":"2022-05-27T09:16:41","guid":{"rendered":"https:\/\/serveiseducatius.xtec.cat\/santacolomag\/?p=17883"},"modified":"2022-05-27T11:16:41","modified_gmt":"2022-05-27T09:16:41","slug":"formacio-estiu-llengues-estrangeres-2022","status":"publish","type":"post","link":"https:\/\/serveiseducatius.xtec.cat\/santacolomag\/portada\/formacio-estiu-llengues-estrangeres-2022\/","title":{"rendered":"Formaci\u00f3 estiu lleng\u00fces estrangeres 2022"},"content":{"rendered":"<p dir=\"ltr\"><span style=\"font-family: arial, sans-serif;\"><a href=\"https:\/\/xtec.gencat.cat\/ca\/formacio\/formacio-estiu\/llenguesestrangeres\/\"><img loading=\"lazy\" decoding=\"async\" class=\"alignleft  wp-image-17884\" src=\"https:\/\/serveiseducatius.xtec.cat\/santacolomag\/wp-content\/uploads\/usu1183\/2022\/05\/actualitat-553x553-formacio-llengues-estrangeres-angles.jpg_1595044798.jpg\" alt=\"\" width=\"179\" height=\"179\" \/><\/a>\u00a0Aqu\u00ed teniu l&#8217;oferta formativa en lleng\u00fces estrangeres per a l&#8217;estiu de 2022. <\/span><\/p>\n<p dir=\"ltr\"><a href=\"https:\/\/xtec.gencat.cat\/ca\/formacio\/formacio-estiu\/llenguesestrangeres\/\" target=\"_blank\" rel=\"noopener\" data-saferedirecturl=\"https:\/\/www.google.com\/url?q=https:\/\/xtec.gencat.cat\/ca\/formacio\/formacio-estiu\/llenguesestrangeres\/&amp;source=gmail&amp;ust=1653725812756000&amp;usg=AOvVaw0dTFeFM-v2tzxVkMyr_3vp\">https:\/\/xtec.gencat.cat\/ca\/<wbr \/>formacio\/formacio-estiu\/<wbr \/>llenguesestrangeres\/<\/a><\/p>\n<p dir=\"ltr\"><span style=\"font-family: arial, sans-serif;\">El per\u00edode d\u2019inscripci\u00f3 a les activitats finalitza el <b>31 de maig de 2022<\/b> i l\u2019assignaci\u00f3 de places \u00e9s a partir del 20 de juny de 2022.<\/span><\/p>\n<div class=\"col-xs-12 col-sm-6\">\n<div class=\"distribuidora-item grey\"><\/div>\n<\/div>\n<p>&nbsp;<\/p>\n<div class=\"col-xs-12 col-sm-6\">\n<section id=\"h.c49c6f342967a4a_7\" class=\"yaqOZd cJgDec tpmmCb\">\n<div class=\"mYVXT\">\n<div class=\"LS81yb VICjCf\" tabindex=\"-1\">\n<div class=\"hJDwNd-AhqUyc-II5mzb purZT-AhqUyc-II5mzb pSzOP-AhqUyc-II5mzb JNdkSc\">\n<div class=\"JNdkSc-SmKAyb\">\n<div class=\"\">\n<div class=\"oKdM2c Kzv0Me\">\n<div id=\"h.c49c6f342967a4a_4\" class=\"hJDwNd-AhqUyc-II5mzb pSzOP-AhqUyc-II5mzb jXK9ad D2fZ2 OjCsFc wHaque\">\n<div class=\"jXK9ad-SmKAyb\">\n<div class=\"tyJCtd baZpAe\">\n<div class=\"t3iYD\"><a href=\"https:\/\/sites.google.com\/xtec.cat\/teachertrainingcourses\/inici\"><img loading=\"lazy\" decoding=\"async\" class=\"CENy8b alignleft\" role=\"img\" src=\"https:\/\/lh5.googleusercontent.com\/Byt8dNT_peIJOjpTHWDg1kgJwOQ94f_yQV5MdMQ0lwBRKCzzG8GqdLl15X7BfxdflITQtmQPrUEmJEomT7vLbIASJQuUe_w4Db9UAWk5tnOL4dZM77XYDo6FWr4KiQRU6g=w1280\" width=\"221\" height=\"145\" \/><\/a><\/div>\n<\/div>\n<\/div>\n<\/div>\n<\/div>\n<\/div>\n<\/div>\n<\/div>\n<div class=\"hJDwNd-AhqUyc-II5mzb JNdkSc L6cTce-purZT L6cTce-pSzOP\">\n<div class=\"JNdkSc-SmKAyb\">\n<div class=\"\"><\/div>\n<\/div>\n<\/div>\n<\/div>\n<\/div>\n<\/section>\n<section id=\"h.c49c6f342967a4a_0\" class=\"yaqOZd lQAHbd\">\n<div class=\"IFuOkc\"><\/div>\n<div class=\"mYVXT\">\n<div class=\"LS81yb VICjCf\" tabindex=\"-1\">\n<div class=\"hJDwNd-AhqUyc-uQSCkd purZT-AhqUyc-II5mzb pSzOP-AhqUyc-qWD73c JNdkSc\">\n<div class=\"JNdkSc-SmKAyb\">\n<div class=\"\">\n<div class=\"oKdM2c Kzv0Me\">\n<div id=\"h.c49c6f342967a4a_3\" class=\"hJDwNd-AhqUyc-uQSCkd jXK9ad D2fZ2 OjCsFc wHaque GNzUNc\">\n<div class=\"jXK9ad-SmKAyb\">\n<div class=\"tyJCtd mGzaTb baZpAe\">\n<p class=\"CDt4Ke zfr3Q\" dir=\"ltr\"><span class=\" jgG6ef\">This is the web where you will be able to find the events and training courses organised by Formaci\u00f3 de Lleng\u00fces Estrangeres, Servei de Formaci\u00f3 i Desenvolupament del Professorat de la Direcci\u00f3 General d&#8217;Innovaci\u00f3, Recerca i Cultura Digital del Departament d\u2019Educaci\u00f3 de la Generalitat de Catalunya. We hope it is useful.<\/span><\/p>\n<\/div>\n<\/div>\n<\/div>\n<\/div>\n<\/div>\n<\/div>\n<\/div>\n<\/div>\n<\/div>\n<\/section>\n<\/div>\n","protected":false},"excerpt":{"rendered":"<p>El per\u00edode d\u2019inscripci\u00f3 a les activitats finalitza el 31 de maig de 2022 i l\u2019assignaci\u00f3 de places \u00e9s a partir del 20 de juny de 2022.<\/p>\n","protected":false},"author":7,"featured_media":17884,"comment_status":"closed","ping_status":"closed","sticky":false,"template":"","format":"standard","meta":{"_bbp_topic_count":0,"_bbp_reply_count":0,"_bbp_total_topic_count":0,"_bbp_total_reply_count":0,"_bbp_voice_count":0,"_bbp_anonymous_reply_count":0,"_bbp_topic_count_hidden":0,"_bbp_reply_count_hidden":0,"_bbp_forum_subforum_count":0,"site-sidebar-layout":"default","site-content-layout":"","ast-site-content-layout":"","site-content-style":"default","site-sidebar-style":"default","ast-global-header-display":"","ast-banner-title-visibility":"","ast-main-header-display":"","ast-hfb-above-header-display":"","ast-hfb-below-header-display":"","ast-hfb-mobile-header-display":"","site-post-title":"","ast-breadcrumbs-content":"","ast-featured-img":"","footer-sml-layout":"","theme-transparent-header-meta":"","adv-header-id-meta":"","stick-header-meta":"","header-above-stick-meta":"","header-main-stick-meta":"","header-below-stick-meta":"","astra-migrate-meta-layouts":"default","ast-page-background-enabled":"default","ast-page-background-meta":{"desktop":{"background-color":"var(--ast-global-color-4)","background-image":"","background-repeat":"repeat","background-position":"center center","background-size":"auto","background-attachment":"scroll","background-type":"","background-media":"","overlay-type":"","overlay-color":"","overlay-opacity":"","overlay-gradient":""},"tablet":{"background-color":"","background-image":"","background-repeat":"repeat","background-position":"center center","background-size":"auto","background-attachment":"scroll","background-type":"","background-media":"","overlay-type":"","overlay-color":"","overlay-opacity":"","overlay-gradient":""},"mobile":{"background-color":"","background-image":"","background-repeat":"repeat","background-position":"center center","background-size":"auto","background-attachment":"scroll","background-type":"","background-media":"","overlay-type":"","overlay-color":"","overlay-opacity":"","overlay-gradient":""}},"ast-content-background-meta":{"desktop":{"background-color":"var(--ast-global-color-5)","background-image":"","background-repeat":"repeat","background-position":"center center","background-size":"auto","background-attachment":"scroll","background-type":"","background-media":"","overlay-type":"","overlay-color":"","overlay-opacity":"","overlay-gradient":""},"tablet":{"background-color":"var(--ast-global-color-5)","background-image":"","background-repeat":"repeat","background-position":"center center","background-size":"auto","background-attachment":"scroll","background-type":"","background-media":"","overlay-type":"","overlay-color":"","overlay-opacity":"","overlay-gradient":""},"mobile":{"background-color":"var(--ast-global-color-5)","background-image":"","background-repeat":"repeat","background-position":"center center","background-size":"auto","background-attachment":"scroll","background-type":"","background-media":"","overlay-type":"","overlay-color":"","overlay-opacity":"","overlay-gradient":""}},"footnotes":""},"categories":[364,65,154,310,29],"tags":[215,299,285],"class_list":["post-17883","post","type-post","status-publish","format-standard","has-post-thumbnail","hentry","category-competencia-comunicativa","category-crp","category-formacio","category-llengues-estrangeres","category-portada","tag-formacio-permanent-del-professorat","tag-llengues-estrangeres","tag-metodologia"],"post_mailing_queue_ids":[],"_links":{"self":[{"href":"https:\/\/serveiseducatius.xtec.cat\/santacolomag\/wp-json\/wp\/v2\/posts\/17883","targetHints":{"allow":["GET"]}}],"collection":[{"href":"https:\/\/serveiseducatius.xtec.cat\/santacolomag\/wp-json\/wp\/v2\/posts"}],"about":[{"href":"https:\/\/serveiseducatius.xtec.cat\/santacolomag\/wp-json\/wp\/v2\/types\/post"}],"author":[{"embeddable":true,"href":"https:\/\/serveiseducatius.xtec.cat\/santacolomag\/wp-json\/wp\/v2\/users\/7"}],"replies":[{"embeddable":true,"href":"https:\/\/serveiseducatius.xtec.cat\/santacolomag\/wp-json\/wp\/v2\/comments?post=17883"}],"version-history":[{"count":1,"href":"https:\/\/serveiseducatius.xtec.cat\/santacolomag\/wp-json\/wp\/v2\/posts\/17883\/revisions"}],"predecessor-version":[{"id":17885,"href":"https:\/\/serveiseducatius.xtec.cat\/santacolomag\/wp-json\/wp\/v2\/posts\/17883\/revisions\/17885"}],"wp:featuredmedia":[{"embeddable":true,"href":"https:\/\/serveiseducatius.xtec.cat\/santacolomag\/wp-json\/wp\/v2\/media\/17884"}],"wp:attachment":[{"href":"https:\/\/serveiseducatius.xtec.cat\/santacolomag\/wp-json\/wp\/v2\/media?parent=17883"}],"wp:term":[{"taxonomy":"category","embeddable":true,"href":"https:\/\/serveiseducatius.xtec.cat\/santacolomag\/wp-json\/wp\/v2\/categories?post=17883"},{"taxonomy":"post_tag","embeddable":true,"href":"https:\/\/serveiseducatius.xtec.cat\/santacolomag\/wp-json\/wp\/v2\/tags?post=17883"}],"curies":[{"name":"wp","href":"https:\/\/api.w.org\/{rel}","templated":true}]}}