{"id":17852,"date":"2022-05-18T10:11:15","date_gmt":"2022-05-18T08:11:15","guid":{"rendered":"https:\/\/serveiseducatius.xtec.cat\/santacolomag\/?p=17852"},"modified":"2022-05-18T10:12:05","modified_gmt":"2022-05-18T08:12:05","slug":"beques-angles-immersio-linguistica-curs-2022-2023","status":"publish","type":"post","link":"https:\/\/serveiseducatius.xtec.cat\/santacolomag\/portada\/beques-angles-immersio-linguistica-curs-2022-2023\/","title":{"rendered":"Beques Angl\u00e8s Immersi\u00f3 Ling\u00fc\u00edstica Curs 2022-2023"},"content":{"rendered":"<div><\/div>\n<div>\n<p dir=\"ltr\"><span style=\"font-family: arial, sans-serif;\"><img loading=\"lazy\" decoding=\"async\" class=\"alignleft size-full wp-image-17853\" src=\"https:\/\/serveiseducatius.xtec.cat\/santacolomag\/wp-content\/uploads\/usu1183\/2022\/05\/baixa.jpg\" alt=\"\" width=\"315\" height=\"160\" srcset=\"https:\/\/serveiseducatius.xtec.cat\/santacolomag\/wp-content\/uploads\/usu1183\/2022\/05\/baixa.jpg 315w, https:\/\/serveiseducatius.xtec.cat\/santacolomag\/wp-content\/uploads\/usu1183\/2022\/05\/baixa-300x152.jpg 300w\" sizes=\"auto, (max-width: 315px) 100vw, 315px\" \/>S&#8217;ha obert el termini per a sol\u00b7licitar <\/span>\u00a0les beques del <strong>Programa d\u2019immersi\u00f3 ling\u00fc\u00edstica en angl\u00e8s per estades d\u2019una setmana durant el curs 2022-2023 amb opci\u00f3 a un dels dos torns: tardor de 2022 o primavera de 2023.\u00a0\u00a0<\/strong><\/p>\n<p dir=\"ltr\"><span style=\"font-family: arial, sans-serif;\">Es tracta d&#8217;una beca que promou el Ministeri d&#8217;Educaci\u00f3 i Formaci\u00f3 Professional (MEFP),<strong>\u00a0adre\u00e7ada a l&#8217;alumnat de\u00a06\u00e8 de Prim\u00e0ria i 2n de l&#8217;ESO,<\/strong> per incentivar la pr\u00e0ctica oral de la llengua anglesa en entorns comunicatius no formals. Aix\u00ed mateix, es tractaran tem\u00e0tiques d&#8217;inter\u00e8s cient\u00edfic i mediambiental, i es promour\u00e0 la conviv\u00e8ncia amb alumnat d&#8217;altres territoris d\u2019Espanya. Per optar a la beca, caldr\u00e0 presentar un projecte al voltant del seg\u00fcent <strong>eix:\u00a0<\/strong><\/span><strong><i>Sociocultural aspects of the different English-speaking countries around the world.<\/i><span style=\"font-family: arial, sans-serif;\">\u00a0<\/span><\/strong><\/p>\n<p dir=\"ltr\"><span style=\"font-family: arial, sans-serif;\">Per a m\u00e9s informaci\u00f3, consulteu<a href=\"http:\/\/www.educacionyfp.gob.es\/en\/servicios-al-ciudadano\/catalogo\/estudiantes\/becas-ayudas\/para-estudiar\/idiomas\/inmersion-linguistica.html\" target=\"_blank\" rel=\"noopener\" data-saferedirecturl=\"https:\/\/www.google.com\/url?q=http:\/\/www.educacionyfp.gob.es\/en\/servicios-al-ciudadano\/catalogo\/estudiantes\/becas-ayudas\/para-estudiar\/idiomas\/inmersion-linguistica.html&amp;source=gmail&amp;ust=1652947156302000&amp;usg=AOvVaw2DOUQZC-iX_cma2ZkWVQQd\">\u00a0http:\/\/www.<wbr \/>educacionyfp.gob.es\/en\/<wbr \/>servicios-al-ciudadano\/<wbr \/>catalogo\/estudiantes\/becas-<wbr \/>ayudas\/para-estudiar\/idiomas\/<wbr \/>inmersion-linguistica.html<\/a><\/span><span style=\"font-family: arial, sans-serif;\">Inscripcions fins al\u00a0<b>6<\/b>\u00a0de juny de 2022.<\/span><\/p>\n<\/div>\n","protected":false},"excerpt":{"rendered":"<p>Beques del Programa d\u2019immersi\u00f3 ling\u00fc\u00edstica en angl\u00e8s per a estades d\u2019una setmana durant el curs 2022-2023. Adre\u00e7ades a alumnat de 6\u00e8 i 2n d&#8217;ESO<\/p>\n","protected":false},"author":7,"featured_media":17853,"comment_status":"closed","ping_status":"closed","sticky":false,"template":"","format":"standard","meta":{"_bbp_topic_count":0,"_bbp_reply_count":0,"_bbp_total_topic_count":0,"_bbp_total_reply_count":0,"_bbp_voice_count":0,"_bbp_anonymous_reply_count":0,"_bbp_topic_count_hidden":0,"_bbp_reply_count_hidden":0,"_bbp_forum_subforum_count":0,"site-sidebar-layout":"default","site-content-layout":"","ast-site-content-layout":"","site-content-style":"default","site-sidebar-style":"default","ast-global-header-display":"","ast-banner-title-visibility":"","ast-main-header-display":"","ast-hfb-above-header-display":"","ast-hfb-below-header-display":"","ast-hfb-mobile-header-display":"","site-post-title":"","ast-breadcrumbs-content":"","ast-featured-img":"","footer-sml-layout":"","theme-transparent-header-meta":"","adv-header-id-meta":"","stick-header-meta":"","header-above-stick-meta":"","header-main-stick-meta":"","header-below-stick-meta":"","astra-migrate-meta-layouts":"default","ast-page-background-enabled":"default","ast-page-background-meta":{"desktop":{"background-color":"var(--ast-global-color-4)","background-image":"","background-repeat":"repeat","background-position":"center center","background-size":"auto","background-attachment":"scroll","background-type":"","background-media":"","overlay-type":"","overlay-color":"","overlay-opacity":"","overlay-gradient":""},"tablet":{"background-color":"","background-image":"","background-repeat":"repeat","background-position":"center center","background-size":"auto","background-attachment":"scroll","background-type":"","background-media":"","overlay-type":"","overlay-color":"","overlay-opacity":"","overlay-gradient":""},"mobile":{"background-color":"","background-image":"","background-repeat":"repeat","background-position":"center center","background-size":"auto","background-attachment":"scroll","background-type":"","background-media":"","overlay-type":"","overlay-color":"","overlay-opacity":"","overlay-gradient":""}},"ast-content-background-meta":{"desktop":{"background-color":"var(--ast-global-color-5)","background-image":"","background-repeat":"repeat","background-position":"center center","background-size":"auto","background-attachment":"scroll","background-type":"","background-media":"","overlay-type":"","overlay-color":"","overlay-opacity":"","overlay-gradient":""},"tablet":{"background-color":"var(--ast-global-color-5)","background-image":"","background-repeat":"repeat","background-position":"center center","background-size":"auto","background-attachment":"scroll","background-type":"","background-media":"","overlay-type":"","overlay-color":"","overlay-opacity":"","overlay-gradient":""},"mobile":{"background-color":"var(--ast-global-color-5)","background-image":"","background-repeat":"repeat","background-position":"center center","background-size":"auto","background-attachment":"scroll","background-type":"","background-media":"","overlay-type":"","overlay-color":"","overlay-opacity":"","overlay-gradient":""}},"footnotes":""},"categories":[65,310,29],"tags":[43,304,299],"class_list":["post-17852","post","type-post","status-publish","format-standard","has-post-thumbnail","hentry","category-crp","category-llengues-estrangeres","category-portada","tag-expressio-oral","tag-llengua-anglesa","tag-llengues-estrangeres"],"post_mailing_queue_ids":[],"_links":{"self":[{"href":"https:\/\/serveiseducatius.xtec.cat\/santacolomag\/wp-json\/wp\/v2\/posts\/17852","targetHints":{"allow":["GET"]}}],"collection":[{"href":"https:\/\/serveiseducatius.xtec.cat\/santacolomag\/wp-json\/wp\/v2\/posts"}],"about":[{"href":"https:\/\/serveiseducatius.xtec.cat\/santacolomag\/wp-json\/wp\/v2\/types\/post"}],"author":[{"embeddable":true,"href":"https:\/\/serveiseducatius.xtec.cat\/santacolomag\/wp-json\/wp\/v2\/users\/7"}],"replies":[{"embeddable":true,"href":"https:\/\/serveiseducatius.xtec.cat\/santacolomag\/wp-json\/wp\/v2\/comments?post=17852"}],"version-history":[{"count":2,"href":"https:\/\/serveiseducatius.xtec.cat\/santacolomag\/wp-json\/wp\/v2\/posts\/17852\/revisions"}],"predecessor-version":[{"id":17855,"href":"https:\/\/serveiseducatius.xtec.cat\/santacolomag\/wp-json\/wp\/v2\/posts\/17852\/revisions\/17855"}],"wp:featuredmedia":[{"embeddable":true,"href":"https:\/\/serveiseducatius.xtec.cat\/santacolomag\/wp-json\/wp\/v2\/media\/17853"}],"wp:attachment":[{"href":"https:\/\/serveiseducatius.xtec.cat\/santacolomag\/wp-json\/wp\/v2\/media?parent=17852"}],"wp:term":[{"taxonomy":"category","embeddable":true,"href":"https:\/\/serveiseducatius.xtec.cat\/santacolomag\/wp-json\/wp\/v2\/categories?post=17852"},{"taxonomy":"post_tag","embeddable":true,"href":"https:\/\/serveiseducatius.xtec.cat\/santacolomag\/wp-json\/wp\/v2\/tags?post=17852"}],"curies":[{"name":"wp","href":"https:\/\/api.w.org\/{rel}","templated":true}]}}