{"id":17848,"date":"2022-05-17T13:47:05","date_gmt":"2022-05-17T11:47:05","guid":{"rendered":"https:\/\/serveiseducatius.xtec.cat\/santacolomag\/?p=17848"},"modified":"2022-05-17T13:49:21","modified_gmt":"2022-05-17T11:49:21","slug":"vii-mostra-de-programacio-i-robotica-de-secundaria-del-barcelones-nord","status":"publish","type":"post","link":"https:\/\/serveiseducatius.xtec.cat\/santacolomag\/general\/vii-mostra-de-programacio-i-robotica-de-secundaria-del-barcelones-nord\/","title":{"rendered":"VII Mostra de Programaci\u00f3 i Rob\u00f2tica de secund\u00e0ria del Barcelon\u00e8s Nord"},"content":{"rendered":"<p class=\"CDt4Ke zfr3Q\" dir=\"ltr\"><strong><img loading=\"lazy\" decoding=\"async\" class=\" wp-image-17849 alignleft\" src=\"https:\/\/serveiseducatius.xtec.cat\/santacolomag\/wp-content\/uploads\/usu1183\/2022\/05\/Poster-724x1024.jpg\" alt=\"\" width=\"413\" height=\"584\" \/>VII Mostra de Programaci\u00f3 i Rob\u00f2tica del Barcelon\u00e8s Nord. (<\/strong><span class=\" aw5Odc\"><a class=\"XqQF9c\" href=\"https:\/\/www.google.com\/url?q=https%3A%2F%2Fja.cat%2Fmostraprbn&amp;sa=D&amp;sntz=1&amp;usg=AFQjCNF5mpunIYrfECzSgaI9OqQWRIts_g\" target=\"_blank\" rel=\"noopener noreferrer\"><strong>https:\/\/ja.cat\/mostraprbn<\/strong><\/a><strong>)<\/strong><\/span><\/p>\n<p class=\"CDt4Ke zfr3Q\" dir=\"ltr\">La Mostra de Programaci\u00f3 i Rob\u00f2tica dels centres de secund\u00e0ria del Barcelon\u00e8s Nord, es fa el dia 18 de maig a les 10h a l\u2019Escola d\u2019Enginyeria Barcelona Est, <span class=\" aw5Odc\"><a class=\"XqQF9c\" href=\"https:\/\/www.google.es\/maps\/dir\/\/campus+diagonal+besos\/@41.3941229,2.0870141,12z\/data=!4m8!4m7!1m0!1m5!1m1!1s0x12a4a35672e3a52b:0x2df7c9305f9ae712!2m2!1d2.2222058!2d41.4136932\" target=\"_blank\" rel=\"noopener noreferrer\">Campus Diagonal Besos<\/a> i aquest curs 2021-2022 <\/span>(presencialment) hi participen alumnes que presentaran diferents projectes que es duen a terme en instituts i centres de secund\u00e0ria de Badalona i de Santa Coloma de Gramenet.<\/p>\n<p class=\"CDt4Ke zfr3Q\" dir=\"ltr\">La Mostra de Programaci\u00f3 i Rob\u00f2tica dels centres de secund\u00e0ria del Barcelon\u00e8s Nord est\u00e0 organitzada pels Serveis Educatius de Badalona, Sant Adri\u00e0 de Bes\u00f2s i Santa Coloma de Gramenet, del Departament d\u2019Educaci\u00f3 de la Generalitat de Catalunya.<\/p>\n","protected":false},"excerpt":{"rendered":"<p>La Mostra de Programaci\u00f3 i Rob\u00f2tica dels centres de secund\u00e0ria del Barcelon\u00e8s Nord, es fa el dia 18 de maig a les 10h a l\u2019Escola d\u2019Enginyeria Barcelona Est<\/p>\n","protected":false},"author":4,"featured_media":17849,"comment_status":"closed","ping_status":"closed","sticky":false,"template":"","format":"standard","meta":{"_bbp_topic_count":0,"_bbp_reply_count":0,"_bbp_total_topic_count":0,"_bbp_total_reply_count":0,"_bbp_voice_count":0,"_bbp_anonymous_reply_count":0,"_bbp_topic_count_hidden":0,"_bbp_reply_count_hidden":0,"_bbp_forum_subforum_count":0,"site-sidebar-layout":"default","site-content-layout":"","ast-site-content-layout":"","site-content-style":"default","site-sidebar-style":"default","ast-global-header-display":"","ast-banner-title-visibility":"","ast-main-header-display":"","ast-hfb-above-header-display":"","ast-hfb-below-header-display":"","ast-hfb-mobile-header-display":"","site-post-title":"","ast-breadcrumbs-content":"","ast-featured-img":"","footer-sml-layout":"","theme-transparent-header-meta":"","adv-header-id-meta":"","stick-header-meta":"","header-above-stick-meta":"","header-main-stick-meta":"","header-below-stick-meta":"","astra-migrate-meta-layouts":"default","ast-page-background-enabled":"default","ast-page-background-meta":{"desktop":{"background-color":"var(--ast-global-color-4)","background-image":"","background-repeat":"repeat","background-position":"center center","background-size":"auto","background-attachment":"scroll","background-type":"","background-media":"","overlay-type":"","overlay-color":"","overlay-opacity":"","overlay-gradient":""},"tablet":{"background-color":"","background-image":"","background-repeat":"repeat","background-position":"center center","background-size":"auto","background-attachment":"scroll","background-type":"","background-media":"","overlay-type":"","overlay-color":"","overlay-opacity":"","overlay-gradient":""},"mobile":{"background-color":"","background-image":"","background-repeat":"repeat","background-position":"center center","background-size":"auto","background-attachment":"scroll","background-type":"","background-media":"","overlay-type":"","overlay-color":"","overlay-opacity":"","overlay-gradient":""}},"ast-content-background-meta":{"desktop":{"background-color":"var(--ast-global-color-5)","background-image":"","background-repeat":"repeat","background-position":"center center","background-size":"auto","background-attachment":"scroll","background-type":"","background-media":"","overlay-type":"","overlay-color":"","overlay-opacity":"","overlay-gradient":""},"tablet":{"background-color":"var(--ast-global-color-5)","background-image":"","background-repeat":"repeat","background-position":"center center","background-size":"auto","background-attachment":"scroll","background-type":"","background-media":"","overlay-type":"","overlay-color":"","overlay-opacity":"","overlay-gradient":""},"mobile":{"background-color":"var(--ast-global-color-5)","background-image":"","background-repeat":"repeat","background-position":"center center","background-size":"auto","background-attachment":"scroll","background-type":"","background-media":"","overlay-type":"","overlay-color":"","overlay-opacity":"","overlay-gradient":""}},"footnotes":""},"categories":[65,78,365,1,29,414],"tags":[529,109],"class_list":["post-17848","post","type-post","status-publish","format-standard","has-post-thumbnail","hentry","category-crp","category-cd","category-experiencies-de-centre","category-general","category-portada","category-mostra-de-robotica","tag-barcelones-nord","tag-robotica"],"post_mailing_queue_ids":[],"_links":{"self":[{"href":"https:\/\/serveiseducatius.xtec.cat\/santacolomag\/wp-json\/wp\/v2\/posts\/17848","targetHints":{"allow":["GET"]}}],"collection":[{"href":"https:\/\/serveiseducatius.xtec.cat\/santacolomag\/wp-json\/wp\/v2\/posts"}],"about":[{"href":"https:\/\/serveiseducatius.xtec.cat\/santacolomag\/wp-json\/wp\/v2\/types\/post"}],"author":[{"embeddable":true,"href":"https:\/\/serveiseducatius.xtec.cat\/santacolomag\/wp-json\/wp\/v2\/users\/4"}],"replies":[{"embeddable":true,"href":"https:\/\/serveiseducatius.xtec.cat\/santacolomag\/wp-json\/wp\/v2\/comments?post=17848"}],"version-history":[{"count":2,"href":"https:\/\/serveiseducatius.xtec.cat\/santacolomag\/wp-json\/wp\/v2\/posts\/17848\/revisions"}],"predecessor-version":[{"id":17851,"href":"https:\/\/serveiseducatius.xtec.cat\/santacolomag\/wp-json\/wp\/v2\/posts\/17848\/revisions\/17851"}],"wp:featuredmedia":[{"embeddable":true,"href":"https:\/\/serveiseducatius.xtec.cat\/santacolomag\/wp-json\/wp\/v2\/media\/17849"}],"wp:attachment":[{"href":"https:\/\/serveiseducatius.xtec.cat\/santacolomag\/wp-json\/wp\/v2\/media?parent=17848"}],"wp:term":[{"taxonomy":"category","embeddable":true,"href":"https:\/\/serveiseducatius.xtec.cat\/santacolomag\/wp-json\/wp\/v2\/categories?post=17848"},{"taxonomy":"post_tag","embeddable":true,"href":"https:\/\/serveiseducatius.xtec.cat\/santacolomag\/wp-json\/wp\/v2\/tags?post=17848"}],"curies":[{"name":"wp","href":"https:\/\/api.w.org\/{rel}","templated":true}]}}