{"id":17777,"date":"2022-05-10T13:54:40","date_gmt":"2022-05-10T11:54:40","guid":{"rendered":"https:\/\/serveiseducatius.xtec.cat\/santacolomag\/?p=17777"},"modified":"2022-05-10T13:55:46","modified_gmt":"2022-05-10T11:55:46","slug":"la-filosofia-una-disciplina-troncal-xxiv-conferencia-filosofia-3-18","status":"publish","type":"post","link":"https:\/\/serveiseducatius.xtec.cat\/santacolomag\/portada\/la-filosofia-una-disciplina-troncal-xxiv-conferencia-filosofia-3-18\/","title":{"rendered":"La filosofia, una disciplina troncal. XXIV Confer\u00e8ncia Filosofia 3\/18"},"content":{"rendered":"<p><img loading=\"lazy\" decoding=\"async\" class=\"alignleft wp-image-17778\" src=\"https:\/\/serveiseducatius.xtec.cat\/santacolomag\/wp-content\/uploads\/usu1183\/2022\/05\/2022-Conferencia-IREF-Final-1-scaled.jpg\" alt=\"\" width=\"366\" height=\"249\" \/><\/p>\n<p>La filosofia: Una disciplina troncal ser\u00e0 el fil conductor de la XXIV Confer\u00e8ncia Filosofia 3\/18 que organitza e<a href=\"https:\/\/www.grupiref.org\/\">l GrupIREF<\/a><\/p>\n<p><strong>Dia:<\/strong> 20 de maig de 2022<br \/>\n<strong>Programa<\/strong>:<br \/>\n<strong>18h<\/strong> Benvinguda<br \/>\n<strong>18,10h.<\/strong> Confer\u00e8ncia <em>&#8220;<strong>Aprendre a viure amb el misteri&#8221;<\/strong><\/em> a c\u00e0rrec d<a href=\"https:\/\/www.eulaliabosch.net\/ca\/en-veu-alta.html\">&#8216;<strong>Eul\u00e0lia Bosch.<\/strong><\/a><br \/>\n<strong>19h<\/strong> Presentaci\u00f3 d&#8217;experi\u00e8ncies:<br \/>\n&#8211; &#8220;M\u00e9s enll\u00e0 del que veiem&#8221;, a c\u00e0rrec del mestre Patrici Batalla de l&#8217;<a href=\"https:\/\/escolaelpuig.cat\/\">Escola El Puig d&#8217;Esparraguera<\/a><br \/>\n-&#8220;Kio i Gus. De l&#8217;exterioritat a la interioritat, a c\u00e0rrec de N\u00faria Baza, de l&#8217;<a href=\"https:\/\/escolasadako.cat\/\">Escola Sadako de Barcelona<\/a><\/p>\n<p>Lloc: El format virtual a trav\u00e9s del canal de <a href=\"https:\/\/m.youtube.com\/user\/ElcanaldelGrupIREF\">Youtube del Grup IREF<\/a><\/p>\n","protected":false},"excerpt":{"rendered":"<p>20 de maig. Amb la confer\u00e8ncia (en l\u00ednia) &#8220;Aprendre a viure amb el misteri&#8221; a c\u00e0rrec d&#8217;Eul\u00e0lia Bosch i Presentaci\u00f3 d&#8217;experi\u00e8ncies. <\/p>\n","protected":false},"author":7,"featured_media":17778,"comment_status":"closed","ping_status":"closed","sticky":false,"template":"","format":"standard","meta":{"_bbp_topic_count":0,"_bbp_reply_count":0,"_bbp_total_topic_count":0,"_bbp_total_reply_count":0,"_bbp_voice_count":0,"_bbp_anonymous_reply_count":0,"_bbp_topic_count_hidden":0,"_bbp_reply_count_hidden":0,"_bbp_forum_subforum_count":0,"site-sidebar-layout":"default","site-content-layout":"","ast-site-content-layout":"","site-content-style":"default","site-sidebar-style":"default","ast-global-header-display":"","ast-banner-title-visibility":"","ast-main-header-display":"","ast-hfb-above-header-display":"","ast-hfb-below-header-display":"","ast-hfb-mobile-header-display":"","site-post-title":"","ast-breadcrumbs-content":"","ast-featured-img":"","footer-sml-layout":"","theme-transparent-header-meta":"","adv-header-id-meta":"","stick-header-meta":"","header-above-stick-meta":"","header-main-stick-meta":"","header-below-stick-meta":"","astra-migrate-meta-layouts":"default","ast-page-background-enabled":"default","ast-page-background-meta":{"desktop":{"background-color":"var(--ast-global-color-4)","background-image":"","background-repeat":"repeat","background-position":"center center","background-size":"auto","background-attachment":"scroll","background-type":"","background-media":"","overlay-type":"","overlay-color":"","overlay-opacity":"","overlay-gradient":""},"tablet":{"background-color":"","background-image":"","background-repeat":"repeat","background-position":"center center","background-size":"auto","background-attachment":"scroll","background-type":"","background-media":"","overlay-type":"","overlay-color":"","overlay-opacity":"","overlay-gradient":""},"mobile":{"background-color":"","background-image":"","background-repeat":"repeat","background-position":"center center","background-size":"auto","background-attachment":"scroll","background-type":"","background-media":"","overlay-type":"","overlay-color":"","overlay-opacity":"","overlay-gradient":""}},"ast-content-background-meta":{"desktop":{"background-color":"var(--ast-global-color-5)","background-image":"","background-repeat":"repeat","background-position":"center center","background-size":"auto","background-attachment":"scroll","background-type":"","background-media":"","overlay-type":"","overlay-color":"","overlay-opacity":"","overlay-gradient":""},"tablet":{"background-color":"var(--ast-global-color-5)","background-image":"","background-repeat":"repeat","background-position":"center center","background-size":"auto","background-attachment":"scroll","background-type":"","background-media":"","overlay-type":"","overlay-color":"","overlay-opacity":"","overlay-gradient":""},"mobile":{"background-color":"var(--ast-global-color-5)","background-image":"","background-repeat":"repeat","background-position":"center center","background-size":"auto","background-attachment":"scroll","background-type":"","background-media":"","overlay-type":"","overlay-color":"","overlay-opacity":"","overlay-gradient":""}},"footnotes":""},"categories":[65,154,235,29,279,434],"tags":[314,302,44],"class_list":["post-17777","post","type-post","status-publish","format-standard","has-post-thumbnail","hentry","category-crp","category-formacio","category-formacio_ins","category-portada","category-recerca","category-reflexio","tag-filosofia","tag-jornada","tag-xerrades"],"post_mailing_queue_ids":[],"_links":{"self":[{"href":"https:\/\/serveiseducatius.xtec.cat\/santacolomag\/wp-json\/wp\/v2\/posts\/17777","targetHints":{"allow":["GET"]}}],"collection":[{"href":"https:\/\/serveiseducatius.xtec.cat\/santacolomag\/wp-json\/wp\/v2\/posts"}],"about":[{"href":"https:\/\/serveiseducatius.xtec.cat\/santacolomag\/wp-json\/wp\/v2\/types\/post"}],"author":[{"embeddable":true,"href":"https:\/\/serveiseducatius.xtec.cat\/santacolomag\/wp-json\/wp\/v2\/users\/7"}],"replies":[{"embeddable":true,"href":"https:\/\/serveiseducatius.xtec.cat\/santacolomag\/wp-json\/wp\/v2\/comments?post=17777"}],"version-history":[{"count":3,"href":"https:\/\/serveiseducatius.xtec.cat\/santacolomag\/wp-json\/wp\/v2\/posts\/17777\/revisions"}],"predecessor-version":[{"id":17781,"href":"https:\/\/serveiseducatius.xtec.cat\/santacolomag\/wp-json\/wp\/v2\/posts\/17777\/revisions\/17781"}],"wp:featuredmedia":[{"embeddable":true,"href":"https:\/\/serveiseducatius.xtec.cat\/santacolomag\/wp-json\/wp\/v2\/media\/17778"}],"wp:attachment":[{"href":"https:\/\/serveiseducatius.xtec.cat\/santacolomag\/wp-json\/wp\/v2\/media?parent=17777"}],"wp:term":[{"taxonomy":"category","embeddable":true,"href":"https:\/\/serveiseducatius.xtec.cat\/santacolomag\/wp-json\/wp\/v2\/categories?post=17777"},{"taxonomy":"post_tag","embeddable":true,"href":"https:\/\/serveiseducatius.xtec.cat\/santacolomag\/wp-json\/wp\/v2\/tags?post=17777"}],"curies":[{"name":"wp","href":"https:\/\/api.w.org\/{rel}","templated":true}]}}