{"id":17669,"date":"2022-04-07T12:40:09","date_gmt":"2022-04-07T10:40:09","guid":{"rendered":"https:\/\/serveiseducatius.xtec.cat\/santacolomag\/?p=17669"},"modified":"2022-04-07T12:40:09","modified_gmt":"2022-04-07T10:40:09","slug":"vii-jornades-de-llengua-i-literatura-catalanes","status":"publish","type":"post","link":"https:\/\/serveiseducatius.xtec.cat\/santacolomag\/portada\/vii-jornades-de-llengua-i-literatura-catalanes\/","title":{"rendered":"VII Jornades de Llengua i Literatura Catalanes"},"content":{"rendered":"<p class=\"m_-1032036406371219651v1msonormal\"><span lang=\"CA\"><img loading=\"lazy\" decoding=\"async\" class=\"alignleft  wp-image-17670\" src=\"https:\/\/serveiseducatius.xtec.cat\/santacolomag\/wp-content\/uploads\/usu1183\/2022\/04\/unnamed-150x150.jpeg\" alt=\"\" width=\"184\" height=\"184\" \/>\u00a0<em><b><a href=\"https:\/\/www.cdl.cat\/cursos-i-activitats?of=1526\" target=\"_blank\" rel=\"noopener\" data-saferedirecturl=\"https:\/\/www.google.com\/url?q=https:\/\/www.cdl.cat\/cursos-i-activitats?of%3D1526&amp;source=gmail&amp;ust=1649410926156000&amp;usg=AOvVaw0w_yAyz3T2ztQB1d-G3K9N\">VII Jornades de Llengua i Literatura Catalanes<\/a><\/b><\/em>, sota el t\u00edtol\u00a0<strong>&#8220;La lectura a secund\u00e0ria i al batxillerat&#8221;<\/strong>, que tindran lloc els\u00a0<strong>dies 28 i 29 d&#8217;abril<\/strong>, en format virtual.<\/span><u><\/u><u><\/u><\/p>\n<p class=\"m_-1032036406371219651v1msonormal\"><span lang=\"CA\">Espai de reflexi\u00f3 entorn la literatura i el foment de l&#8217;h\u00e0bit lector als centres de secund\u00e0ria, amb la participaci\u00f3 d&#8217;escriptors dde literatura juvenil i adaptadors de cl\u00e0ssics, a m\u00e9s de professorat especialitzat en l&#8217;ensenyament de la literatura a les aules aix\u00ed com en el foment de la lectura entre l&#8217;alumnat.<\/span><u><\/u><u><\/u><\/p>\n<p class=\"m_-1032036406371219651v1msonormal\"><span lang=\"CA\">\u00a0M\u00e9s informaci\u00f3 i<\/span><span lang=\"CA\">\u00a0<strong>inscripci\u00f3\u00a0<a href=\"https:\/\/www.cdl.cat\/cursos-i-activitats?of=1526\" target=\"_blank\" rel=\"noopener\" data-saferedirecturl=\"https:\/\/www.google.com\/url?q=https:\/\/www.cdl.cat\/cursos-i-activitats?of%3D1526&amp;source=gmail&amp;ust=1649410926156000&amp;usg=AOvVaw0w_yAyz3T2ztQB1d-G3K9N\">aqu\u00ed<\/a><\/strong>.<\/span><\/p>\n","protected":false},"excerpt":{"rendered":"<p>28 i 29 d&#8217;abril, en format virtual. Organitza Col\u00b7legi de Llicenciats.<br \/>\nInscripci\u00f3 oberta<\/p>\n","protected":false},"author":7,"featured_media":17671,"comment_status":"closed","ping_status":"closed","sticky":false,"template":"","format":"standard","meta":{"_bbp_topic_count":0,"_bbp_reply_count":0,"_bbp_total_topic_count":0,"_bbp_total_reply_count":0,"_bbp_voice_count":0,"_bbp_anonymous_reply_count":0,"_bbp_topic_count_hidden":0,"_bbp_reply_count_hidden":0,"_bbp_forum_subforum_count":0,"site-sidebar-layout":"default","site-content-layout":"","ast-site-content-layout":"","site-content-style":"default","site-sidebar-style":"default","ast-global-header-display":"","ast-banner-title-visibility":"","ast-main-header-display":"","ast-hfb-above-header-display":"","ast-hfb-below-header-display":"","ast-hfb-mobile-header-display":"","site-post-title":"","ast-breadcrumbs-content":"","ast-featured-img":"","footer-sml-layout":"","theme-transparent-header-meta":"","adv-header-id-meta":"","stick-header-meta":"","header-above-stick-meta":"","header-main-stick-meta":"","header-below-stick-meta":"","astra-migrate-meta-layouts":"default","ast-page-background-enabled":"default","ast-page-background-meta":{"desktop":{"background-color":"var(--ast-global-color-4)","background-image":"","background-repeat":"repeat","background-position":"center center","background-size":"auto","background-attachment":"scroll","background-type":"","background-media":"","overlay-type":"","overlay-color":"","overlay-opacity":"","overlay-gradient":""},"tablet":{"background-color":"","background-image":"","background-repeat":"repeat","background-position":"center center","background-size":"auto","background-attachment":"scroll","background-type":"","background-media":"","overlay-type":"","overlay-color":"","overlay-opacity":"","overlay-gradient":""},"mobile":{"background-color":"","background-image":"","background-repeat":"repeat","background-position":"center center","background-size":"auto","background-attachment":"scroll","background-type":"","background-media":"","overlay-type":"","overlay-color":"","overlay-opacity":"","overlay-gradient":""}},"ast-content-background-meta":{"desktop":{"background-color":"var(--ast-global-color-5)","background-image":"","background-repeat":"repeat","background-position":"center center","background-size":"auto","background-attachment":"scroll","background-type":"","background-media":"","overlay-type":"","overlay-color":"","overlay-opacity":"","overlay-gradient":""},"tablet":{"background-color":"var(--ast-global-color-5)","background-image":"","background-repeat":"repeat","background-position":"center center","background-size":"auto","background-attachment":"scroll","background-type":"","background-media":"","overlay-type":"","overlay-color":"","overlay-opacity":"","overlay-gradient":""},"mobile":{"background-color":"var(--ast-global-color-5)","background-image":"","background-repeat":"repeat","background-position":"center center","background-size":"auto","background-attachment":"scroll","background-type":"","background-media":"","overlay-type":"","overlay-color":"","overlay-opacity":"","overlay-gradient":""}},"footnotes":""},"categories":[65,154,403,235,29],"tags":[300,226,527],"class_list":["post-17669","post","type-post","status-publish","format-standard","has-post-thumbnail","hentry","category-crp","category-formacio","category-gust-per-la-lectura","category-formacio_ins","category-portada","tag-catala","tag-formacio","tag-literatura"],"post_mailing_queue_ids":[],"_links":{"self":[{"href":"https:\/\/serveiseducatius.xtec.cat\/santacolomag\/wp-json\/wp\/v2\/posts\/17669","targetHints":{"allow":["GET"]}}],"collection":[{"href":"https:\/\/serveiseducatius.xtec.cat\/santacolomag\/wp-json\/wp\/v2\/posts"}],"about":[{"href":"https:\/\/serveiseducatius.xtec.cat\/santacolomag\/wp-json\/wp\/v2\/types\/post"}],"author":[{"embeddable":true,"href":"https:\/\/serveiseducatius.xtec.cat\/santacolomag\/wp-json\/wp\/v2\/users\/7"}],"replies":[{"embeddable":true,"href":"https:\/\/serveiseducatius.xtec.cat\/santacolomag\/wp-json\/wp\/v2\/comments?post=17669"}],"version-history":[{"count":1,"href":"https:\/\/serveiseducatius.xtec.cat\/santacolomag\/wp-json\/wp\/v2\/posts\/17669\/revisions"}],"predecessor-version":[{"id":17672,"href":"https:\/\/serveiseducatius.xtec.cat\/santacolomag\/wp-json\/wp\/v2\/posts\/17669\/revisions\/17672"}],"wp:featuredmedia":[{"embeddable":true,"href":"https:\/\/serveiseducatius.xtec.cat\/santacolomag\/wp-json\/wp\/v2\/media\/17671"}],"wp:attachment":[{"href":"https:\/\/serveiseducatius.xtec.cat\/santacolomag\/wp-json\/wp\/v2\/media?parent=17669"}],"wp:term":[{"taxonomy":"category","embeddable":true,"href":"https:\/\/serveiseducatius.xtec.cat\/santacolomag\/wp-json\/wp\/v2\/categories?post=17669"},{"taxonomy":"post_tag","embeddable":true,"href":"https:\/\/serveiseducatius.xtec.cat\/santacolomag\/wp-json\/wp\/v2\/tags?post=17669"}],"curies":[{"name":"wp","href":"https:\/\/api.w.org\/{rel}","templated":true}]}}