{"id":17541,"date":"2022-03-01T11:17:08","date_gmt":"2022-03-01T10:17:08","guid":{"rendered":"https:\/\/serveiseducatius.xtec.cat\/santacolomag\/?p=17541"},"modified":"2022-03-01T11:17:08","modified_gmt":"2022-03-01T10:17:08","slug":"cccb-bioscopi-antiselfies-formacio-per-a-docents","status":"publish","type":"post","link":"https:\/\/serveiseducatius.xtec.cat\/santacolomag\/portada\/cccb-bioscopi-antiselfies-formacio-per-a-docents\/","title":{"rendered":"CCCB. Bioscopi: Antiselfies. Formaci\u00f3 per a docents"},"content":{"rendered":"<p class=\"info-title\"><img loading=\"lazy\" decoding=\"async\" class=\"alignleft size-full wp-image-17542\" src=\"https:\/\/serveiseducatius.xtec.cat\/santacolomag\/wp-content\/uploads\/usu1183\/2022\/03\/we_bioscopi_docents-e1646129627668.jpg\" alt=\"\" width=\"200\" height=\"112\" \/>Les exposicions \u00abLa m\u00e0scara no menteix mai\u00bb i \u00abFrancesc Tosquelles\u00bb, s\u00f3n el context per proposar una nova edici\u00f3 de Bioscopi, una l\u00ednia de treball permanent del CCCB amb la comunitat educativa (escoles, instituts, entitats socioeducatives, fam\u00edlies,..) per explorar el m\u00f3n que ens envolta utilitzant els recursos i les t\u00e8cniques de l\u2019animaci\u00f3. Aquesta edici\u00f3, \u00abAntiselfies\u00bb, proposa treballar els temes de la identitat i l\u2019autorepresentaci\u00f3, a partir de dues propostes: amb alumnes de prim\u00e0ria construirem tres m\u00e0scares per ser conscients de la nostra identitat din\u00e0mica i interactiva; i amb alumnes de secund\u00e0ria i batxillerat observarem les nostres m\u00e0scares digitals a trav\u00e9s de les selfies, per poder desemmascarar-nos creant una nova autorepresentaci\u00f3 m\u00e9s aut\u00e8ntica i original.<br \/>\n9 mar\u00e7 2022<br \/>\n18.00 &#8211; 20.00<br \/>\nGratu\u00eft amb el carnet de docent<\/p>\n<p class=\"info-title\">INSCRIPCIONS<br \/>\n<strong>Servei educatiu del Centre de Cultura Contempor\u00e0nia<\/strong><br \/>\n<a href=\"mailto:seducatiu@cccb.org\">seducatiu@cccb.org<\/a><br \/>\n933 064 135 (dilluns a divendres de 10 a 13h)<\/p>\n","protected":false},"excerpt":{"rendered":"<p>Taller gratu\u00eft per a docents per treballar la identitat personal amb l&#8217;alumnat. 9 de mar\u00e7 de  18 a 20h. Inscripci\u00f3 oberta.<\/p>\n","protected":false},"author":7,"featured_media":17542,"comment_status":"closed","ping_status":"closed","sticky":false,"template":"","format":"standard","meta":{"_bbp_topic_count":0,"_bbp_reply_count":0,"_bbp_total_topic_count":0,"_bbp_total_reply_count":0,"_bbp_voice_count":0,"_bbp_anonymous_reply_count":0,"_bbp_topic_count_hidden":0,"_bbp_reply_count_hidden":0,"_bbp_forum_subforum_count":0,"site-sidebar-layout":"default","site-content-layout":"","ast-site-content-layout":"","site-content-style":"default","site-sidebar-style":"default","ast-global-header-display":"","ast-banner-title-visibility":"","ast-main-header-display":"","ast-hfb-above-header-display":"","ast-hfb-below-header-display":"","ast-hfb-mobile-header-display":"","site-post-title":"","ast-breadcrumbs-content":"","ast-featured-img":"","footer-sml-layout":"","theme-transparent-header-meta":"","adv-header-id-meta":"","stick-header-meta":"","header-above-stick-meta":"","header-main-stick-meta":"","header-below-stick-meta":"","astra-migrate-meta-layouts":"default","ast-page-background-enabled":"default","ast-page-background-meta":{"desktop":{"background-color":"var(--ast-global-color-4)","background-image":"","background-repeat":"repeat","background-position":"center center","background-size":"auto","background-attachment":"scroll","background-type":"","background-media":"","overlay-type":"","overlay-color":"","overlay-opacity":"","overlay-gradient":""},"tablet":{"background-color":"","background-image":"","background-repeat":"repeat","background-position":"center center","background-size":"auto","background-attachment":"scroll","background-type":"","background-media":"","overlay-type":"","overlay-color":"","overlay-opacity":"","overlay-gradient":""},"mobile":{"background-color":"","background-image":"","background-repeat":"repeat","background-position":"center center","background-size":"auto","background-attachment":"scroll","background-type":"","background-media":"","overlay-type":"","overlay-color":"","overlay-opacity":"","overlay-gradient":""}},"ast-content-background-meta":{"desktop":{"background-color":"var(--ast-global-color-5)","background-image":"","background-repeat":"repeat","background-position":"center center","background-size":"auto","background-attachment":"scroll","background-type":"","background-media":"","overlay-type":"","overlay-color":"","overlay-opacity":"","overlay-gradient":""},"tablet":{"background-color":"var(--ast-global-color-5)","background-image":"","background-repeat":"repeat","background-position":"center center","background-size":"auto","background-attachment":"scroll","background-type":"","background-media":"","overlay-type":"","overlay-color":"","overlay-opacity":"","overlay-gradient":""},"mobile":{"background-color":"var(--ast-global-color-5)","background-image":"","background-repeat":"repeat","background-position":"center center","background-size":"auto","background-attachment":"scroll","background-type":"","background-media":"","overlay-type":"","overlay-color":"","overlay-opacity":"","overlay-gradient":""}},"footnotes":""},"categories":[65,154,235,29,434],"tags":[315,296,226],"class_list":["post-17541","post","type-post","status-publish","format-standard","has-post-thumbnail","hentry","category-crp","category-formacio","category-formacio_ins","category-portada","category-reflexio","tag-art","tag-cultura","tag-formacio"],"post_mailing_queue_ids":[],"_links":{"self":[{"href":"https:\/\/serveiseducatius.xtec.cat\/santacolomag\/wp-json\/wp\/v2\/posts\/17541","targetHints":{"allow":["GET"]}}],"collection":[{"href":"https:\/\/serveiseducatius.xtec.cat\/santacolomag\/wp-json\/wp\/v2\/posts"}],"about":[{"href":"https:\/\/serveiseducatius.xtec.cat\/santacolomag\/wp-json\/wp\/v2\/types\/post"}],"author":[{"embeddable":true,"href":"https:\/\/serveiseducatius.xtec.cat\/santacolomag\/wp-json\/wp\/v2\/users\/7"}],"replies":[{"embeddable":true,"href":"https:\/\/serveiseducatius.xtec.cat\/santacolomag\/wp-json\/wp\/v2\/comments?post=17541"}],"version-history":[{"count":1,"href":"https:\/\/serveiseducatius.xtec.cat\/santacolomag\/wp-json\/wp\/v2\/posts\/17541\/revisions"}],"predecessor-version":[{"id":17543,"href":"https:\/\/serveiseducatius.xtec.cat\/santacolomag\/wp-json\/wp\/v2\/posts\/17541\/revisions\/17543"}],"wp:featuredmedia":[{"embeddable":true,"href":"https:\/\/serveiseducatius.xtec.cat\/santacolomag\/wp-json\/wp\/v2\/media\/17542"}],"wp:attachment":[{"href":"https:\/\/serveiseducatius.xtec.cat\/santacolomag\/wp-json\/wp\/v2\/media?parent=17541"}],"wp:term":[{"taxonomy":"category","embeddable":true,"href":"https:\/\/serveiseducatius.xtec.cat\/santacolomag\/wp-json\/wp\/v2\/categories?post=17541"},{"taxonomy":"post_tag","embeddable":true,"href":"https:\/\/serveiseducatius.xtec.cat\/santacolomag\/wp-json\/wp\/v2\/tags?post=17541"}],"curies":[{"name":"wp","href":"https:\/\/api.w.org\/{rel}","templated":true}]}}