{"id":17506,"date":"2022-02-08T11:00:58","date_gmt":"2022-02-08T10:00:58","guid":{"rendered":"https:\/\/serveiseducatius.xtec.cat\/santacolomag\/?p=17506"},"modified":"2022-02-08T11:04:41","modified_gmt":"2022-02-08T10:04:41","slug":"conferencia-i-llibre-lart-de-posar-limits","status":"publish","type":"post","link":"https:\/\/serveiseducatius.xtec.cat\/santacolomag\/portada\/conferencia-i-llibre-lart-de-posar-limits\/","title":{"rendered":"Confer\u00e8ncia i llibre. L\u2019art de posar l\u00edmits"},"content":{"rendered":"<header class=\"entry-header\">\n<p class=\"entry-title\"><img loading=\"lazy\" decoding=\"async\" class=\"alignleft wp-image-17500\" src=\"https:\/\/serveiseducatius.xtec.cat\/santacolomag\/wp-content\/uploads\/usu1183\/2022\/02\/41GG5WLA3zL._SX259_BO1204203200_-224x300.jpg\" sizes=\"auto, (max-width: 161px) 100vw, 161px\" srcset=\"https:\/\/serveiseducatius.xtec.cat\/santacolomag\/wp-content\/uploads\/usu1183\/2022\/02\/41GG5WLA3zL._SX259_BO1204203200_-224x300.jpg 224w, https:\/\/serveiseducatius.xtec.cat\/santacolomag\/wp-content\/uploads\/usu1183\/2022\/02\/41GG5WLA3zL._SX259_BO1204203200_.jpg 261w\" alt=\"\" width=\"161\" height=\"216\" \/><br \/>\nLlibre de\u00a0<strong>S\u00f2nia Kiass<\/strong>\u00a0<a href=\"http:\/\/merli.xtec.cat\/merli\/cerca\/fitxaRecurs.jsp?idRecurs=\/141967&amp;sheetId=null&amp;nomUsuari=null&amp;inxtec=0\" target=\"_blank\" rel=\"noopener\"><em>L\u2019art de posar l\u00edmits<\/em><\/a>. (2020)\u00a0 Quines qualitats necessitem com a adults, a casa i a l\u2019escola, per posar b\u00e9 els l\u00edmits als infants? Com pot ajudar-nos crear un vincle amb ells? Com podem afrontar situacions complexes com els \u00e0pats, l\u2019hora d\u2019anar a dormir, els moments de vestir-se? Aquest \u00e9s un llibre pr\u00e0ctic, basat en centenars de casos reals, en qu\u00e8 l\u2019autora ens dona moltes eines sobre el que ella considera tot un art: posar l\u00edmits. Disponible en pr\u00e9stec a la mediateca del CRP.<\/p>\n<\/header>\n<div class=\"entry-content\">\n<p class=\"gmail_quote\">Podeu visionar la confer\u00e8ncia\u00a0<a href=\"https:\/\/www.youtube.com\/watch?v=Gg6CaRSTSNk\"><i>L\u00edmits, una necessitat vital .\u00a0<\/i><\/a>Que va tenir lloc el 3 de febrer de 2022 en el marc de les\u00a0\u00a0<a href=\"https:\/\/serveiseducatius.xtec.cat\/santacolomag\/wp-admin\/post.php?post=17253&amp;action=edit\">XVI Jornades d\u2019Educaci\u00f3 Infantil 0-6<\/a>\u00a0a<b><br \/>\n<\/b><b><\/b>A c\u00e0rrec de\u00a0<a href=\"http:\/\/soniakliass.com\/ca\/qui-soc\/\" target=\"_blank\" rel=\"noopener\">S\u00f2nia Kliass<\/a>.<br \/>\n<i>Com acompanyar els infants durant l\u2019etapa de l\u2019educaci\u00f3 infantil per ajudar-los a integrar normes de conviv\u00e8ncia i desenvolupar habilitats socials.<\/i><\/p>\n<\/div>\n","protected":false},"excerpt":{"rendered":"<p>Confer\u00e8ncia de S\u00f2nia Kiass &#8220;L\u00edmits, una necessitat vital&#8221;. Llibre &#8220;L&#8217;art de posar l\u00edmits&#8221;.  Disponible en servei de pr\u00e9stec al CRP.<\/p>\n","protected":false},"author":7,"featured_media":17509,"comment_status":"closed","ping_status":"closed","sticky":false,"template":"","format":"standard","meta":{"_bbp_topic_count":0,"_bbp_reply_count":0,"_bbp_total_topic_count":0,"_bbp_total_reply_count":0,"_bbp_voice_count":0,"_bbp_anonymous_reply_count":0,"_bbp_topic_count_hidden":0,"_bbp_reply_count_hidden":0,"_bbp_forum_subforum_count":0,"site-sidebar-layout":"default","site-content-layout":"","ast-site-content-layout":"","site-content-style":"default","site-sidebar-style":"default","ast-global-header-display":"","ast-banner-title-visibility":"","ast-main-header-display":"","ast-hfb-above-header-display":"","ast-hfb-below-header-display":"","ast-hfb-mobile-header-display":"","site-post-title":"","ast-breadcrumbs-content":"","ast-featured-img":"","footer-sml-layout":"","theme-transparent-header-meta":"","adv-header-id-meta":"","stick-header-meta":"","header-above-stick-meta":"","header-main-stick-meta":"","header-below-stick-meta":"","astra-migrate-meta-layouts":"default","ast-page-background-enabled":"default","ast-page-background-meta":{"desktop":{"background-color":"var(--ast-global-color-4)","background-image":"","background-repeat":"repeat","background-position":"center center","background-size":"auto","background-attachment":"scroll","background-type":"","background-media":"","overlay-type":"","overlay-color":"","overlay-opacity":"","overlay-gradient":""},"tablet":{"background-color":"","background-image":"","background-repeat":"repeat","background-position":"center center","background-size":"auto","background-attachment":"scroll","background-type":"","background-media":"","overlay-type":"","overlay-color":"","overlay-opacity":"","overlay-gradient":""},"mobile":{"background-color":"","background-image":"","background-repeat":"repeat","background-position":"center center","background-size":"auto","background-attachment":"scroll","background-type":"","background-media":"","overlay-type":"","overlay-color":"","overlay-opacity":"","overlay-gradient":""}},"ast-content-background-meta":{"desktop":{"background-color":"var(--ast-global-color-5)","background-image":"","background-repeat":"repeat","background-position":"center center","background-size":"auto","background-attachment":"scroll","background-type":"","background-media":"","overlay-type":"","overlay-color":"","overlay-opacity":"","overlay-gradient":""},"tablet":{"background-color":"var(--ast-global-color-5)","background-image":"","background-repeat":"repeat","background-position":"center center","background-size":"auto","background-attachment":"scroll","background-type":"","background-media":"","overlay-type":"","overlay-color":"","overlay-opacity":"","overlay-gradient":""},"mobile":{"background-color":"var(--ast-global-color-5)","background-image":"","background-repeat":"repeat","background-position":"center center","background-size":"auto","background-attachment":"scroll","background-type":"","background-media":"","overlay-type":"","overlay-color":"","overlay-opacity":"","overlay-gradient":""}},"footnotes":""},"categories":[65,29,76,434],"tags":[163,44],"class_list":["post-17506","post","type-post","status-publish","format-standard","has-post-thumbnail","hentry","category-crp","category-portada","category-recursos","category-reflexio","tag-educacio-infantil","tag-xerrades"],"post_mailing_queue_ids":[],"_links":{"self":[{"href":"https:\/\/serveiseducatius.xtec.cat\/santacolomag\/wp-json\/wp\/v2\/posts\/17506","targetHints":{"allow":["GET"]}}],"collection":[{"href":"https:\/\/serveiseducatius.xtec.cat\/santacolomag\/wp-json\/wp\/v2\/posts"}],"about":[{"href":"https:\/\/serveiseducatius.xtec.cat\/santacolomag\/wp-json\/wp\/v2\/types\/post"}],"author":[{"embeddable":true,"href":"https:\/\/serveiseducatius.xtec.cat\/santacolomag\/wp-json\/wp\/v2\/users\/7"}],"replies":[{"embeddable":true,"href":"https:\/\/serveiseducatius.xtec.cat\/santacolomag\/wp-json\/wp\/v2\/comments?post=17506"}],"version-history":[{"count":3,"href":"https:\/\/serveiseducatius.xtec.cat\/santacolomag\/wp-json\/wp\/v2\/posts\/17506\/revisions"}],"predecessor-version":[{"id":17512,"href":"https:\/\/serveiseducatius.xtec.cat\/santacolomag\/wp-json\/wp\/v2\/posts\/17506\/revisions\/17512"}],"wp:featuredmedia":[{"embeddable":true,"href":"https:\/\/serveiseducatius.xtec.cat\/santacolomag\/wp-json\/wp\/v2\/media\/17509"}],"wp:attachment":[{"href":"https:\/\/serveiseducatius.xtec.cat\/santacolomag\/wp-json\/wp\/v2\/media?parent=17506"}],"wp:term":[{"taxonomy":"category","embeddable":true,"href":"https:\/\/serveiseducatius.xtec.cat\/santacolomag\/wp-json\/wp\/v2\/categories?post=17506"},{"taxonomy":"post_tag","embeddable":true,"href":"https:\/\/serveiseducatius.xtec.cat\/santacolomag\/wp-json\/wp\/v2\/tags?post=17506"}],"curies":[{"name":"wp","href":"https:\/\/api.w.org\/{rel}","templated":true}]}}