{"id":17466,"date":"2022-02-03T11:40:20","date_gmt":"2022-02-03T10:40:20","guid":{"rendered":"https:\/\/serveiseducatius.xtec.cat\/santacolomag\/?p=17466"},"modified":"2022-02-03T11:40:20","modified_gmt":"2022-02-03T10:40:20","slug":"exposicio-i-taller-saps-de-que-esta-fet-el-teu-mobil-biblioteca-singuerlin","status":"publish","type":"post","link":"https:\/\/serveiseducatius.xtec.cat\/santacolomag\/portada\/exposicio-i-taller-saps-de-que-esta-fet-el-teu-mobil-biblioteca-singuerlin\/","title":{"rendered":"Exposici\u00f3 i taller \u201cSaps de qu\u00e8 est\u00e0 fet el teu m\u00f2bil\u201d Biblioteca Singuerl\u00edn"},"content":{"rendered":"<p><strong><img loading=\"lazy\" decoding=\"async\" class=\"alignleft size-full wp-image-17467\" src=\"https:\/\/serveiseducatius.xtec.cat\/santacolomag\/wp-content\/uploads\/usu1183\/2022\/02\/descarga.jpeg\" alt=\"\" width=\"268\" height=\"188\" \/>Visita a l\u2019exposici\u00f3 i taller sobre \u201cSaps de qu\u00e8 est\u00e0 fet el teu m\u00f2bil\u201d<br \/>\n<span style=\"font-size: 14pt;\"><a href=\"https:\/\/drive.google.com\/file\/d\/1H4m4O3cRIn4o1uGNXmqp_1xy8OvfJeOK\/view?usp=sharing\">Fitxa amb l&#8217;activitat proposada<\/a><\/span><br \/>\nBIBLIOTECA SINGUERL\u00cdN-SALVADOR CABR\u00c9.<br \/>\n<\/strong>\u00c9s possible programar dues sessions d\u2019aquesta activitat triant dues de les seg\u00fcents dates:<br \/>\nDIMECRES 09\/03\/2022 A LES 10.00H<br \/>\nDIMECRES 16\/03\/2022 A LES 10.00H<br \/>\nDIMECRES 23\/03\/2022 A LES 10.00H<\/p>\n<p><strong>Correu d&#8217;inscripci\u00f3: \u00a0<span class=\"go\"><span aria-hidden=\"true\">&lt;<\/span>coordinacioaccd_ext@gencat.cat<span aria-hidden=\"true\">&gt;<\/span><\/span><\/strong><\/p>\n<p><a href=\"https:\/\/drive.google.com\/file\/d\/122lkfuiAA9eL36rq0j1um8MpNWDHdwfB\/view?usp=sharing\">Dossier amb totes les activitats programades (virtuals i presencials) en el marc del <strong>programa Biblioteques sense Fronteres <\/strong><\/a><\/p>\n<p>&nbsp;<\/p>\n","protected":false},"excerpt":{"rendered":"<p>Dimecres 9, 16 i 23 de mar\u00e7 a la biblioteca Singuerl\u00edn. Us hi podeu insriure.<\/p>\n","protected":false},"author":7,"featured_media":17467,"comment_status":"closed","ping_status":"closed","sticky":false,"template":"","format":"standard","meta":{"_bbp_topic_count":0,"_bbp_reply_count":0,"_bbp_total_topic_count":0,"_bbp_total_reply_count":0,"_bbp_voice_count":0,"_bbp_anonymous_reply_count":0,"_bbp_topic_count_hidden":0,"_bbp_reply_count_hidden":0,"_bbp_forum_subforum_count":0,"site-sidebar-layout":"default","site-content-layout":"","ast-site-content-layout":"","site-content-style":"default","site-sidebar-style":"default","ast-global-header-display":"","ast-banner-title-visibility":"","ast-main-header-display":"","ast-hfb-above-header-display":"","ast-hfb-below-header-display":"","ast-hfb-mobile-header-display":"","site-post-title":"","ast-breadcrumbs-content":"","ast-featured-img":"","footer-sml-layout":"","theme-transparent-header-meta":"","adv-header-id-meta":"","stick-header-meta":"","header-above-stick-meta":"","header-main-stick-meta":"","header-below-stick-meta":"","astra-migrate-meta-layouts":"default","ast-page-background-enabled":"default","ast-page-background-meta":{"desktop":{"background-color":"var(--ast-global-color-4)","background-image":"","background-repeat":"repeat","background-position":"center center","background-size":"auto","background-attachment":"scroll","background-type":"","background-media":"","overlay-type":"","overlay-color":"","overlay-opacity":"","overlay-gradient":""},"tablet":{"background-color":"","background-image":"","background-repeat":"repeat","background-position":"center center","background-size":"auto","background-attachment":"scroll","background-type":"","background-media":"","overlay-type":"","overlay-color":"","overlay-opacity":"","overlay-gradient":""},"mobile":{"background-color":"","background-image":"","background-repeat":"repeat","background-position":"center center","background-size":"auto","background-attachment":"scroll","background-type":"","background-media":"","overlay-type":"","overlay-color":"","overlay-opacity":"","overlay-gradient":""}},"ast-content-background-meta":{"desktop":{"background-color":"var(--ast-global-color-5)","background-image":"","background-repeat":"repeat","background-position":"center center","background-size":"auto","background-attachment":"scroll","background-type":"","background-media":"","overlay-type":"","overlay-color":"","overlay-opacity":"","overlay-gradient":""},"tablet":{"background-color":"var(--ast-global-color-5)","background-image":"","background-repeat":"repeat","background-position":"center center","background-size":"auto","background-attachment":"scroll","background-type":"","background-media":"","overlay-type":"","overlay-color":"","overlay-opacity":"","overlay-gradient":""},"mobile":{"background-color":"var(--ast-global-color-5)","background-image":"","background-repeat":"repeat","background-position":"center center","background-size":"auto","background-attachment":"scroll","background-type":"","background-media":"","overlay-type":"","overlay-color":"","overlay-opacity":"","overlay-gradient":""}},"footnotes":""},"categories":[65,29],"tags":[520,363],"class_list":["post-17466","post","type-post","status-publish","format-standard","has-post-thumbnail","hentry","category-crp","category-portada","tag-educacio-ambiental","tag-sostenibilitat"],"post_mailing_queue_ids":[],"_links":{"self":[{"href":"https:\/\/serveiseducatius.xtec.cat\/santacolomag\/wp-json\/wp\/v2\/posts\/17466","targetHints":{"allow":["GET"]}}],"collection":[{"href":"https:\/\/serveiseducatius.xtec.cat\/santacolomag\/wp-json\/wp\/v2\/posts"}],"about":[{"href":"https:\/\/serveiseducatius.xtec.cat\/santacolomag\/wp-json\/wp\/v2\/types\/post"}],"author":[{"embeddable":true,"href":"https:\/\/serveiseducatius.xtec.cat\/santacolomag\/wp-json\/wp\/v2\/users\/7"}],"replies":[{"embeddable":true,"href":"https:\/\/serveiseducatius.xtec.cat\/santacolomag\/wp-json\/wp\/v2\/comments?post=17466"}],"version-history":[{"count":1,"href":"https:\/\/serveiseducatius.xtec.cat\/santacolomag\/wp-json\/wp\/v2\/posts\/17466\/revisions"}],"predecessor-version":[{"id":17468,"href":"https:\/\/serveiseducatius.xtec.cat\/santacolomag\/wp-json\/wp\/v2\/posts\/17466\/revisions\/17468"}],"wp:featuredmedia":[{"embeddable":true,"href":"https:\/\/serveiseducatius.xtec.cat\/santacolomag\/wp-json\/wp\/v2\/media\/17467"}],"wp:attachment":[{"href":"https:\/\/serveiseducatius.xtec.cat\/santacolomag\/wp-json\/wp\/v2\/media?parent=17466"}],"wp:term":[{"taxonomy":"category","embeddable":true,"href":"https:\/\/serveiseducatius.xtec.cat\/santacolomag\/wp-json\/wp\/v2\/categories?post=17466"},{"taxonomy":"post_tag","embeddable":true,"href":"https:\/\/serveiseducatius.xtec.cat\/santacolomag\/wp-json\/wp\/v2\/tags?post=17466"}],"curies":[{"name":"wp","href":"https:\/\/api.w.org\/{rel}","templated":true}]}}