{"id":17361,"date":"2022-01-19T10:51:44","date_gmt":"2022-01-19T09:51:44","guid":{"rendered":"https:\/\/serveiseducatius.xtec.cat\/santacolomag\/?p=17361"},"modified":"2022-01-19T10:51:44","modified_gmt":"2022-01-19T09:51:44","slug":"conferencia-el-paper-de-la-societat-civil-en-la-confeccio-de-sistemes-alimentaris-sostenibles","status":"publish","type":"post","link":"https:\/\/serveiseducatius.xtec.cat\/santacolomag\/general\/conferencia-el-paper-de-la-societat-civil-en-la-confeccio-de-sistemes-alimentaris-sostenibles\/","title":{"rendered":"Confer\u00e8ncia \u201cEl paper de la societat civil en la confecci\u00f3 de sistemes alimentaris sostenibles\u201d\u00a0"},"content":{"rendered":"<p><img loading=\"lazy\" decoding=\"async\" class=\"alignleft size-medium wp-image-17362\" src=\"https:\/\/serveiseducatius.xtec.cat\/santacolomag\/wp-content\/uploads\/usu1183\/2022\/01\/confer-ncia-300x223.png\" alt=\"\" width=\"300\" height=\"223\" \/>El dia 26 de gener es dur\u00e0 a terme la confer\u00e8ncia\u00a0<strong>\u201cEl paper de la societat civil en la confecci\u00f3 de sistemes alimentaris sostenibles\u201d<\/strong><\/p>\n<p>Es tracta d\u2019una jornada\u00a0<strong>gratu\u00efta i en l\u00ednia<\/strong>\u00a0que ens convidar\u00e0 a explorar la import\u00e0ncia de l\u2019impuls ciutad\u00e0 en la bona governan\u00e7a dels sistemes alimentaris i en les pol\u00edtiques que els configuren.<\/p>\n<p>A continuaci\u00f3, hi haur\u00e0 una taula rodona, en qu\u00e8 es podrpa con\u00e8ixer el potencial transformador de les iniciatives de la societat civil. Comptarem amb experi\u00e8ncies d\u2019\u00e0mbit catal\u00e0 \u2013com el<strong>\u00a0Consell Catal\u00e0 de l\u2019Alimentaci\u00f3<\/strong>, la\u00a0<strong>Carta aliment\u00e0ria de la Regi\u00f3 Metropolitana de Barcelona<\/strong>\u00a0o el\u00a0<strong>Territori de Vincles<\/strong>\u2013 i tamb\u00e9 d\u2019\u00e0mbit internacional \u2013<strong>Consell Alimentari del municipi d\u2019Ede<\/strong>, als Pa\u00efsos Baixos\u2013.<\/p>\n<p>La confer\u00e8ncia est\u00e0 co-organitzada pel Consell Assessor per al Desenvolupament Sostenible de Catalunya (CADS) i Fundesplai. Rep suport del Ministeri Federal pel Medi Ambient, Conservaci\u00f3 de la Natura i Seguretat Nuclear del Govern d\u2019Alemanya i de la Iniciativa Europea pel Clima (EUKI).<\/p>\n<p><strong>Consulta el\u00a0<a href=\"https:\/\/menjaactuaimpacta.org\/events\/conferencia-paper-societat-civil-confeccio-sistemes-alimentaris-sostenibles\/\" target=\"_blank\" rel=\"noopener\">PROGRAMA<\/a><\/strong><\/p>\n<p><strong><a href=\"https:\/\/menjaactuaimpacta.org\/agenda\/inscripcio-als-esdeveniments\/?event=4493\" target=\"_blank\" rel=\"noopener\">INSCRIPCI\u00d3<\/a><\/strong><\/p>\n<p>&nbsp;<\/p>\n","protected":false},"excerpt":{"rendered":"<p>Confer\u00e8ncia est\u00e0 co-organitzada pel Consell Assessor per al Desenvolupament Sostenible de Catalunya (CADS. )26 de gener. Online. Inscripci\u00f3 oberta<\/p>\n","protected":false},"author":7,"featured_media":17362,"comment_status":"closed","ping_status":"closed","sticky":false,"template":"","format":"standard","meta":{"_bbp_topic_count":0,"_bbp_reply_count":0,"_bbp_total_topic_count":0,"_bbp_total_reply_count":0,"_bbp_voice_count":0,"_bbp_anonymous_reply_count":0,"_bbp_topic_count_hidden":0,"_bbp_reply_count_hidden":0,"_bbp_forum_subforum_count":0,"site-sidebar-layout":"default","site-content-layout":"","ast-site-content-layout":"","site-content-style":"default","site-sidebar-style":"default","ast-global-header-display":"","ast-banner-title-visibility":"","ast-main-header-display":"","ast-hfb-above-header-display":"","ast-hfb-below-header-display":"","ast-hfb-mobile-header-display":"","site-post-title":"","ast-breadcrumbs-content":"","ast-featured-img":"","footer-sml-layout":"","theme-transparent-header-meta":"","adv-header-id-meta":"","stick-header-meta":"","header-above-stick-meta":"","header-main-stick-meta":"","header-below-stick-meta":"","astra-migrate-meta-layouts":"default","ast-page-background-enabled":"default","ast-page-background-meta":{"desktop":{"background-color":"var(--ast-global-color-4)","background-image":"","background-repeat":"repeat","background-position":"center center","background-size":"auto","background-attachment":"scroll","background-type":"","background-media":"","overlay-type":"","overlay-color":"","overlay-opacity":"","overlay-gradient":""},"tablet":{"background-color":"","background-image":"","background-repeat":"repeat","background-position":"center center","background-size":"auto","background-attachment":"scroll","background-type":"","background-media":"","overlay-type":"","overlay-color":"","overlay-opacity":"","overlay-gradient":""},"mobile":{"background-color":"","background-image":"","background-repeat":"repeat","background-position":"center center","background-size":"auto","background-attachment":"scroll","background-type":"","background-media":"","overlay-type":"","overlay-color":"","overlay-opacity":"","overlay-gradient":""}},"ast-content-background-meta":{"desktop":{"background-color":"var(--ast-global-color-5)","background-image":"","background-repeat":"repeat","background-position":"center center","background-size":"auto","background-attachment":"scroll","background-type":"","background-media":"","overlay-type":"","overlay-color":"","overlay-opacity":"","overlay-gradient":""},"tablet":{"background-color":"var(--ast-global-color-5)","background-image":"","background-repeat":"repeat","background-position":"center center","background-size":"auto","background-attachment":"scroll","background-type":"","background-media":"","overlay-type":"","overlay-color":"","overlay-opacity":"","overlay-gradient":""},"mobile":{"background-color":"var(--ast-global-color-5)","background-image":"","background-repeat":"repeat","background-position":"center center","background-size":"auto","background-attachment":"scroll","background-type":"","background-media":"","overlay-type":"","overlay-color":"","overlay-opacity":"","overlay-gradient":""}},"footnotes":""},"categories":[65,262,1,235,29],"tags":[520,44],"class_list":["post-17361","post","type-post","status-publish","format-standard","has-post-thumbnail","hentry","category-crp","category-escoles-verdes","category-general","category-formacio_ins","category-portada","tag-educacio-ambiental","tag-xerrades"],"post_mailing_queue_ids":[],"_links":{"self":[{"href":"https:\/\/serveiseducatius.xtec.cat\/santacolomag\/wp-json\/wp\/v2\/posts\/17361","targetHints":{"allow":["GET"]}}],"collection":[{"href":"https:\/\/serveiseducatius.xtec.cat\/santacolomag\/wp-json\/wp\/v2\/posts"}],"about":[{"href":"https:\/\/serveiseducatius.xtec.cat\/santacolomag\/wp-json\/wp\/v2\/types\/post"}],"author":[{"embeddable":true,"href":"https:\/\/serveiseducatius.xtec.cat\/santacolomag\/wp-json\/wp\/v2\/users\/7"}],"replies":[{"embeddable":true,"href":"https:\/\/serveiseducatius.xtec.cat\/santacolomag\/wp-json\/wp\/v2\/comments?post=17361"}],"version-history":[{"count":1,"href":"https:\/\/serveiseducatius.xtec.cat\/santacolomag\/wp-json\/wp\/v2\/posts\/17361\/revisions"}],"predecessor-version":[{"id":17363,"href":"https:\/\/serveiseducatius.xtec.cat\/santacolomag\/wp-json\/wp\/v2\/posts\/17361\/revisions\/17363"}],"wp:featuredmedia":[{"embeddable":true,"href":"https:\/\/serveiseducatius.xtec.cat\/santacolomag\/wp-json\/wp\/v2\/media\/17362"}],"wp:attachment":[{"href":"https:\/\/serveiseducatius.xtec.cat\/santacolomag\/wp-json\/wp\/v2\/media?parent=17361"}],"wp:term":[{"taxonomy":"category","embeddable":true,"href":"https:\/\/serveiseducatius.xtec.cat\/santacolomag\/wp-json\/wp\/v2\/categories?post=17361"},{"taxonomy":"post_tag","embeddable":true,"href":"https:\/\/serveiseducatius.xtec.cat\/santacolomag\/wp-json\/wp\/v2\/tags?post=17361"}],"curies":[{"name":"wp","href":"https:\/\/api.w.org\/{rel}","templated":true}]}}