{"id":17315,"date":"2022-01-10T10:34:54","date_gmt":"2022-01-10T09:34:54","guid":{"rendered":"https:\/\/serveiseducatius.xtec.cat\/santacolomag\/?p=17315"},"modified":"2022-01-11T08:56:13","modified_gmt":"2022-01-11T07:56:13","slug":"building-language-for-teaching-and-learning","status":"publish","type":"post","link":"https:\/\/serveiseducatius.xtec.cat\/santacolomag\/portada\/building-language-for-teaching-and-learning\/","title":{"rendered":"\u00a0Building Language for Teaching and Learning"},"content":{"rendered":"<div>\n<div><\/div>\n<div>\n<p><img loading=\"lazy\" decoding=\"async\" class=\"alignleft wp-image-17316\" src=\"https:\/\/serveiseducatius.xtec.cat\/santacolomag\/wp-content\/uploads\/usu1183\/2022\/01\/Webinars-300x114.png\" alt=\"\" width=\"445\" height=\"168\" \/>Cicle de 2 webinars sobre compet\u00e8ncia oral en llengua anglesa, de 17,30 a 19,30h, en format virtual<\/p>\n<p><span style=\"font-family: inherit; font-size: 1em;\">Webinar 1: dimarts, 1 de mar\u00e7 de 2022.<br \/>\n<\/span><span style=\"font-family: inherit; font-size: 1em;\">Webinar 2: dilluns, 14 de mar\u00e7 de 2022<\/span><\/p>\n<\/div>\n<div>\n<div>\n<p><img loading=\"lazy\" decoding=\"async\" class=\"an1\" src=\"https:\/\/fonts.gstatic.com\/s\/e\/notoemoji\/14.0\/1f449\/72.png\" alt=\"\ud83d\udc49\" width=\"42\" height=\"42\" data-emoji=\"\ud83d\udc49\" aria-label=\"\ud83d\udc49\" \/><strong> Sol\u00b7licitud, INSCRIPCI\u00d3 i m\u00e9s informaci\u00f3 <a href=\"https:\/\/aplicacions.gestioeducativa.gencat.cat\/pls\/soloas\/pk_for_mod_ins.p_for_detall_activitat?p_codi=2002070502&amp;p_curs=2021-2022&amp;p_es_inscr=S\" target=\"_blank\" rel=\"noopener\" data-saferedirecturl=\"https:\/\/www.google.com\/url?q=https:\/\/aplicacions.gestioeducativa.gencat.cat\/pls\/soloas\/pk_for_mod_ins.p_for_detall_activitat?p_codi%3D2002070502%26p_curs%3D2021-2022%26p_es_inscr%3DS&amp;source=gmail&amp;ust=1641890683191000&amp;usg=AOvVaw2DjOhVH9_DGk_nk0HPVQd_\">aqu\u00ed<\/a><\/strong><\/p>\n<\/div>\n<div><\/div>\n<div><strong>CONTINGUTS:<\/strong><\/div>\n<div><\/div>\n<\/div>\n<div>&#8211; T\u00e8cniques per a l&#8217;ampliaci\u00f3 de vocabulari espec\u00edfic<br \/>\n&#8211; La pronunciaci\u00f3 de vocabulari docent<br \/>\n&#8211; Estrat\u00e8gies per a la millora de la pr\u00f2pia compet\u00e8ncia oral i la de l&#8217;alumnat<br \/>\n&#8211; L&#8217;aplicaci\u00f3 d&#8217;aquestes estrat\u00e8gies amb l&#8217;alumnat<br \/>\n&#8211; Recursos i activitats per al treball de la llengua oral amb l&#8217;alumnat<\/div>\n<\/div>\n<div><\/div>\n<div>Organitzat per el seminari de coordinaci\u00f3 de lleng\u00fces estrangeres del Servei Territorial de Barcelona Comarques.<\/div>\n","protected":false},"excerpt":{"rendered":"<p>Cicle de 2 webinars sobre compet\u00e8ncia oral en llengua anglesa, tant la pr\u00f2pia com la de l&#8217;alumnat. Adre\u00e7ada a infantil, prim\u00e0ria i secund\u00e0ria.<\/p>\n","protected":false},"author":7,"featured_media":0,"comment_status":"closed","ping_status":"closed","sticky":false,"template":"","format":"standard","meta":{"_bbp_topic_count":0,"_bbp_reply_count":0,"_bbp_total_topic_count":0,"_bbp_total_reply_count":0,"_bbp_voice_count":0,"_bbp_anonymous_reply_count":0,"_bbp_topic_count_hidden":0,"_bbp_reply_count_hidden":0,"_bbp_forum_subforum_count":0,"site-sidebar-layout":"default","site-content-layout":"","ast-site-content-layout":"","site-content-style":"default","site-sidebar-style":"default","ast-global-header-display":"","ast-banner-title-visibility":"","ast-main-header-display":"","ast-hfb-above-header-display":"","ast-hfb-below-header-display":"","ast-hfb-mobile-header-display":"","site-post-title":"","ast-breadcrumbs-content":"","ast-featured-img":"","footer-sml-layout":"","theme-transparent-header-meta":"","adv-header-id-meta":"","stick-header-meta":"","header-above-stick-meta":"","header-main-stick-meta":"","header-below-stick-meta":"","astra-migrate-meta-layouts":"default","ast-page-background-enabled":"default","ast-page-background-meta":{"desktop":{"background-color":"var(--ast-global-color-4)","background-image":"","background-repeat":"repeat","background-position":"center center","background-size":"auto","background-attachment":"scroll","background-type":"","background-media":"","overlay-type":"","overlay-color":"","overlay-opacity":"","overlay-gradient":""},"tablet":{"background-color":"","background-image":"","background-repeat":"repeat","background-position":"center center","background-size":"auto","background-attachment":"scroll","background-type":"","background-media":"","overlay-type":"","overlay-color":"","overlay-opacity":"","overlay-gradient":""},"mobile":{"background-color":"","background-image":"","background-repeat":"repeat","background-position":"center center","background-size":"auto","background-attachment":"scroll","background-type":"","background-media":"","overlay-type":"","overlay-color":"","overlay-opacity":"","overlay-gradient":""}},"ast-content-background-meta":{"desktop":{"background-color":"var(--ast-global-color-5)","background-image":"","background-repeat":"repeat","background-position":"center center","background-size":"auto","background-attachment":"scroll","background-type":"","background-media":"","overlay-type":"","overlay-color":"","overlay-opacity":"","overlay-gradient":""},"tablet":{"background-color":"var(--ast-global-color-5)","background-image":"","background-repeat":"repeat","background-position":"center center","background-size":"auto","background-attachment":"scroll","background-type":"","background-media":"","overlay-type":"","overlay-color":"","overlay-opacity":"","overlay-gradient":""},"mobile":{"background-color":"var(--ast-global-color-5)","background-image":"","background-repeat":"repeat","background-position":"center center","background-size":"auto","background-attachment":"scroll","background-type":"","background-media":"","overlay-type":"","overlay-color":"","overlay-opacity":"","overlay-gradient":""}},"footnotes":""},"categories":[364,65,310,153,29],"tags":[43,215,304,299],"class_list":["post-17315","post","type-post","status-publish","format-standard","hentry","category-competencia-comunicativa","category-crp","category-llengues-estrangeres","category-pfz","category-portada","tag-expressio-oral","tag-formacio-permanent-del-professorat","tag-llengua-anglesa","tag-llengues-estrangeres"],"post_mailing_queue_ids":[],"_links":{"self":[{"href":"https:\/\/serveiseducatius.xtec.cat\/santacolomag\/wp-json\/wp\/v2\/posts\/17315","targetHints":{"allow":["GET"]}}],"collection":[{"href":"https:\/\/serveiseducatius.xtec.cat\/santacolomag\/wp-json\/wp\/v2\/posts"}],"about":[{"href":"https:\/\/serveiseducatius.xtec.cat\/santacolomag\/wp-json\/wp\/v2\/types\/post"}],"author":[{"embeddable":true,"href":"https:\/\/serveiseducatius.xtec.cat\/santacolomag\/wp-json\/wp\/v2\/users\/7"}],"replies":[{"embeddable":true,"href":"https:\/\/serveiseducatius.xtec.cat\/santacolomag\/wp-json\/wp\/v2\/comments?post=17315"}],"version-history":[{"count":2,"href":"https:\/\/serveiseducatius.xtec.cat\/santacolomag\/wp-json\/wp\/v2\/posts\/17315\/revisions"}],"predecessor-version":[{"id":17318,"href":"https:\/\/serveiseducatius.xtec.cat\/santacolomag\/wp-json\/wp\/v2\/posts\/17315\/revisions\/17318"}],"wp:attachment":[{"href":"https:\/\/serveiseducatius.xtec.cat\/santacolomag\/wp-json\/wp\/v2\/media?parent=17315"}],"wp:term":[{"taxonomy":"category","embeddable":true,"href":"https:\/\/serveiseducatius.xtec.cat\/santacolomag\/wp-json\/wp\/v2\/categories?post=17315"},{"taxonomy":"post_tag","embeddable":true,"href":"https:\/\/serveiseducatius.xtec.cat\/santacolomag\/wp-json\/wp\/v2\/tags?post=17315"}],"curies":[{"name":"wp","href":"https:\/\/api.w.org\/{rel}","templated":true}]}}