{"id":16839,"date":"2021-10-26T08:31:41","date_gmt":"2021-10-26T06:31:41","guid":{"rendered":"https:\/\/serveiseducatius.xtec.cat\/santacolomag\/?p=16839"},"modified":"2021-10-26T08:31:41","modified_gmt":"2021-10-26T06:31:41","slug":"exposicions-temporals-visca-la-republica-i-nous-noms-per-a-noms-temps","status":"publish","type":"post","link":"https:\/\/serveiseducatius.xtec.cat\/santacolomag\/general\/exposicions-temporals-visca-la-republica-i-nous-noms-per-a-noms-temps\/","title":{"rendered":"Exposici\u00f3ns temporals: &#8220;Visca la Rep\u00fablica!&#8221; i &#8220;Nous noms per a noms temps&#8221;"},"content":{"rendered":"<p><img loading=\"lazy\" decoding=\"async\" class=\"wp-image-16841 alignright\" src=\"https:\/\/serveiseducatius.xtec.cat\/santacolomag\/wp-content\/uploads\/usu1183\/2021\/10\/DIBA_BANNER_FBK_publicacio__.jpg\" alt=\"\" width=\"400\" height=\"210\" \/>Al Museu Torre Balldovina, fins al 14 d&#8217;octubre de 2022.<\/p>\n<p><strong><a href=\"https:\/\/museu.gramenet.cat\/exposicions\/visca-la-republica-14-dabril-de-1931-90-anys\/\" target=\"_blank\" rel=\"noopener\">Exposici\u00f3 <em>Visca la Rep\u00fablica! 14 d&#8217;abril de 1931. 90 anys<\/em><\/a><br \/>\n<\/strong>\u201cEn el marc de les activitats de Mem\u00f2ria Hist\u00f2rica, el Museu Torre Balldovina participa en el projecte Mem\u00f2ria en Xarxa, una exposici\u00f3 dispersa en el territori que <strong>commemora els 90 anys de la proclamaci\u00f3 de la Rep\u00fablica<\/strong>.&#8221;<strong><br \/>\n<\/strong>\u201cEl recorregut que es proposa \u00e9s transversal en l\u2019espai i el temps, es pot veure simult\u00e0niament a diferents municipis\u00a0des del mes d\u2019abril de 2021 fins a l\u2019abril de 2022\u00a0i de manera conjunta en aquest web:\u00a0<a href=\"https:\/\/www.diba.cat\/web\/visca-la-republica\/visca-la-republica\" target=\"_blank\" rel=\"noopener\"><strong>https:\/\/www.diba.cat\/web\/visca-la-republica\/visca-la-republica<\/strong><\/a><span style=\"font-family: inherit; font-size: 1em;\"> i tamb\u00e9 a <\/span><strong style=\"font-family: inherit; font-size: 1em;\"><u><a href=\"https:\/\/twitter.com\/search?q=%23Rep%C3%BAblica90Anys&amp;src=typed_query\" target=\"_blank\" rel=\"noopener\" data-saferedirecturl=\"https:\/\/www.google.com\/url?q=https:\/\/twitter.com\/search?q%3D%2523Rep%25C3%25BAblica90Anys%26src%3Dtyped_query&amp;source=gmail&amp;ust=1634931364643000&amp;usg=AFQjCNGldpVp57kv1QG0TCxguNYfyfIVcg\">#Rep\u00fablica90anys<\/a>.<\/u><\/strong><span style=\"font-family: inherit; font-size: 1em;\">\u201c<\/span><\/p>\n<p><a href=\"https:\/\/www.diba.cat\/web\/visca-la-republica\/-\/museu-torre-balldovina\" target=\"_blank\" rel=\"noopener\"><strong>Exposici\u00f3 <em>Nous noms per a nous temps. El nomencl\u00e0tor durant la II Rep\u00fablica<\/em><\/strong><\/a><br \/>\n&#8220;A Santa Coloma el m\u00f2dul museogr\u00e0fic est\u00e0 dedicat als canvis de nom de diverses vies de la poblaci\u00f3 que se succeeixen durant els primers anys de la Rep\u00fablica.&#8221;<\/p>\n<hr \/>\n<p><strong>Es pot visitar fins al 14 d&#8217;octubre de 2022<\/strong>\u00a0en l\u2019<a href=\"https:\/\/museu.gramenet.cat\/contacte\/\" target=\"_blank\" rel=\"noopener\">horari habitual d\u2019obertura al p\u00fablic<\/a> del Museu Torre Balldovina.<\/p>\n","protected":false},"excerpt":{"rendered":"<p>Museu Torre Balldovina. Es pot visitar fins al 14 d&#8217;octubre de 2022. <\/p>\n","protected":false},"author":7,"featured_media":16841,"comment_status":"closed","ping_status":"closed","sticky":false,"template":"","format":"standard","meta":{"_bbp_topic_count":0,"_bbp_reply_count":0,"_bbp_total_topic_count":0,"_bbp_total_reply_count":0,"_bbp_voice_count":0,"_bbp_anonymous_reply_count":0,"_bbp_topic_count_hidden":0,"_bbp_reply_count_hidden":0,"_bbp_forum_subforum_count":0,"site-sidebar-layout":"default","site-content-layout":"","ast-site-content-layout":"","site-content-style":"default","site-sidebar-style":"default","ast-global-header-display":"","ast-banner-title-visibility":"","ast-main-header-display":"","ast-hfb-above-header-display":"","ast-hfb-below-header-display":"","ast-hfb-mobile-header-display":"","site-post-title":"","ast-breadcrumbs-content":"","ast-featured-img":"","footer-sml-layout":"","theme-transparent-header-meta":"","adv-header-id-meta":"","stick-header-meta":"","header-above-stick-meta":"","header-main-stick-meta":"","header-below-stick-meta":"","astra-migrate-meta-layouts":"default","ast-page-background-enabled":"default","ast-page-background-meta":{"desktop":{"background-color":"var(--ast-global-color-4)","background-image":"","background-repeat":"repeat","background-position":"center center","background-size":"auto","background-attachment":"scroll","background-type":"","background-media":"","overlay-type":"","overlay-color":"","overlay-opacity":"","overlay-gradient":""},"tablet":{"background-color":"","background-image":"","background-repeat":"repeat","background-position":"center center","background-size":"auto","background-attachment":"scroll","background-type":"","background-media":"","overlay-type":"","overlay-color":"","overlay-opacity":"","overlay-gradient":""},"mobile":{"background-color":"","background-image":"","background-repeat":"repeat","background-position":"center center","background-size":"auto","background-attachment":"scroll","background-type":"","background-media":"","overlay-type":"","overlay-color":"","overlay-opacity":"","overlay-gradient":""}},"ast-content-background-meta":{"desktop":{"background-color":"var(--ast-global-color-5)","background-image":"","background-repeat":"repeat","background-position":"center center","background-size":"auto","background-attachment":"scroll","background-type":"","background-media":"","overlay-type":"","overlay-color":"","overlay-opacity":"","overlay-gradient":""},"tablet":{"background-color":"var(--ast-global-color-5)","background-image":"","background-repeat":"repeat","background-position":"center center","background-size":"auto","background-attachment":"scroll","background-type":"","background-media":"","overlay-type":"","overlay-color":"","overlay-opacity":"","overlay-gradient":""},"mobile":{"background-color":"var(--ast-global-color-5)","background-image":"","background-repeat":"repeat","background-position":"center center","background-size":"auto","background-attachment":"scroll","background-type":"","background-media":"","overlay-type":"","overlay-color":"","overlay-opacity":"","overlay-gradient":""}},"footnotes":""},"categories":[450,65,1,235,29],"tags":[437],"class_list":["post-16839","post","type-post","status-publish","format-standard","has-post-thumbnail","hentry","category-coneixer-santa-coloma","category-crp","category-general","category-formacio_ins","category-portada","tag-coneixer-santa-coloma"],"post_mailing_queue_ids":[],"_links":{"self":[{"href":"https:\/\/serveiseducatius.xtec.cat\/santacolomag\/wp-json\/wp\/v2\/posts\/16839","targetHints":{"allow":["GET"]}}],"collection":[{"href":"https:\/\/serveiseducatius.xtec.cat\/santacolomag\/wp-json\/wp\/v2\/posts"}],"about":[{"href":"https:\/\/serveiseducatius.xtec.cat\/santacolomag\/wp-json\/wp\/v2\/types\/post"}],"author":[{"embeddable":true,"href":"https:\/\/serveiseducatius.xtec.cat\/santacolomag\/wp-json\/wp\/v2\/users\/7"}],"replies":[{"embeddable":true,"href":"https:\/\/serveiseducatius.xtec.cat\/santacolomag\/wp-json\/wp\/v2\/comments?post=16839"}],"version-history":[{"count":3,"href":"https:\/\/serveiseducatius.xtec.cat\/santacolomag\/wp-json\/wp\/v2\/posts\/16839\/revisions"}],"predecessor-version":[{"id":16855,"href":"https:\/\/serveiseducatius.xtec.cat\/santacolomag\/wp-json\/wp\/v2\/posts\/16839\/revisions\/16855"}],"wp:featuredmedia":[{"embeddable":true,"href":"https:\/\/serveiseducatius.xtec.cat\/santacolomag\/wp-json\/wp\/v2\/media\/16841"}],"wp:attachment":[{"href":"https:\/\/serveiseducatius.xtec.cat\/santacolomag\/wp-json\/wp\/v2\/media?parent=16839"}],"wp:term":[{"taxonomy":"category","embeddable":true,"href":"https:\/\/serveiseducatius.xtec.cat\/santacolomag\/wp-json\/wp\/v2\/categories?post=16839"},{"taxonomy":"post_tag","embeddable":true,"href":"https:\/\/serveiseducatius.xtec.cat\/santacolomag\/wp-json\/wp\/v2\/tags?post=16839"}],"curies":[{"name":"wp","href":"https:\/\/api.w.org\/{rel}","templated":true}]}}