{"id":16598,"date":"2021-09-10T09:42:08","date_gmt":"2021-09-10T07:42:08","guid":{"rendered":"https:\/\/serveiseducatius.xtec.cat\/santacolomag\/?p=16598"},"modified":"2021-09-10T12:19:05","modified_gmt":"2021-09-10T10:19:05","slug":"oferta-formativa-de-cultura-digital-departament-deducacio","status":"publish","type":"post","link":"https:\/\/serveiseducatius.xtec.cat\/santacolomag\/general\/oferta-formativa-de-cultura-digital-departament-deducacio\/","title":{"rendered":"Oferta formativa de Cultura Digital. Departament d\u2019Educaci\u00f3"},"content":{"rendered":"<p><img loading=\"lazy\" decoding=\"async\" class=\"wp-image-16602 alignleft\" src=\"https:\/\/serveiseducatius.xtec.cat\/santacolomag\/wp-content\/uploads\/usu1183\/2021\/09\/formacioCD-300x269.png\" alt=\"XTEC. Formaci\u00f3 Cultura Digital\" width=\"213\" height=\"191\" \/><span style=\"font-family: inherit; font-size: 1em;\">Les modalitats formatives per al curs 2021-2022 s\u00f3n:<br \/>\n<\/span><strong><span id=\"m_-5324871846255015436m_-7022579782909049922m_-2330504309205303584gmail-m_9020843376358563197m_3300685245519316458gmail-docs-internal-guid-dcc820d4-7fff-3a2d-1464-32125296a915\"><a href=\"http:\/\/xtec.gencat.cat\/ca\/formacio\/formaciogeneralprofessorat\/cultura-digital\/planificacio-oferta-formativa-modalitats\/capsules-formatives-i-itineraris\/\" target=\"_blank\" rel=\"noopener\">C\u00e0psules formatives i itineraris<\/a><br \/>\n<\/span><\/strong><\/p>\n<p>Tenen per objectiu dur a terme una formaci\u00f3 concentrada en un termini curt de temps.<br \/>\nPoden ser de 5 hores (Nanokudis), de 10 hores (Kudis), que es corresponen a formaci\u00f3 de nivell b\u00e0sic de compet\u00e8ncia digital docent, o de 15 hores (Macrokudis). Per inscriure\u2019s a les c\u00e0psules cal accedir a Odissea.<\/p>\n<p>Hi ha 3 torns durant el curs. <strong><strong>1r torn: d<span style=\"font-family: inherit; font-size: 12pt;\">el <span style=\"font-family: helvetica, arial, sans-serif;\">13 de setembre al 12 de desembre de 2021<\/span><\/span><\/strong><\/strong><\/p>\n<p><strong><a href=\"http:\/\/xtec.gencat.cat\/ca\/formacio\/formaciogeneralprofessorat\/cultura-digital\/planificacio-oferta-formativa-modalitats\/cursostelematics\/\" target=\"_blank\" rel=\"noopener\">Cursos telem\u00e0tics<\/a><br \/>\n<\/strong>Cursos tutoritzats i cursos tipus MOOC, en modalitat as\u00edncrona. Tenen una dedicaci\u00f3 de 45 hores i estan agrupats en dos torns: d\u2019octubre a febrer i de febrer a juny.<\/p>\n<ul>\n<li>1r torn: <strong><strong>Inscripci\u00f3 del 13\/09\/2021 al 26\/09\/2021<\/strong><\/strong><\/li>\n<\/ul>\n<p><strong><a href=\"http:\/\/xtec.gencat.cat\/ca\/formacio\/formaciogeneralprofessorat\/cultura-digital\/planificacio-oferta-formativa-modalitats\/webinars\/\" target=\"_blank\" rel=\"noopener\">Seminaris web (webinars) i Jornades<\/a><br \/>\n<\/strong>Accions formatives puntuals, grups de treball&#8230;<\/p>\n<p><strong><a href=\"http:\/\/xtec.gencat.cat\/ca\/formacio\/formaciogeneralprofessorat\/cultura-digital\/planificacio-oferta-formativa-modalitats\/xarxa-territorial-cultura-digital\/\" target=\"_blank\" rel=\"noopener\">Xarxa Territorial de Cultura Digital (XTCD)<\/a><\/strong><\/p>\n<ul>\n<li><span style=\"font-weight: 400;\">2070250529 <\/span><a href=\"https:\/\/aplicacions.gestioeducativa.gencat.cat\/pls\/soloas\/pk_for_mod_ins.p_for_detall_activitat?p_header=Llista%20d%27activitats%5Epk_for_mod_ins.p_for_cons_activitats?p_crp=207%26p_any=2021-2022%26p_totes=s%26p_inici=21%26p_excloure_crp_rec=F&amp;p_codi=2070250529&amp;p_curs=2021-2022&amp;p_excloure_crp_rec=F\"><span style=\"font-weight: 400;\"><strong>Xarxa de Compet\u00e8ncia Digital Docent<\/strong><\/span><\/a>\n<ul>\n<li><span style=\"font-weight: 400;\">Per al professorat d&#8217;Educaci\u00f3 Infantil-Prim\u00e0ria-Secund\u00e0ria. <\/span><\/li>\n<li>Del 20\/9\/2021 al 30\/5\/2022 ( 20 hores &#8211; 5 sessions ) de 17:30h a 19:30h.<\/li>\n<li><span style=\"font-weight: 400;\"><span style=\"font-weight: 400;\"><span style=\"font-weight: 400;\"><span style=\"font-weight: 400;\"><strong>Inscripci\u00f3 del 13\/09\/2021 al 26\/09\/2021<\/strong><\/span><\/span><\/span><\/span><\/li>\n<\/ul>\n<\/li>\n<\/ul>\n<p>&nbsp;<\/p>\n<ul>\n<li><span style=\"font-weight: 400;\">2070261207 <\/span><strong><a href=\"https:\/\/aplicacions.gestioeducativa.gencat.cat\/pls\/soloas\/pk_for_mod_ins.p_for_detall_activitat?p_header=Llista%20d%27activitats%5Epk_for_mod_ins.p_for_cons_activitats?p_crp=207%26p_any=2021-2022%26p_totes=s%26p_inici=21%26p_excloure_crp_rec=F&amp;p_codi=2070261207&amp;p_curs=2021-2022&amp;p_excloure_crp_rec=F\">Xarxa Territorial de Coordinaci\u00f3 de Cultura Digital<\/a><\/strong>\n<ul>\n<li><span style=\"font-weight: 400;\">Per a coordinadors digitals de centre. Seminari de coordinaci\u00f3. Educaci\u00f3 Infantil-Prim\u00e0ria-Secund\u00e0ria.<\/span><span style=\"font-weight: 400;\"><br \/>\n<\/span><\/li>\n<li><span style=\"font-weight: 400;\"><span style=\"font-weight: 400;\"><strong>Inscripci\u00f3 del 13\/09\/2021 al 26\/09\/2021<\/strong><\/span><\/span><\/li>\n<\/ul>\n<\/li>\n<\/ul>\n<ul>\n<li style=\"font-weight: 400;\" aria-level=\"1\"><span style=\"font-weight: 400;\">2070541207 <a href=\"https:\/\/aplicacions.gestioeducativa.gencat.cat\/pls\/soloas\/pk_for_mod_ins.p_for_detall_activitat?p_header=Llista%20d%27activitats^pk_for_mod_ins.p_for_cons_activitats?p_crp=207%26p_any=2021-2022%26p_totes=s%26p_inici=41%26p_excloure_crp_rec=F&amp;p_codi=2070540529&amp;p_curs=2021-2022&amp;p_excloure_crp_rec=F\" target=\"_blank\" rel=\"noopener\">Xarxa Territorial per a l\u2019Estrat\u00e8gia Digital<\/a> (a SCG)<\/span>\n<ul>\n<li style=\"font-weight: 400;\" aria-level=\"1\"><span style=\"font-weight: 400;\">Per a coordinadors dels centres que inicien l&#8217;EDC. Properament rebreu m\u00e9s informaci\u00f3.<\/span><\/li>\n<li><span style=\"font-weight: 400;\"><span style=\"font-weight: 400;\"><strong>Inscripci\u00f3 del 13\/09\/2021 al 26\/09\/2021<\/strong><\/span><\/span><\/li>\n<\/ul>\n<\/li>\n<\/ul>\n<hr \/>\n<p>En el marc del <strong>Pla de Formaci\u00f3 de Zona de Santa Coloma de Gramenet<\/strong><\/p>\n<ul>\n<li><span style=\"font-weight: 400;\">2070250529 <\/span><a href=\"https:\/\/aplicacions.gestioeducativa.gencat.cat\/pls\/soloas\/pk_for_mod_ins.p_for_detall_activitat?p_header=Llista%20d%27activitats%5Epk_for_mod_ins.p_for_cons_activitats?p_crp=207%26p_any=2021-2022%26p_totes=s%26p_inici=21%26p_excloure_crp_rec=F&amp;p_codi=2070250529&amp;p_curs=2021-2022&amp;p_excloure_crp_rec=F\"><span style=\"font-weight: 400;\">Xarxa de Compet\u00e8ncia Digital Docent<\/span><\/a><\/li>\n<li>2070261207 <a href=\"https:\/\/aplicacions.gestioeducativa.gencat.cat\/pls\/soloas\/pk_for_mod_ins.p_for_detall_activitat?p_header=Llista%20d%27activitats%5Epk_for_mod_ins.p_for_cons_activitats?p_crp=207%26p_any=2021-2022%26p_totes=s%26p_inici=21%26p_excloure_crp_rec=F&amp;p_codi=2070261207&amp;p_curs=2021-2022&amp;p_excloure_crp_rec=F\" target=\"_blank\" rel=\"noopener\">Xarxa Territorial de Coordinaci\u00f3 de Cultura Digital<\/a><\/li>\n<li><span style=\"font-weight: 400;\">2070541207 <a href=\"https:\/\/aplicacions.gestioeducativa.gencat.cat\/pls\/soloas\/pk_for_mod_ins.p_for_detall_activitat?p_header=Llista%20d%27activitats^pk_for_mod_ins.p_for_cons_activitats?p_crp=207%26p_any=2021-2022%26p_totes=s%26p_inici=41%26p_excloure_crp_rec=F&amp;p_codi=2070540529&amp;p_curs=2021-2022&amp;p_excloure_crp_rec=F\" target=\"_blank\" rel=\"noopener\">Xarxa Territorial per a l\u2019Estrat\u00e8gia Digital<\/a><\/span><\/li>\n<li><span style=\"font-weight: 400;\">2070371207 <\/span><a href=\"https:\/\/aplicacions.gestioeducativa.gencat.cat\/pls\/soloas\/pk_for_mod_ins.p_for_detall_activitat?p_header=Llista%20d%27activitats%5Epk_for_mod_ins.p_for_cons_activitats?p_crp=207%26p_any=2021-2022%26p_totes=s%26p_inici=31%26p_excloure_crp_rec=F&amp;p_codi=2070371207&amp;p_curs=2021-2022&amp;p_excloure_crp_rec=F\"><span style=\"font-weight: 400;\">Disseny d&#8217;activitats interactives<\/span><\/a><\/li>\n<li><span style=\"font-weight: 400;\">2070361207 <\/span><span style=\"font-weight: 400;\"><a href=\"https:\/\/aplicacions.gestioeducativa.gencat.cat\/pls\/soloas\/pk_for_mod_ins.p_for_detall_activitat?p_header=Llista%20d%27activitats^pk_for_mod_ins.p_for_cons_activitats?p_crp=207%26p_any=2021-2022%26p_totes=s%26p_inici=31%26p_excloure_crp_rec=F&amp;p_codi=2070361207&amp;p_curs=2021-2022&amp;p_excloure_crp_rec=F\" target=\"_blank\" rel=\"noopener\">L&#8217;\u00fas did\u00e0ctic dels panells interactius<\/a> (2n trimestre)<\/span><\/li>\n<li><span style=\"font-weight: 400;\">2070611207 <\/span><a href=\"https:\/\/aplicacions.gestioeducativa.gencat.cat\/pls\/soloas\/pk_for_mod_ins.p_for_detall_activitat?p_header=Llista%20d%27activitats%5Epk_for_mod_ins.p_for_cons_activitats?p_crp=207%26p_any=2021-2022%26p_totes=s%26p_inici=41%26p_excloure_crp_rec=F&amp;p_codi=2070611207&amp;p_curs=2021-2022&amp;p_excloure_crp_rec=F\"><span style=\"font-weight: 400;\">La rob\u00f2tica educativa a l\u2019aula<\/span><\/a><span style=\"font-weight: 400;\"> (2n trimestre)<\/span><\/li>\n<\/ul>\n<p>I com a activitat interzonal:<\/p>\n<ul>\n<li><span style=\"font-weight: 400;\">2040231204 <\/span><a href=\"https:\/\/aplicacions.gestioeducativa.gencat.cat\/pls\/soloas\/pk_for_mod_ins.p_for_detall_activitat?p_header=Llista%20d%27activitats%5Epk_for_mod_ins.p_for_cons_activitats?p_crp=204%26p_any=2021-2022%26p_totes=s%26p_inici=21%26p_excloure_crp_rec=F&amp;p_codi=2040231204&amp;p_curs=2021-2022&amp;p_excloure_crp_rec=F\"><span style=\"font-weight: 400;\">Rob\u00f2tica i programaci\u00f3 de centres de secund\u00e0ria del Barcelon\u00e8s Nord<\/span><\/a><\/li>\n<\/ul>\n<hr \/>\n<p>Per a m\u00e9s informaci\u00f3:<\/p>\n<ul>\n<li><strong><a href=\"http:\/\/xtec.gencat.cat\/ca\/formacio\/formaciogeneralprofessorat\/cultura-digital\/\">XTEC: Formaci\u00f3 Cultura Digital<\/a><\/strong><\/li>\n<li><a style=\"font-family: inherit; font-size: 1em;\" href=\"http:\/\/xtec.gencat.cat\/ca\/formacio\/formaciogeneralprofessorat\/cultura-digital\/planificacio-oferta-formativa-modalitats\/\"><strong>XTEC: Oferta formativa per modalitats<\/strong><\/a><\/li>\n<\/ul>\n","protected":false},"excerpt":{"rendered":"<p>Diversitat de modalitats: c\u00e0psules formatives i itineraris, cursos telem\u00e0tics, webinars, jornades, Xarxa Territorial de Cultura Digital&#8230;<\/p>\n","protected":false},"author":7,"featured_media":16602,"comment_status":"closed","ping_status":"closed","sticky":false,"template":"","format":"standard","meta":{"_bbp_topic_count":0,"_bbp_reply_count":0,"_bbp_total_topic_count":0,"_bbp_total_reply_count":0,"_bbp_voice_count":0,"_bbp_anonymous_reply_count":0,"_bbp_topic_count_hidden":0,"_bbp_reply_count_hidden":0,"_bbp_forum_subforum_count":0,"site-sidebar-layout":"default","site-content-layout":"","ast-site-content-layout":"","site-content-style":"default","site-sidebar-style":"default","ast-global-header-display":"","ast-banner-title-visibility":"","ast-main-header-display":"","ast-hfb-above-header-display":"","ast-hfb-below-header-display":"","ast-hfb-mobile-header-display":"","site-post-title":"","ast-breadcrumbs-content":"","ast-featured-img":"","footer-sml-layout":"","theme-transparent-header-meta":"","adv-header-id-meta":"","stick-header-meta":"","header-above-stick-meta":"","header-main-stick-meta":"","header-below-stick-meta":"","astra-migrate-meta-layouts":"default","ast-page-background-enabled":"default","ast-page-background-meta":{"desktop":{"background-color":"var(--ast-global-color-4)","background-image":"","background-repeat":"repeat","background-position":"center center","background-size":"auto","background-attachment":"scroll","background-type":"","background-media":"","overlay-type":"","overlay-color":"","overlay-opacity":"","overlay-gradient":""},"tablet":{"background-color":"","background-image":"","background-repeat":"repeat","background-position":"center center","background-size":"auto","background-attachment":"scroll","background-type":"","background-media":"","overlay-type":"","overlay-color":"","overlay-opacity":"","overlay-gradient":""},"mobile":{"background-color":"","background-image":"","background-repeat":"repeat","background-position":"center center","background-size":"auto","background-attachment":"scroll","background-type":"","background-media":"","overlay-type":"","overlay-color":"","overlay-opacity":"","overlay-gradient":""}},"ast-content-background-meta":{"desktop":{"background-color":"var(--ast-global-color-5)","background-image":"","background-repeat":"repeat","background-position":"center center","background-size":"auto","background-attachment":"scroll","background-type":"","background-media":"","overlay-type":"","overlay-color":"","overlay-opacity":"","overlay-gradient":""},"tablet":{"background-color":"var(--ast-global-color-5)","background-image":"","background-repeat":"repeat","background-position":"center center","background-size":"auto","background-attachment":"scroll","background-type":"","background-media":"","overlay-type":"","overlay-color":"","overlay-opacity":"","overlay-gradient":""},"mobile":{"background-color":"var(--ast-global-color-5)","background-image":"","background-repeat":"repeat","background-position":"center center","background-size":"auto","background-attachment":"scroll","background-type":"","background-media":"","overlay-type":"","overlay-color":"","overlay-opacity":"","overlay-gradient":""}},"footnotes":""},"categories":[364,65,78,154,1,156,153,29],"tags":[446,215],"class_list":["post-16598","post","type-post","status-publish","format-standard","has-post-thumbnail","hentry","category-competencia-comunicativa","category-crp","category-cd","category-formacio","category-general","category-materials-de-formacio","category-pfz","category-portada","tag-cultura-digital","tag-formacio-permanent-del-professorat"],"post_mailing_queue_ids":[],"_links":{"self":[{"href":"https:\/\/serveiseducatius.xtec.cat\/santacolomag\/wp-json\/wp\/v2\/posts\/16598","targetHints":{"allow":["GET"]}}],"collection":[{"href":"https:\/\/serveiseducatius.xtec.cat\/santacolomag\/wp-json\/wp\/v2\/posts"}],"about":[{"href":"https:\/\/serveiseducatius.xtec.cat\/santacolomag\/wp-json\/wp\/v2\/types\/post"}],"author":[{"embeddable":true,"href":"https:\/\/serveiseducatius.xtec.cat\/santacolomag\/wp-json\/wp\/v2\/users\/7"}],"replies":[{"embeddable":true,"href":"https:\/\/serveiseducatius.xtec.cat\/santacolomag\/wp-json\/wp\/v2\/comments?post=16598"}],"version-history":[{"count":4,"href":"https:\/\/serveiseducatius.xtec.cat\/santacolomag\/wp-json\/wp\/v2\/posts\/16598\/revisions"}],"predecessor-version":[{"id":16625,"href":"https:\/\/serveiseducatius.xtec.cat\/santacolomag\/wp-json\/wp\/v2\/posts\/16598\/revisions\/16625"}],"wp:featuredmedia":[{"embeddable":true,"href":"https:\/\/serveiseducatius.xtec.cat\/santacolomag\/wp-json\/wp\/v2\/media\/16602"}],"wp:attachment":[{"href":"https:\/\/serveiseducatius.xtec.cat\/santacolomag\/wp-json\/wp\/v2\/media?parent=16598"}],"wp:term":[{"taxonomy":"category","embeddable":true,"href":"https:\/\/serveiseducatius.xtec.cat\/santacolomag\/wp-json\/wp\/v2\/categories?post=16598"},{"taxonomy":"post_tag","embeddable":true,"href":"https:\/\/serveiseducatius.xtec.cat\/santacolomag\/wp-json\/wp\/v2\/tags?post=16598"}],"curies":[{"name":"wp","href":"https:\/\/api.w.org\/{rel}","templated":true}]}}