{"id":15836,"date":"2021-03-05T08:25:48","date_gmt":"2021-03-05T07:25:48","guid":{"rendered":"http:\/\/serveiseducatius.xtec.cat\/santacolomag\/?p=15836"},"modified":"2021-03-05T08:25:48","modified_gmt":"2021-03-05T07:25:48","slug":"grup-de-treball-coneixer-santa-coloma","status":"publish","type":"post","link":"https:\/\/serveiseducatius.xtec.cat\/santacolomag\/portada\/grup-de-treball-coneixer-santa-coloma\/","title":{"rendered":"Grup de treball: Con\u00e8ixer Santa Coloma"},"content":{"rendered":"<p><span style=\"font-size: 14pt;\"><a href=\"https:\/\/serveiseducatius.xtec.cat\/santacolomag\/wp-content\/uploads\/usu1183\/2021\/03\/biografies-e1614381559697.png\"><img loading=\"lazy\" decoding=\"async\" class=\"alignleft size-full wp-image-15837\" src=\"https:\/\/serveiseducatius.xtec.cat\/santacolomag\/wp-content\/uploads\/usu1183\/2021\/03\/biografies-e1614381559697.png\" alt=\"\" width=\"189\" height=\"180\" \/><\/a>El grup de treball del Pla de Formaci\u00f3 de Zona de Santa Coloma de Gramenet est\u00e0 format per mestres de prim\u00e0ria, professorat de secund\u00e0ria, professionals del Servei Educatiu de Zona (CRP-ELIC) i professionals de l\u2019\u00e0mbit cultural de la ciutat.<\/span><\/p>\n<p><span style=\"font-size: 14pt;\">El grup pret\u00e9n seleccionar i\/o\u00a0crear <strong><a href=\"https:\/\/serveiseducatius.xtec.cat\/santacolomag\/categoria\/recursos\/coneixer-santa-coloma\/\">recursos did\u00e0ctics, itineraris pedag\u00f2gics i diferents propostes que fomentin el coneixement del medi hist\u00f2ric, social, cultural, natural i industrial de la ciutat i del seu entorn.\u00a0<\/a><\/strong><\/span><\/p>\n<p><span style=\"font-size: 14pt;\">Per al curs 2020-2021 ens hem proposat crear aquest espai dins el web del Servei Educatiu:<\/span><\/p>\n<ul>\n<li aria-level=\"1\"><span style=\"font-size: 14pt;\">amb informaci\u00f3 i recursos educatius de Santa Coloma de Gramenet.<\/span><\/li>\n<li aria-level=\"1\"><span style=\"font-size: 14pt;\">amb voluntat de ser \u00fatil per als docents que venen a treballar a la ciutat i no la coneixen, per\u00f2 tamb\u00e9 per als que vulguin incloure la \u201cmirada local\u201d en els seus projectes educatius.<\/span><\/li>\n<li aria-level=\"1\"><span style=\"font-size: 14pt;\">que en un futur no molt lluny\u00e0 pugui enlla\u00e7ar amb propostes atractives per a alumnes i fam\u00edlies.<\/span><\/li>\n<li aria-level=\"1\"><span style=\"font-size: 14pt;\">que vingui a sumar, en cap cas entrar en competici\u00f3 amb d\u2019altres espais.<\/span><\/li>\n<\/ul>\n<p><span style=\"font-size: 14pt;\">El grup est\u00e0 obert a la participaci\u00f3 de qui estigui interessat.<\/span><\/p>\n","protected":false},"excerpt":{"rendered":"<p>Recursos did\u00e0ctics, itineraris pedag\u00f2gics i diferents propostes que fomentin el coneixement del medi hist\u00f2ric, social, cultural, natural i industrial de la ciutat i del seu entorn.\u00a0<\/p>\n","protected":false},"author":7,"featured_media":15837,"comment_status":"closed","ping_status":"closed","sticky":false,"template":"","format":"standard","meta":{"_bbp_topic_count":0,"_bbp_reply_count":0,"_bbp_total_topic_count":0,"_bbp_total_reply_count":0,"_bbp_voice_count":0,"_bbp_anonymous_reply_count":0,"_bbp_topic_count_hidden":0,"_bbp_reply_count_hidden":0,"_bbp_forum_subforum_count":0,"site-sidebar-layout":"default","site-content-layout":"","ast-site-content-layout":"","site-content-style":"default","site-sidebar-style":"default","ast-global-header-display":"","ast-banner-title-visibility":"","ast-main-header-display":"","ast-hfb-above-header-display":"","ast-hfb-below-header-display":"","ast-hfb-mobile-header-display":"","site-post-title":"","ast-breadcrumbs-content":"","ast-featured-img":"","footer-sml-layout":"","theme-transparent-header-meta":"","adv-header-id-meta":"","stick-header-meta":"","header-above-stick-meta":"","header-main-stick-meta":"","header-below-stick-meta":"","astra-migrate-meta-layouts":"default","ast-page-background-enabled":"default","ast-page-background-meta":{"desktop":{"background-color":"var(--ast-global-color-4)","background-image":"","background-repeat":"repeat","background-position":"center center","background-size":"auto","background-attachment":"scroll","background-type":"","background-media":"","overlay-type":"","overlay-color":"","overlay-opacity":"","overlay-gradient":""},"tablet":{"background-color":"","background-image":"","background-repeat":"repeat","background-position":"center center","background-size":"auto","background-attachment":"scroll","background-type":"","background-media":"","overlay-type":"","overlay-color":"","overlay-opacity":"","overlay-gradient":""},"mobile":{"background-color":"","background-image":"","background-repeat":"repeat","background-position":"center center","background-size":"auto","background-attachment":"scroll","background-type":"","background-media":"","overlay-type":"","overlay-color":"","overlay-opacity":"","overlay-gradient":""}},"ast-content-background-meta":{"desktop":{"background-color":"var(--ast-global-color-5)","background-image":"","background-repeat":"repeat","background-position":"center center","background-size":"auto","background-attachment":"scroll","background-type":"","background-media":"","overlay-type":"","overlay-color":"","overlay-opacity":"","overlay-gradient":""},"tablet":{"background-color":"var(--ast-global-color-5)","background-image":"","background-repeat":"repeat","background-position":"center center","background-size":"auto","background-attachment":"scroll","background-type":"","background-media":"","overlay-type":"","overlay-color":"","overlay-opacity":"","overlay-gradient":""},"mobile":{"background-color":"var(--ast-global-color-5)","background-image":"","background-repeat":"repeat","background-position":"center center","background-size":"auto","background-attachment":"scroll","background-type":"","background-media":"","overlay-type":"","overlay-color":"","overlay-opacity":"","overlay-gradient":""}},"footnotes":""},"categories":[63,65,251,68,365,154,153,29,76],"tags":[296,283],"class_list":["post-15836","post","type-post","status-publish","format-standard","has-post-thumbnail","hentry","category-catalegs-tematics","category-crp","category-dinamica-educativa-sant-vicenc-dels-horts","category-elic","category-experiencies-de-centre","category-formacio","category-pfz","category-portada","category-recursos","tag-cultura","tag-projectes"],"post_mailing_queue_ids":[],"_links":{"self":[{"href":"https:\/\/serveiseducatius.xtec.cat\/santacolomag\/wp-json\/wp\/v2\/posts\/15836","targetHints":{"allow":["GET"]}}],"collection":[{"href":"https:\/\/serveiseducatius.xtec.cat\/santacolomag\/wp-json\/wp\/v2\/posts"}],"about":[{"href":"https:\/\/serveiseducatius.xtec.cat\/santacolomag\/wp-json\/wp\/v2\/types\/post"}],"author":[{"embeddable":true,"href":"https:\/\/serveiseducatius.xtec.cat\/santacolomag\/wp-json\/wp\/v2\/users\/7"}],"replies":[{"embeddable":true,"href":"https:\/\/serveiseducatius.xtec.cat\/santacolomag\/wp-json\/wp\/v2\/comments?post=15836"}],"version-history":[{"count":1,"href":"https:\/\/serveiseducatius.xtec.cat\/santacolomag\/wp-json\/wp\/v2\/posts\/15836\/revisions"}],"predecessor-version":[{"id":15838,"href":"https:\/\/serveiseducatius.xtec.cat\/santacolomag\/wp-json\/wp\/v2\/posts\/15836\/revisions\/15838"}],"wp:featuredmedia":[{"embeddable":true,"href":"https:\/\/serveiseducatius.xtec.cat\/santacolomag\/wp-json\/wp\/v2\/media\/15837"}],"wp:attachment":[{"href":"https:\/\/serveiseducatius.xtec.cat\/santacolomag\/wp-json\/wp\/v2\/media?parent=15836"}],"wp:term":[{"taxonomy":"category","embeddable":true,"href":"https:\/\/serveiseducatius.xtec.cat\/santacolomag\/wp-json\/wp\/v2\/categories?post=15836"},{"taxonomy":"post_tag","embeddable":true,"href":"https:\/\/serveiseducatius.xtec.cat\/santacolomag\/wp-json\/wp\/v2\/tags?post=15836"}],"curies":[{"name":"wp","href":"https:\/\/api.w.org\/{rel}","templated":true}]}}