{"id":15819,"date":"2021-03-05T09:30:00","date_gmt":"2021-03-05T08:30:00","guid":{"rendered":"http:\/\/serveiseducatius.xtec.cat\/santacolomag\/?p=15819"},"modified":"2021-03-05T08:17:02","modified_gmt":"2021-03-05T07:17:02","slug":"fer-ciencia-a-lescola-i-comunicar-ciencia","status":"publish","type":"post","link":"https:\/\/serveiseducatius.xtec.cat\/santacolomag\/portada\/fer-ciencia-a-lescola-i-comunicar-ciencia\/","title":{"rendered":"Fer ci\u00e8ncia a l&#8217;escola i comunicar ci\u00e8ncia"},"content":{"rendered":"<p><span style=\"font-size: 14pt; font-family: verdana, geneva, sans-serif;\"><strong><a href=\"https:\/\/serveiseducatius.xtec.cat\/santacolomag\/wp-content\/uploads\/usu1183\/2021\/03\/always_with_kids_Lupa-3.jpg\"><img loading=\"lazy\" decoding=\"async\" class=\"alignleft wp-image-15821\" src=\"https:\/\/serveiseducatius.xtec.cat\/santacolomag\/wp-content\/uploads\/usu1183\/2021\/03\/always_with_kids_Lupa-3.jpg\" alt=\"\" width=\"193\" height=\"240\" \/><\/a><br \/>\nComunicar ci\u00e8ncia, investigar a l&#8217;aula\u00a0<\/strong><\/span><\/p>\n<p><span style=\"font-size: 12pt;\"><span style=\"font-family: verdana, geneva, sans-serif;\"><b><span style=\"color: #274e13;\"><a href=\"https:\/\/drive.google.com\/file\/d\/16w3Nl42k8gRAXa0NMswA1MBd6HE8DqoR\/view?usp=sharing\" target=\"_blank\" rel=\"noopener noreferrer\">Com es pot ajudar l\u2019alumnat a investigar en ci\u00e8ncies?<\/a><\/span><\/b><b><br \/>\n<\/b>\u00c8lia Tena Gallego, Digna Couso Lagar\u00f3n<\/span><b><\/b><\/span><\/p>\n<p><span style=\"font-family: verdana, geneva, sans-serif;\"><span style=\"font-size: 12pt;\"><strong><a href=\"https:\/\/drive.google.com\/file\/d\/1HK6Pw0FZptEA44Dv2W8JaRQB3UNPA5In\/view?usp=sharing\" target=\"_blank\" rel=\"noopener noreferrer\">La comunicaci\u00f3 cient\u00edfica a l&#8217;educaci\u00f3<\/a><a href=\"https:\/\/drive.google.com\/file\/d\/1HK6Pw0FZptEA44Dv2W8JaRQB3UNPA5In\/view?usp=sharing\" target=\"_blank\" rel=\"noopener noreferrer\"> prim\u00e0ria<\/a><\/strong><b><br \/>\n<\/b><\/span><span style=\"font-size: 14pt;\"><span style=\"font-size: 12pt;\">Jordi Mart\u00ed, Arnau Amat<\/span><br \/>\n<\/span><\/span><\/p>\n<p>&nbsp;<\/p>\n<p><span style=\"font-family: verdana, geneva, sans-serif;\"><span style=\"font-size: 14pt;\"><span style=\"font-size: 14pt; font-family: verdana, geneva, sans-serif;\"><strong>Models cient\u00edfics<\/strong><\/span><\/span><\/span><\/p>\n<ul>\n<li><span style=\"font-size: 12pt;\"><strong><a href=\"http:\/\/petitstalentscientifics.fundaciorecerca.cat\/wp-content\/uploads\/2018\/09\/Investiguem_la_materia.pdf\">I<span style=\"font-family: verdana, geneva, sans-serif;\">nvestiguem la mat\u00e8ria<\/span><\/a><br \/>\n<\/strong><span style=\"font-family: verdana, geneva, sans-serif;\">Jordi Mart\u00ed, Arnau Amat<\/span><strong><br \/>\n<\/strong> <\/span><\/li>\n<li><span style=\"font-size: 12pt; font-family: verdana, geneva, sans-serif;\"><strong><a href=\"http:\/\/petitstalentscientifics.fundaciorecerca.cat\/wp-content\/uploads\/2018\/12\/investiguem_com_funciona_el_cos_humae_web-min.pdf\">Investiguem el cos hum\u00e0<\/a><br \/>\n<\/strong>Jordi Mart\u00ed, Arnau Amat<strong><br \/>\n<\/strong><\/span><\/li>\n<li><span style=\"font-size: 14pt; font-family: verdana, geneva, sans-serif;\"><span style=\"font-size: 14pt; font-family: verdana, geneva, sans-serif;\"><span style=\"font-size: 12pt;\"><strong><a href=\"http:\/\/petitstalentscientifics.fundaciorecerca.cat\/wp-content\/uploads\/2020\/02\/llibre_fenomens_astronomics_catala.pdf\">Investiguem els fen\u00f2mens astron\u00f2mics<\/a><br \/>\n<\/strong><\/span><span style=\"font-size: 14pt;\"><span style=\"font-size: 12pt;\">Jordi Mart\u00ed, Arnau Amat<\/span><\/span><\/span><\/span>&nbsp;<\/p>\n<p><span style=\"font-size: 14pt; font-family: verdana, geneva, sans-serif;\"><strong>Els contes, les met\u00e0fores com a mediadors did\u00e0ctics en ci\u00e8ncia<\/strong><\/span><\/li>\n<li><span style=\"font-size: 12pt; font-family: verdana, geneva, sans-serif;\"><strong><a href=\"http:\/\/www.recercaenaccio.cat\/wp-content\/uploads\/2015\/03\/Contes-acudits-i-un-poema-per-fer-ciencies.pdf\">Contes, acudits, i un poema per fer ciencies <\/a><br \/>\n<\/strong>Vict\u00f2ria Carb\u00f3<\/span><\/li>\n<\/ul>\n<p><strong><span style=\"font-family: verdana, geneva, sans-serif;\">M\u00e9s recursos:<a href=\"https:\/\/sites.google.com\/a\/xtec.cat\/congres-de-ciencia-santa-coloma-gramenet\/recursos\"> VII Congr\u00e9s de ci\u00e8ncia d&#8217;educaci\u00f3 infantil i prim\u00e0ria de Santa Coloma de Gramenet<\/a><\/span><\/strong><\/p>\n<div><\/div>\n","protected":false},"excerpt":{"rendered":"<p>Recursos per comunicar ci\u00e8ncia, investigar a l&#8217;aula i sobre models en ci\u00e8ncia<\/p>\n","protected":false},"author":7,"featured_media":15821,"comment_status":"closed","ping_status":"closed","sticky":false,"template":"","format":"standard","meta":{"_bbp_topic_count":0,"_bbp_reply_count":0,"_bbp_total_topic_count":0,"_bbp_total_reply_count":0,"_bbp_voice_count":0,"_bbp_anonymous_reply_count":0,"_bbp_topic_count_hidden":0,"_bbp_reply_count_hidden":0,"_bbp_forum_subforum_count":0,"site-sidebar-layout":"default","site-content-layout":"","ast-site-content-layout":"","site-content-style":"default","site-sidebar-style":"default","ast-global-header-display":"","ast-banner-title-visibility":"","ast-main-header-display":"","ast-hfb-above-header-display":"","ast-hfb-below-header-display":"","ast-hfb-mobile-header-display":"","site-post-title":"","ast-breadcrumbs-content":"","ast-featured-img":"","footer-sml-layout":"","theme-transparent-header-meta":"","adv-header-id-meta":"","stick-header-meta":"","header-above-stick-meta":"","header-main-stick-meta":"","header-below-stick-meta":"","astra-migrate-meta-layouts":"default","ast-page-background-enabled":"default","ast-page-background-meta":{"desktop":{"background-color":"var(--ast-global-color-4)","background-image":"","background-repeat":"repeat","background-position":"center center","background-size":"auto","background-attachment":"scroll","background-type":"","background-media":"","overlay-type":"","overlay-color":"","overlay-opacity":"","overlay-gradient":""},"tablet":{"background-color":"","background-image":"","background-repeat":"repeat","background-position":"center center","background-size":"auto","background-attachment":"scroll","background-type":"","background-media":"","overlay-type":"","overlay-color":"","overlay-opacity":"","overlay-gradient":""},"mobile":{"background-color":"","background-image":"","background-repeat":"repeat","background-position":"center center","background-size":"auto","background-attachment":"scroll","background-type":"","background-media":"","overlay-type":"","overlay-color":"","overlay-opacity":"","overlay-gradient":""}},"ast-content-background-meta":{"desktop":{"background-color":"var(--ast-global-color-5)","background-image":"","background-repeat":"repeat","background-position":"center center","background-size":"auto","background-attachment":"scroll","background-type":"","background-media":"","overlay-type":"","overlay-color":"","overlay-opacity":"","overlay-gradient":""},"tablet":{"background-color":"var(--ast-global-color-5)","background-image":"","background-repeat":"repeat","background-position":"center center","background-size":"auto","background-attachment":"scroll","background-type":"","background-media":"","overlay-type":"","overlay-color":"","overlay-opacity":"","overlay-gradient":""},"mobile":{"background-color":"var(--ast-global-color-5)","background-image":"","background-repeat":"repeat","background-position":"center center","background-size":"auto","background-attachment":"scroll","background-type":"","background-media":"","overlay-type":"","overlay-color":"","overlay-opacity":"","overlay-gradient":""}},"footnotes":""},"categories":[63,364,65,29,290,76],"tags":[86],"class_list":["post-15819","post","type-post","status-publish","format-standard","has-post-thumbnail","hentry","category-catalegs-tematics","category-competencia-comunicativa","category-crp","category-portada","category-recerca-cientifica","category-recursos","tag-ciencies"],"post_mailing_queue_ids":[],"_links":{"self":[{"href":"https:\/\/serveiseducatius.xtec.cat\/santacolomag\/wp-json\/wp\/v2\/posts\/15819","targetHints":{"allow":["GET"]}}],"collection":[{"href":"https:\/\/serveiseducatius.xtec.cat\/santacolomag\/wp-json\/wp\/v2\/posts"}],"about":[{"href":"https:\/\/serveiseducatius.xtec.cat\/santacolomag\/wp-json\/wp\/v2\/types\/post"}],"author":[{"embeddable":true,"href":"https:\/\/serveiseducatius.xtec.cat\/santacolomag\/wp-json\/wp\/v2\/users\/7"}],"replies":[{"embeddable":true,"href":"https:\/\/serveiseducatius.xtec.cat\/santacolomag\/wp-json\/wp\/v2\/comments?post=15819"}],"version-history":[{"count":2,"href":"https:\/\/serveiseducatius.xtec.cat\/santacolomag\/wp-json\/wp\/v2\/posts\/15819\/revisions"}],"predecessor-version":[{"id":15834,"href":"https:\/\/serveiseducatius.xtec.cat\/santacolomag\/wp-json\/wp\/v2\/posts\/15819\/revisions\/15834"}],"wp:featuredmedia":[{"embeddable":true,"href":"https:\/\/serveiseducatius.xtec.cat\/santacolomag\/wp-json\/wp\/v2\/media\/15821"}],"wp:attachment":[{"href":"https:\/\/serveiseducatius.xtec.cat\/santacolomag\/wp-json\/wp\/v2\/media?parent=15819"}],"wp:term":[{"taxonomy":"category","embeddable":true,"href":"https:\/\/serveiseducatius.xtec.cat\/santacolomag\/wp-json\/wp\/v2\/categories?post=15819"},{"taxonomy":"post_tag","embeddable":true,"href":"https:\/\/serveiseducatius.xtec.cat\/santacolomag\/wp-json\/wp\/v2\/tags?post=15819"}],"curies":[{"name":"wp","href":"https:\/\/api.w.org\/{rel}","templated":true}]}}