{"id":15697,"date":"2021-02-18T09:16:48","date_gmt":"2021-02-18T08:16:48","guid":{"rendered":"http:\/\/serveiseducatius.xtec.cat\/santacolomag\/?p=15697"},"modified":"2021-02-26T10:33:35","modified_gmt":"2021-02-26T09:33:35","slug":"23-02-conferencia-creant-complicitat-amb-les-families-a-carrec-de-silvia-blanch","status":"publish","type":"post","link":"https:\/\/serveiseducatius.xtec.cat\/santacolomag\/general\/23-02-conferencia-creant-complicitat-amb-les-families-a-carrec-de-silvia-blanch\/","title":{"rendered":"23\/02: confer\u00e8ncia\u00a0&#8220;Creant complicitats amb les fam\u00edlies&#8221;, a c\u00e0rrec de S\u00edlvia Blanch"},"content":{"rendered":"<p><span style=\"color: #333333;\"><b style=\"font-family: 'Open Sans', Arial, Helvetica, sans-serif;\"><a href=\"https:\/\/serveiseducatius.xtec.cat\/santacolomag\/wp-content\/uploads\/usu1183\/2021\/02\/blanch-silvia_bn.jpg\"><img loading=\"lazy\" decoding=\"async\" class=\"alignleft wp-image-15699\" src=\"https:\/\/serveiseducatius.xtec.cat\/santacolomag\/wp-content\/uploads\/usu1183\/2021\/02\/blanch-silvia_bn.jpg\" alt=\"\" width=\"184\" height=\"185\" \/><\/a>Dimarts 23 de febrer:\u00a0<span style=\"font-size: 12pt;\">Confer\u00e8ncia\u00a0<\/span><em>Creant complicitats amb les fam\u00edlies<\/em><\/b><\/span><br style=\"color: #444444; font-family: 'Open Sans', Arial, Helvetica, sans-serif;\" \/><span style=\"color: #333333; font-family: 'Open Sans', Arial, Helvetica, sans-serif; font-size: 12pt;\"><i><br \/>\nLes fam\u00edlies s\u00f3n les referents i les primeres educadores dels infants. Com a tals, des dels centres educatius t\u00e9 sentit el promoure i crear complicitats amb les fam\u00edlies de formes diverses per poder acompanyar als infants de la millor manera possible. La situaci\u00f3 actual ha estroncat algunes de les formes de relacionar-nos amb les fam\u00edlies, per\u00f2 tamb\u00e9 se n\u2019han creat d\u2019altres. En aquesta xerrada compartirem entre totes, per qu\u00e8 \u00e9s important promoure la col\u00b7laboraci\u00f3 i tamb\u00e9 algunes estrat\u00e8gies per caminar cap a la partenarietat escola-fam\u00edlia.<br \/>\n<\/i><br \/>\n<\/span><span style=\"font-size: 12pt;\">Confer\u00e8ncia a c\u00e0rrec de\u00a0<a href=\"https:\/\/grupsderecerca.uab.cat\/erife\/content\/s%C3%ADlvia-blanch-gelabert-0\" target=\"_blank\" rel=\"noopener noreferrer\"><strong>S\u00edlvia Blanch Gelabert<\/strong><\/a>, doctora en Psicologia de l\u2019Educaci\u00f3, professora del departament de Psicologia B\u00e0sica, Evolutiva i de l\u2019Educaci\u00f3 de la facultat de Ci\u00e8ncies de l\u2019Educaci\u00f3 de la UAB; codirectora de l\u2019Equip de recerca <a href=\"https:\/\/grupsderecerca.uab.cat\/erife\/\" target=\"_blank\" rel=\"noopener noreferrer\">ERIFE<\/a>\u00a0i membre del grup d\u2019infantil de l\u2019ICE de la UAB, del\u00a0<a href=\"https:\/\/www.uab.cat\/web\/SINTE--Seminari-Interuniversitari-d-Investigacio-en-Estrategies-d-Ensenyament-i-Aprenentage-1225179282573.html\" target=\"_blank\" rel=\"noopener noreferrer\">SINTE<\/a>\u00a0i del\u00a0<a href=\"http:\/\/espaibes.cat\/\" target=\"_blank\" rel=\"noopener noreferrer\">BES<\/a>.<\/span><\/p>\n<p>Aquesta confer\u00e8ncia forma part de la <a style=\"color: #333333;\" href=\"https:\/\/serveiseducatius.xtec.cat\/santacolomag\/general\/xv-jornades-deducacio-infantil-0-6-anys\/\" target=\"_blank\" rel=\"noopener noreferrer\">XV Jornada d&#8217;Educaci\u00f3 Infantil.<\/a><br \/>\nHorari:<b>\u00a0de 18 a 20h<br \/>\n<\/b>Emissi\u00f3 pel\u00a0<a href=\"https:\/\/www.youtube.com\/watch?v=j3cOB0vx1lI\" target=\"_blank\" rel=\"noopener noreferrer\">canal de Youtube del Servei Educatiu<\/a><br \/>\nInscripci\u00f3 a les Jornades<\/p>\n","protected":false},"excerpt":{"rendered":"<p>En el marc de la XV Jornada d&#8217;Educaci\u00f3 infantil. S&#8217;emetr\u00e0 pel canal de Youtube del Servei Educatiu, de 18 a 20h.<\/p>\n","protected":false},"author":7,"featured_media":15699,"comment_status":"closed","ping_status":"closed","sticky":false,"template":"","format":"standard","meta":{"_bbp_topic_count":0,"_bbp_reply_count":0,"_bbp_total_topic_count":0,"_bbp_total_reply_count":0,"_bbp_voice_count":0,"_bbp_anonymous_reply_count":0,"_bbp_topic_count_hidden":0,"_bbp_reply_count_hidden":0,"_bbp_forum_subforum_count":0,"site-sidebar-layout":"default","site-content-layout":"","ast-site-content-layout":"","site-content-style":"default","site-sidebar-style":"default","ast-global-header-display":"","ast-banner-title-visibility":"","ast-main-header-display":"","ast-hfb-above-header-display":"","ast-hfb-below-header-display":"","ast-hfb-mobile-header-display":"","site-post-title":"","ast-breadcrumbs-content":"","ast-featured-img":"","footer-sml-layout":"","theme-transparent-header-meta":"","adv-header-id-meta":"","stick-header-meta":"","header-above-stick-meta":"","header-main-stick-meta":"","header-below-stick-meta":"","astra-migrate-meta-layouts":"default","ast-page-background-enabled":"default","ast-page-background-meta":{"desktop":{"background-color":"var(--ast-global-color-4)","background-image":"","background-repeat":"repeat","background-position":"center center","background-size":"auto","background-attachment":"scroll","background-type":"","background-media":"","overlay-type":"","overlay-color":"","overlay-opacity":"","overlay-gradient":""},"tablet":{"background-color":"","background-image":"","background-repeat":"repeat","background-position":"center center","background-size":"auto","background-attachment":"scroll","background-type":"","background-media":"","overlay-type":"","overlay-color":"","overlay-opacity":"","overlay-gradient":""},"mobile":{"background-color":"","background-image":"","background-repeat":"repeat","background-position":"center center","background-size":"auto","background-attachment":"scroll","background-type":"","background-media":"","overlay-type":"","overlay-color":"","overlay-opacity":"","overlay-gradient":""}},"ast-content-background-meta":{"desktop":{"background-color":"var(--ast-global-color-5)","background-image":"","background-repeat":"repeat","background-position":"center center","background-size":"auto","background-attachment":"scroll","background-type":"","background-media":"","overlay-type":"","overlay-color":"","overlay-opacity":"","overlay-gradient":""},"tablet":{"background-color":"var(--ast-global-color-5)","background-image":"","background-repeat":"repeat","background-position":"center center","background-size":"auto","background-attachment":"scroll","background-type":"","background-media":"","overlay-type":"","overlay-color":"","overlay-opacity":"","overlay-gradient":""},"mobile":{"background-color":"var(--ast-global-color-5)","background-image":"","background-repeat":"repeat","background-position":"center center","background-size":"auto","background-attachment":"scroll","background-type":"","background-media":"","overlay-type":"","overlay-color":"","overlay-opacity":"","overlay-gradient":""}},"footnotes":""},"categories":[65,67,68,1,153,29],"tags":[163,302],"class_list":["post-15697","post","type-post","status-publish","format-standard","has-post-thumbnail","hentry","category-crp","category-eap","category-elic","category-general","category-pfz","category-portada","tag-educacio-infantil","tag-jornada"],"post_mailing_queue_ids":[],"_links":{"self":[{"href":"https:\/\/serveiseducatius.xtec.cat\/santacolomag\/wp-json\/wp\/v2\/posts\/15697","targetHints":{"allow":["GET"]}}],"collection":[{"href":"https:\/\/serveiseducatius.xtec.cat\/santacolomag\/wp-json\/wp\/v2\/posts"}],"about":[{"href":"https:\/\/serveiseducatius.xtec.cat\/santacolomag\/wp-json\/wp\/v2\/types\/post"}],"author":[{"embeddable":true,"href":"https:\/\/serveiseducatius.xtec.cat\/santacolomag\/wp-json\/wp\/v2\/users\/7"}],"replies":[{"embeddable":true,"href":"https:\/\/serveiseducatius.xtec.cat\/santacolomag\/wp-json\/wp\/v2\/comments?post=15697"}],"version-history":[{"count":4,"href":"https:\/\/serveiseducatius.xtec.cat\/santacolomag\/wp-json\/wp\/v2\/posts\/15697\/revisions"}],"predecessor-version":[{"id":15730,"href":"https:\/\/serveiseducatius.xtec.cat\/santacolomag\/wp-json\/wp\/v2\/posts\/15697\/revisions\/15730"}],"wp:featuredmedia":[{"embeddable":true,"href":"https:\/\/serveiseducatius.xtec.cat\/santacolomag\/wp-json\/wp\/v2\/media\/15699"}],"wp:attachment":[{"href":"https:\/\/serveiseducatius.xtec.cat\/santacolomag\/wp-json\/wp\/v2\/media?parent=15697"}],"wp:term":[{"taxonomy":"category","embeddable":true,"href":"https:\/\/serveiseducatius.xtec.cat\/santacolomag\/wp-json\/wp\/v2\/categories?post=15697"},{"taxonomy":"post_tag","embeddable":true,"href":"https:\/\/serveiseducatius.xtec.cat\/santacolomag\/wp-json\/wp\/v2\/tags?post=15697"}],"curies":[{"name":"wp","href":"https:\/\/api.w.org\/{rel}","templated":true}]}}