{"id":15189,"date":"2021-01-18T09:33:11","date_gmt":"2021-01-18T08:33:11","guid":{"rendered":"http:\/\/serveiseducatius.xtec.cat\/santacolomag\/?p=15189"},"modified":"2021-02-03T13:20:44","modified_gmt":"2021-02-03T12:20:44","slug":"02-02-conferencia-leducacio-online-llums-ombres-i-algun-mite-trencat-a-carrec-dalbert-sangra","status":"publish","type":"post","link":"https:\/\/serveiseducatius.xtec.cat\/santacolomag\/general\/02-02-conferencia-leducacio-online-llums-ombres-i-algun-mite-trencat-a-carrec-dalbert-sangra\/","title":{"rendered":"V\u00eddeo de la confer\u00e8ncia &#8220;L&#8217;educaci\u00f3 online: llums, ombres i algun mite trencat&#8221;, a c\u00e0rrec d&#8217;Albert Sangr\u00e0"},"content":{"rendered":"<p><img loading=\"lazy\" decoding=\"async\" class=\"alignleft wp-image-15192 size-thumbnail\" src=\"https:\/\/serveiseducatius.xtec.cat\/santacolomag\/wp-content\/uploads\/usu1183\/2021\/01\/AS_Front-150x150.jpg\" alt=\"\" width=\"150\" height=\"150\" \/>Confer\u00e8ncia: &#8220;L&#8217;educaci\u00f3 online: llums, ombres i algun mite trencat&#8221;, a c\u00e0rrec d&#8217;Albert Sangr\u00e0.<\/p>\n<p><strong>Dimarts 2 de febrer, de 17.30h a 19.15h<\/strong><span style=\"font-family: inherit; font-size: 1em;\"><br \/>\n<\/span><span style=\"font-family: inherit; font-size: 1em;\"><strong><a href=\"https:\/\/youtu.be\/RMg0O6EfbnE?t=3\">Enlla\u00e7 a la videoconfer\u00e8ncia<\/a><br \/>\n<\/strong><\/span><\/p>\n<p>&nbsp;<\/p>\n<p><a href=\"https:\/\/drive.google.com\/file\/d\/1el3nQrQCGT2f-5UZY0Q0z-wxzQhu6N2y\/view\" target=\"_blank\" rel=\"noopener noreferrer\"><img loading=\"lazy\" decoding=\"async\" class=\"alignleft wp-image-15343\" src=\"https:\/\/serveiseducatius.xtec.cat\/santacolomag\/wp-content\/uploads\/usu1183\/2021\/01\/presentaci\u00f3_AS-300x165.png\" alt=\"\" width=\"320\" height=\"176\" \/><\/a><\/p>\n<p><span style=\"font-weight: 400;\">L&#8217;educaci\u00f3 online ha aparegut en les nostres vides, fins i tot per a aquelles persones que mai havien pensat que els pogu\u00e9s afectar a elles. Des de l&#8217;acceptaci\u00f3 que no necess\u00e0riament l&#8217;educaci\u00f3 online ha de prevaldre sobre la presencial, cal valorar el seu potencial de donar suport a una situaci\u00f3 extrema, i de desencadenant de processos d&#8217;innovaci\u00f3 en les maneres d&#8217;ensenyar i aprendre. Per\u00f2, \u00e9s educaci\u00f3 online el que hem fet durant la pand\u00e8mia?<br \/>\nQuins s\u00f3n els elements i els tributs que ens permetrien aplicar models d&#8217;educaci\u00f3 online (o h\u00edbrids) que milloressin la nostra doc\u00e8ncia? I sobretot, els docents som &#8220;replicants&#8221; que hem de fer el mateix en qualsevol context i escenari?\u00a0<\/span><\/p>\n<p>Albert Sangr\u00e0 \u00e9s el director de la <a href=\"https:\/\/unescochair.blogs.uoc.edu\/ca\/\" target=\"_blank\" rel=\"noopener noreferrer\">C\u00e0tedra UNESCO en Educaci\u00f3 i Tecnologia per al Canvi Social<\/a> a la <a href=\"https:\/\/www.uoc.edu\/portal\/ca\/index.html\" target=\"_blank\" rel=\"noopener noreferrer\">Universitat Oberta de Catalunya<\/a><span style=\"font-weight: 400;\"> (UOC). \u00c9s investigador del grup consolidat <\/span><a href=\"https:\/\/edulab.uoc.edu\/ca\" target=\"_blank\" rel=\"noopener noreferrer\"><span style=\"font-weight: 400;\">Edul@b<\/span><\/a><span style=\"font-weight: 400;\"> i professor <\/span>catedr\u00e0tic dels Estudis de Psicologia i Ci\u00e8ncies de l&#8217;Educaci\u00f3<span style=\"font-weight: 400;\">. <\/span><span style=\"font-family: inherit; font-size: 1em;\">Membre de l\u2019equip fundador de la UOC.<br \/>\nLes seves principals \u00e0rees d&#8217;investigaci\u00f3 s\u00f3n els usos de les TIC en l&#8217;educaci\u00f3 i la formaci\u00f3 i, en particular, les pol\u00edtiques, l&#8217;organitzaci\u00f3, la gesti\u00f3 i el lideratge en la implementaci\u00f3 de l\u2019educaci\u00f3 online i la garantia de la seva qualitat, i el desenvolupament professional docent per a l&#8217;ensenyament en l\u00ednia.<\/span><\/p>\n<p>Vegeu:<\/p>\n<ul>\n<li><a href=\"https:\/\/drive.google.com\/file\/d\/1el3nQrQCGT2f-5UZY0Q0z-wxzQhu6N2y\/view\" target=\"_blank\" rel=\"noopener noreferrer\">Material de suport a la presentaci\u00f3<\/a><\/li>\n<li><a href=\"http:\/\/openaccess.uoc.edu\/webapps\/o2\/bitstream\/10609\/122307\/1\/9788491807766_no_venal.pdf\" target=\"_blank\" rel=\"noopener noreferrer\">Dec\u00e1logo para la mejora de la docencia <i>online<\/i>.\u00a0Propuestas para educar en contextos presenciales discontinuos<\/a><\/li>\n<li><a href=\"http:\/\/edulab.uoc.edu\/ca\/\" target=\"_blank\" rel=\"noopener noreferrer\" data-saferedirecturl=\"https:\/\/www.google.com\/url?q=http:\/\/edulab.uoc.edu\/ca\/&amp;source=gmail&amp;ust=1612433558087000&amp;usg=AFQjCNHDBT6cvsA1cpsl-e66sCv8N9Kf3Q\">Grup de recerca Edul@b<\/a><\/li>\n<\/ul>\n<hr \/>\n<p>Aquesta confer\u00e8ncia \u00e9s la primera del cicle &#8220;<a href=\"https:\/\/serveiseducatius.xtec.cat\/santacolomag\/cicle-de-conferencies-la-meva-area-necessita-de-les-altres\/\" target=\"_blank\" rel=\"noopener noreferrer\">La meva \u00e0rea necessita de les altres<\/a>&#8220;.<\/p>\n","protected":false},"excerpt":{"rendered":"<p>Confer\u00e8ncia a c\u00e0rrec d&#8217;Albert Sangr\u00e0. Dimarts 2 de febrer, de 17.30h a 19.15h<\/p>\n","protected":false},"author":7,"featured_media":15192,"comment_status":"closed","ping_status":"closed","sticky":false,"template":"","format":"standard","meta":{"_bbp_topic_count":0,"_bbp_reply_count":0,"_bbp_total_topic_count":0,"_bbp_total_reply_count":0,"_bbp_voice_count":0,"_bbp_anonymous_reply_count":0,"_bbp_topic_count_hidden":0,"_bbp_reply_count_hidden":0,"_bbp_forum_subforum_count":0,"site-sidebar-layout":"default","site-content-layout":"","ast-site-content-layout":"","site-content-style":"default","site-sidebar-style":"default","ast-global-header-display":"","ast-banner-title-visibility":"","ast-main-header-display":"","ast-hfb-above-header-display":"","ast-hfb-below-header-display":"","ast-hfb-mobile-header-display":"","site-post-title":"","ast-breadcrumbs-content":"","ast-featured-img":"","footer-sml-layout":"","theme-transparent-header-meta":"","adv-header-id-meta":"","stick-header-meta":"","header-above-stick-meta":"","header-main-stick-meta":"","header-below-stick-meta":"","astra-migrate-meta-layouts":"default","ast-page-background-enabled":"default","ast-page-background-meta":{"desktop":{"background-color":"var(--ast-global-color-4)","background-image":"","background-repeat":"repeat","background-position":"center center","background-size":"auto","background-attachment":"scroll","background-type":"","background-media":"","overlay-type":"","overlay-color":"","overlay-opacity":"","overlay-gradient":""},"tablet":{"background-color":"","background-image":"","background-repeat":"repeat","background-position":"center center","background-size":"auto","background-attachment":"scroll","background-type":"","background-media":"","overlay-type":"","overlay-color":"","overlay-opacity":"","overlay-gradient":""},"mobile":{"background-color":"","background-image":"","background-repeat":"repeat","background-position":"center center","background-size":"auto","background-attachment":"scroll","background-type":"","background-media":"","overlay-type":"","overlay-color":"","overlay-opacity":"","overlay-gradient":""}},"ast-content-background-meta":{"desktop":{"background-color":"var(--ast-global-color-5)","background-image":"","background-repeat":"repeat","background-position":"center center","background-size":"auto","background-attachment":"scroll","background-type":"","background-media":"","overlay-type":"","overlay-color":"","overlay-opacity":"","overlay-gradient":""},"tablet":{"background-color":"var(--ast-global-color-5)","background-image":"","background-repeat":"repeat","background-position":"center center","background-size":"auto","background-attachment":"scroll","background-type":"","background-media":"","overlay-type":"","overlay-color":"","overlay-opacity":"","overlay-gradient":""},"mobile":{"background-color":"var(--ast-global-color-5)","background-image":"","background-repeat":"repeat","background-position":"center center","background-size":"auto","background-attachment":"scroll","background-type":"","background-media":"","overlay-type":"","overlay-color":"","overlay-opacity":"","overlay-gradient":""}},"footnotes":""},"categories":[65,78,154,1,153,29,434],"tags":[438,215,44],"class_list":["post-15189","post","type-post","status-publish","format-standard","has-post-thumbnail","hentry","category-crp","category-cd","category-formacio","category-general","category-pfz","category-portada","category-reflexio","tag-conferencia","tag-formacio-permanent-del-professorat","tag-xerrades"],"post_mailing_queue_ids":[],"_links":{"self":[{"href":"https:\/\/serveiseducatius.xtec.cat\/santacolomag\/wp-json\/wp\/v2\/posts\/15189","targetHints":{"allow":["GET"]}}],"collection":[{"href":"https:\/\/serveiseducatius.xtec.cat\/santacolomag\/wp-json\/wp\/v2\/posts"}],"about":[{"href":"https:\/\/serveiseducatius.xtec.cat\/santacolomag\/wp-json\/wp\/v2\/types\/post"}],"author":[{"embeddable":true,"href":"https:\/\/serveiseducatius.xtec.cat\/santacolomag\/wp-json\/wp\/v2\/users\/7"}],"replies":[{"embeddable":true,"href":"https:\/\/serveiseducatius.xtec.cat\/santacolomag\/wp-json\/wp\/v2\/comments?post=15189"}],"version-history":[{"count":3,"href":"https:\/\/serveiseducatius.xtec.cat\/santacolomag\/wp-json\/wp\/v2\/posts\/15189\/revisions"}],"predecessor-version":[{"id":15345,"href":"https:\/\/serveiseducatius.xtec.cat\/santacolomag\/wp-json\/wp\/v2\/posts\/15189\/revisions\/15345"}],"wp:featuredmedia":[{"embeddable":true,"href":"https:\/\/serveiseducatius.xtec.cat\/santacolomag\/wp-json\/wp\/v2\/media\/15192"}],"wp:attachment":[{"href":"https:\/\/serveiseducatius.xtec.cat\/santacolomag\/wp-json\/wp\/v2\/media?parent=15189"}],"wp:term":[{"taxonomy":"category","embeddable":true,"href":"https:\/\/serveiseducatius.xtec.cat\/santacolomag\/wp-json\/wp\/v2\/categories?post=15189"},{"taxonomy":"post_tag","embeddable":true,"href":"https:\/\/serveiseducatius.xtec.cat\/santacolomag\/wp-json\/wp\/v2\/tags?post=15189"}],"curies":[{"name":"wp","href":"https:\/\/api.w.org\/{rel}","templated":true}]}}