{"id":14912,"date":"2020-12-21T08:45:55","date_gmt":"2020-12-21T07:45:55","guid":{"rendered":"http:\/\/serveiseducatius.xtec.cat\/santacolomag\/?p=14912"},"modified":"2020-12-21T08:57:49","modified_gmt":"2020-12-21T07:57:49","slug":"coeducat-amb-el-curriculum","status":"publish","type":"post","link":"https:\/\/serveiseducatius.xtec.cat\/santacolomag\/portada\/coeducat-amb-el-curriculum\/","title":{"rendered":"Noves activitats i materials de COEDUCA&#8217;T Amb el curr\u00edculum"},"content":{"rendered":"<p><span style=\"font-size: 14pt;\"><a href=\"https:\/\/serveiseducatius.xtec.cat\/santacolomag\/wp-content\/uploads\/usu1183\/2020\/10\/a10-508x457.png\"><img loading=\"lazy\" decoding=\"async\" class=\"alignleft wp-image-14913\" src=\"https:\/\/serveiseducatius.xtec.cat\/santacolomag\/wp-content\/uploads\/usu1183\/2020\/10\/a10-508x457-150x150.png\" alt=\"\" width=\"176\" height=\"176\" \/><\/a><\/span><\/p>\n<p><span style=\"font-size: 14pt;\">Amb l\u2019objectiu \u00e9s avan\u00e7ar cap a un model de sistema educatiu inclusiu, que incorpori la igualtat de g\u00e8nere i la coeducaci\u00f3, El Departament D&#8217;Educaci\u00f3 ha creat un<strong><a href=\"https:\/\/blocs.xtec.cat\/coeducacioiigualtat\/?_ga=2.143292796.81591569.1603980091-515784478.1579424156\"> blog del Programa Coeduca&#8217;t,<\/a><\/strong> que aplega recursos, propostes de formaci\u00f3 i materials educatius creats per diferents associacions sobre: DRETS, EDUCACI\u00d3 AFECTIVO-SEXUAL i COEDUCACI\u00d3 AUDIVISUALS .<\/span><\/p>\n<p><span style=\"font-size: 14pt;\">S&#8217;adre\u00e7a a professorat, alumnat i fam\u00edlies i a tots els nivells educatius.<\/span><\/p>\n<p><strong><span style=\"font-size: 24pt;\">Noves activitats<\/span> <\/strong>de formaci\u00f3 pel professorat de Barcelona Comarques <strong>(COEDUCA&#8217;T Amb el curr\u00edculum) Inscripci\u00f3 oberta a partir del 8 de gener<\/strong><\/p>\n<p><span style=\"font-family: arial, helvetica, geneva; font-size: small;\">2005030509<\/span>\u00a0<b><a href=\"https:\/\/aplicacions.gestioeducativa.gencat.cat\/pls\/soloas\/pk_for_mod_ins.p_for_detall_activitat?p_header=Llista%20d%27activitats%5Epk_for_mod_ins.p_for_cons_activitats?p_any=2020-2021%26p_totes=N%26p_desc=Coeduca%2527t%2520amb%2520el%2520curr%C3%ADculum%26p_inici=1%26p_excloure_crp_rec=T&amp;p_codi=2005030509&amp;p_curs=2020-2021&amp;p_excloure_crp_rec=T\" target=\"_blank\" rel=\"noopener noreferrer\" data-saferedirecturl=\"https:\/\/www.google.com\/url?q=https:\/\/aplicacions.gestioeducativa.gencat.cat\/pls\/soloas\/pk_for_mod_ins.p_for_detall_activitat?p_header%3DLlista%2520d%2527activitats%255Epk_for_mod_ins.p_for_cons_activitats?p_any%3D2020-2021%2526p_totes%3DN%2526p_desc%3DCoeduca%252527t%252520amb%252520el%252520curr%25C3%25ADculum%2526p_inici%3D1%2526p_excloure_crp_rec%3DT%26p_codi%3D2005030509%26p_curs%3D2020-2021%26p_excloure_crp_rec%3DT&amp;source=gmail&amp;ust=1608297132163000&amp;usg=AFQjCNGvyVCLx1E7FuZCSjQBDbmpvMuyew\">Coeduca&#8217;t amb el curr\u00edculum<\/a><\/b>\u00a0(del 26\/01\/2021 al 09\/03\/2021 de 17:30 a 19:30)<\/p>\n<p><b><\/b><span style=\"font-family: arial, helvetica, geneva; font-size: small;\">2005040509\u00a0<\/span>\u00a0<b><a href=\"https:\/\/aplicacions.gestioeducativa.gencat.cat\/pls\/soloas\/pk_for_mod_ins.p_for_detall_activitat?p_header=Llista%20d%27activitats%5Epk_for_mod_ins.p_for_cons_activitats?p_any=2020-2021%26p_totes=N%26p_desc=Coeduca%2527t%2520amb%2520el%2520curr%C3%ADculum%26p_inici=1%26p_excloure_crp_rec=T&amp;p_codi=2005040509&amp;p_curs=2020-2021&amp;p_excloure_crp_rec=T\" target=\"_blank\" rel=\"noopener noreferrer\" data-saferedirecturl=\"https:\/\/www.google.com\/url?q=https:\/\/aplicacions.gestioeducativa.gencat.cat\/pls\/soloas\/pk_for_mod_ins.p_for_detall_activitat?p_header%3DLlista%2520d%2527activitats%255Epk_for_mod_ins.p_for_cons_activitats?p_any%3D2020-2021%2526p_totes%3DN%2526p_desc%3DCoeduca%252527t%252520amb%252520el%252520curr%25C3%25ADculum%2526p_inici%3D1%2526p_excloure_crp_rec%3DT%26p_codi%3D2005040509%26p_curs%3D2020-2021%26p_excloure_crp_rec%3DT&amp;source=gmail&amp;ust=1608297132163000&amp;usg=AFQjCNG6T6A28a11fPJ7GxaR-S4WLBJkLw\">Coeduca&#8217;t amb el curr\u00edculum<\/a><\/b>\u00a0(del 26\/01\/2021 al 09\/03\/2021 de 17:30 a 19:30)<\/p>\n<p><span style=\"font-family: arial, helvetica, geneva; font-size: small;\">2005050509<\/span>\u00a0<span style=\"font-family: helvetica, arial, sans-serif; font-size: 12pt;\"><b><a href=\"https:\/\/aplicacions.gestioeducativa.gencat.cat\/pls\/soloas\/pk_for_mod_ins.p_for_detall_activitat?p_header=Llista%20d%27activitats%5Epk_for_mod_ins.p_for_cons_activitats?p_any=2020-2021%26p_totes=N%26p_desc=Coeduca%2527t%2520amb%2520el%2520curr%C3%ADculum%26p_inici=1%26p_excloure_crp_rec=T&amp;p_codi=2005050509&amp;p_curs=2020-2021&amp;p_excloure_crp_rec=T\" target=\"_blank\" rel=\"noopener noreferrer\" data-saferedirecturl=\"https:\/\/www.google.com\/url?q=https:\/\/aplicacions.gestioeducativa.gencat.cat\/pls\/soloas\/pk_for_mod_ins.p_for_detall_activitat?p_header%3DLlista%2520d%2527activitats%255Epk_for_mod_ins.p_for_cons_activitats?p_any%3D2020-2021%2526p_totes%3DN%2526p_desc%3DCoeduca%252527t%252520amb%252520el%252520curr%25C3%25ADculum%2526p_inici%3D1%2526p_excloure_crp_rec%3DT%26p_codi%3D2005050509%26p_curs%3D2020-2021%26p_excloure_crp_rec%3DT&amp;source=gmail&amp;ust=1608297132163000&amp;usg=AFQjCNGC2AVdeBXRl0nVX034mFg2qoYKcQ\">Coeduca&#8217;t amb el curr\u00edculum <\/a><\/b><\/span>(del 10\/03\/2021 al 02\/06\/2021 de 17:30 a 19:30)<\/p>\n<p>&nbsp;<\/p>\n<p>Altres enlla\u00e7os d&#8217;inter\u00e8s:<\/p>\n<ul>\n<li dir=\"ltr\">\n<p dir=\"ltr\"><a href=\"https:\/\/teiximxarxes.cat\/recurs\/material-i-recursos-treballar-la-coeducaci%C3%B3\" target=\"_blank\" rel=\"noopener noreferrer\" data-saferedirecturl=\"https:\/\/www.google.com\/url?q=https:\/\/teiximxarxes.cat\/recurs\/material-i-recursos-treballar-la-coeducaci%25C3%25B3&amp;source=gmail&amp;ust=1604575202620000&amp;usg=AFQjCNEy3ZUwARw-Jai2Hc3uBhlxJwOArA\">Materials i recursos per treballar la coeducaci\u00f3.<\/a> Teixim Xarxes<\/p>\n<\/li>\n<\/ul>\n<ul>\n<li dir=\"ltr\">\n<p dir=\"ltr\"><a href=\"https:\/\/ajuntament.barcelona.cat\/ciutatvella\/sites\/default\/files\/plenari\/fitxers\/guiacontes_mail.pdf\" target=\"_blank\" rel=\"noopener noreferrer\" data-saferedirecturl=\"https:\/\/www.google.com\/url?q=https:\/\/ajuntament.barcelona.cat\/ciutatvella\/sites\/default\/files\/plenari\/fitxers\/guiacontes_mail.pdf&amp;source=gmail&amp;ust=1604575202620000&amp;usg=AFQjCNFJ2WOs_JwPfCDuavU1deJpkywi9A\">Explica\u2019m un conte. Coeducar en la petita inf\u00e0ncia a trav\u00e9s dels contes<\/a>.<br \/>\nAjuntament de Barcelona<\/p>\n<\/li>\n<li dir=\"ltr\">\n<p dir=\"ltr\"><a href=\"https:\/\/www.cornella.cat\/files\/contenidos\/Dona\/contes_no_sexistes.pdf\" target=\"_blank\" rel=\"noopener noreferrer\" data-saferedirecturl=\"https:\/\/www.google.com\/url?q=https:\/\/www.cornella.cat\/files\/contenidos\/Dona\/contes_no_sexistes.pdf&amp;source=gmail&amp;ust=1604575202620000&amp;usg=AFQjCNENVrjZnv-QX7QbwDk7PEf1Hi3TmQ\">Guia de contes i educaci\u00f3 infantil no sexista<br \/>\n<\/a>Ajuntament del Prat de Llobregat<\/p>\n<\/li>\n<\/ul>\n<ul>\n<li dir=\"ltr\">\n<p dir=\"ltr\"><a href=\"http:\/\/xtec.gencat.cat\/ca\/curriculum\/coeducacio\/\" target=\"_blank\" rel=\"noopener noreferrer\" data-saferedirecturl=\"https:\/\/www.google.com\/url?q=http:\/\/xtec.gencat.cat\/ca\/curriculum\/coeducacio\/&amp;source=gmail&amp;ust=1604575202620000&amp;usg=AFQjCNHTzbyQzkB6imilnaKvEOIBISSvTQ\">Coeducaci\u00f3 i igualtat de g\u00e8nere<\/a> Xtec<\/p>\n<\/li>\n<li dir=\"ltr\">\n<p dir=\"ltr\"><a href=\"https:\/\/serveiseducatius.xtec.cat\/santacolomag\/coeducacio\/\" target=\"_blank\" rel=\"noopener noreferrer\" data-saferedirecturl=\"https:\/\/www.google.com\/url?q=https:\/\/serveiseducatius.xtec.cat\/santacolomag\/coeducacio\/&amp;source=gmail&amp;ust=1604575202620000&amp;usg=AFQjCNELhr5Cyw84tw6jRu9M39rtX5GXmQ\">Coeducaci\u00f3 <\/a>web del CRP<\/p>\n<\/li>\n<li dir=\"ltr\">\n<p dir=\"ltr\">Maletes pedag\u00f2giques al CRP i guies did\u00e0ctiques: online<\/p>\n<ul>\n<li dir=\"ltr\">\n<p dir=\"ltr\">Carter Joliu i <a href=\"https:\/\/drive.google.com\/file\/d\/0B7J2wtKTJ0CvSE5ReVlaaTNHeVk\/view\" target=\"_blank\" rel=\"noopener noreferrer\" data-saferedirecturl=\"https:\/\/www.google.com\/url?q=https:\/\/drive.google.com\/file\/d\/0B7J2wtKTJ0CvSE5ReVlaaTNHeVk\/view&amp;source=gmail&amp;ust=1604575202620000&amp;usg=AFQjCNGbAaSzm0r74_ILtypfY7xSNbgCXg\">guia did\u00e0ctica Contes per pensar<\/a><\/p>\n<\/li>\n<li dir=\"ltr\">\n<p dir=\"ltr\">Contes d\u2019Andersen i guia <a href=\"http:\/\/www.grupiref.org\/documents\/Andersen-2013-CATALA.pdf\" target=\"_blank\" rel=\"noopener noreferrer\" data-saferedirecturl=\"https:\/\/www.google.com\/url?q=http:\/\/www.grupiref.org\/documents\/Andersen-2013-CATALA.pdf&amp;source=gmail&amp;ust=1604575202620000&amp;usg=AFQjCNFuPF7zoIVs5AWn4vyWycbuyUHW7g\">Actualitzem Andersen<\/a><\/p>\n<\/li>\n<\/ul>\n<\/li>\n<\/ul>\n<p>&nbsp;<\/p>\n","protected":false},"excerpt":{"rendered":"<p>Noves activitats de formaci\u00f3 pel professorat de Barcelona Comarques (COEDUCA&#8217;T Amb el curr\u00edculum) Inscripci\u00f3 oberta a partir del 8 de gener<\/p>\n","protected":false},"author":7,"featured_media":14913,"comment_status":"closed","ping_status":"closed","sticky":false,"template":"","format":"standard","meta":{"_bbp_topic_count":0,"_bbp_reply_count":0,"_bbp_total_topic_count":0,"_bbp_total_reply_count":0,"_bbp_voice_count":0,"_bbp_anonymous_reply_count":0,"_bbp_topic_count_hidden":0,"_bbp_reply_count_hidden":0,"_bbp_forum_subforum_count":0,"site-sidebar-layout":"default","site-content-layout":"","ast-site-content-layout":"","site-content-style":"default","site-sidebar-style":"default","ast-global-header-display":"","ast-banner-title-visibility":"","ast-main-header-display":"","ast-hfb-above-header-display":"","ast-hfb-below-header-display":"","ast-hfb-mobile-header-display":"","site-post-title":"","ast-breadcrumbs-content":"","ast-featured-img":"","footer-sml-layout":"","theme-transparent-header-meta":"","adv-header-id-meta":"","stick-header-meta":"","header-above-stick-meta":"","header-main-stick-meta":"","header-below-stick-meta":"","astra-migrate-meta-layouts":"default","ast-page-background-enabled":"default","ast-page-background-meta":{"desktop":{"background-color":"var(--ast-global-color-4)","background-image":"","background-repeat":"repeat","background-position":"center center","background-size":"auto","background-attachment":"scroll","background-type":"","background-media":"","overlay-type":"","overlay-color":"","overlay-opacity":"","overlay-gradient":""},"tablet":{"background-color":"","background-image":"","background-repeat":"repeat","background-position":"center center","background-size":"auto","background-attachment":"scroll","background-type":"","background-media":"","overlay-type":"","overlay-color":"","overlay-opacity":"","overlay-gradient":""},"mobile":{"background-color":"","background-image":"","background-repeat":"repeat","background-position":"center center","background-size":"auto","background-attachment":"scroll","background-type":"","background-media":"","overlay-type":"","overlay-color":"","overlay-opacity":"","overlay-gradient":""}},"ast-content-background-meta":{"desktop":{"background-color":"var(--ast-global-color-5)","background-image":"","background-repeat":"repeat","background-position":"center center","background-size":"auto","background-attachment":"scroll","background-type":"","background-media":"","overlay-type":"","overlay-color":"","overlay-opacity":"","overlay-gradient":""},"tablet":{"background-color":"var(--ast-global-color-5)","background-image":"","background-repeat":"repeat","background-position":"center center","background-size":"auto","background-attachment":"scroll","background-type":"","background-media":"","overlay-type":"","overlay-color":"","overlay-opacity":"","overlay-gradient":""},"mobile":{"background-color":"var(--ast-global-color-5)","background-image":"","background-repeat":"repeat","background-position":"center center","background-size":"auto","background-attachment":"scroll","background-type":"","background-media":"","overlay-type":"","overlay-color":"","overlay-opacity":"","overlay-gradient":""}},"footnotes":""},"categories":[65,154,29,76],"tags":[37,325,287,285],"class_list":["post-14912","post","type-post","status-publish","format-standard","has-post-thumbnail","hentry","category-crp","category-formacio","category-portada","category-recursos","tag-audiovisuals","tag-coeducacio","tag-drets","tag-metodologia"],"post_mailing_queue_ids":[],"_links":{"self":[{"href":"https:\/\/serveiseducatius.xtec.cat\/santacolomag\/wp-json\/wp\/v2\/posts\/14912","targetHints":{"allow":["GET"]}}],"collection":[{"href":"https:\/\/serveiseducatius.xtec.cat\/santacolomag\/wp-json\/wp\/v2\/posts"}],"about":[{"href":"https:\/\/serveiseducatius.xtec.cat\/santacolomag\/wp-json\/wp\/v2\/types\/post"}],"author":[{"embeddable":true,"href":"https:\/\/serveiseducatius.xtec.cat\/santacolomag\/wp-json\/wp\/v2\/users\/7"}],"replies":[{"embeddable":true,"href":"https:\/\/serveiseducatius.xtec.cat\/santacolomag\/wp-json\/wp\/v2\/comments?post=14912"}],"version-history":[{"count":3,"href":"https:\/\/serveiseducatius.xtec.cat\/santacolomag\/wp-json\/wp\/v2\/posts\/14912\/revisions"}],"predecessor-version":[{"id":15136,"href":"https:\/\/serveiseducatius.xtec.cat\/santacolomag\/wp-json\/wp\/v2\/posts\/14912\/revisions\/15136"}],"wp:featuredmedia":[{"embeddable":true,"href":"https:\/\/serveiseducatius.xtec.cat\/santacolomag\/wp-json\/wp\/v2\/media\/14913"}],"wp:attachment":[{"href":"https:\/\/serveiseducatius.xtec.cat\/santacolomag\/wp-json\/wp\/v2\/media?parent=14912"}],"wp:term":[{"taxonomy":"category","embeddable":true,"href":"https:\/\/serveiseducatius.xtec.cat\/santacolomag\/wp-json\/wp\/v2\/categories?post=14912"},{"taxonomy":"post_tag","embeddable":true,"href":"https:\/\/serveiseducatius.xtec.cat\/santacolomag\/wp-json\/wp\/v2\/tags?post=14912"}],"curies":[{"name":"wp","href":"https:\/\/api.w.org\/{rel}","templated":true}]}}