{"id":14636,"date":"2020-09-14T12:51:51","date_gmt":"2020-09-14T10:51:51","guid":{"rendered":"http:\/\/serveiseducatius.xtec.cat\/santacolomag\/?p=14636"},"modified":"2020-09-14T12:57:08","modified_gmt":"2020-09-14T10:57:08","slug":"llengues-estrangeres-oferta-formativa-1r-torn","status":"publish","type":"post","link":"https:\/\/serveiseducatius.xtec.cat\/santacolomag\/portada\/llengues-estrangeres-oferta-formativa-1r-torn\/","title":{"rendered":"Lleng\u00fces estrangeres. Oferta formativa 1r torn"},"content":{"rendered":"<p dir=\"ltr\"><span style=\"font-family: arial, sans-serif;\"><a href=\"https:\/\/serveiseducatius.xtec.cat\/santacolomag\/wp-content\/uploads\/usu1183\/2020\/09\/ETdqTltXgAAwJfe.jpeg\"><img loading=\"lazy\" decoding=\"async\" class=\"alignleft wp-image-14638\" src=\"https:\/\/serveiseducatius.xtec.cat\/santacolomag\/wp-content\/uploads\/usu1183\/2020\/09\/ETdqTltXgAAwJfe-150x150.jpeg\" alt=\"\" width=\"176\" height=\"176\" \/><\/a><\/span><strong><span style=\"font-size: 14pt;\"><a style=\"font-family: arial, sans-serif;\" href=\"https:\/\/drive.google.com\/file\/d\/1691SALJNiQfqNTF_1tAoI85bznJPNVJn\/view?usp=sharing\">En aquest enlla\u00e7 <\/a><\/span><\/strong><span style=\"font-size: 14pt;\">trobareu\u00a0l<\/span><span style=\"font-size: 14pt;\">es activitats de<\/span><span style=\"font-size: 14pt;\">formaci\u00f3 de professorat en l\u2019\u00e0mbit <\/span><strong><span style=\"font-size: 14pt;\">de lleng\u00fces estrangeres <\/span><\/strong><span style=\"font-size: 14pt;\">que<\/span><span style=\"font-size: 14pt;\"> tindran lloc durant el<\/span><strong><span style=\"font-size: 14pt;\">1r torn del curs 2020-2021<\/span><\/strong><\/p>\n<p dir=\"ltr\"><span style=\"font-family: arial, sans-serif; font-size: 14pt;\">El per\u00edode<strong> d\u2019inscripci\u00f3 s\u2019inicia avui, 14 de setembre de 2020 i finalitza el 27 de setembre<\/strong> de 2020.<\/span><\/p>\n<p dir=\"ltr\"><strong><span style=\"font-size: 14pt;\"><a href=\"http:\/\/xtec.gencat.cat\/ca\/formacio\/formaciogeneralprofessorat\/llengues\/accions_llengues_estrangeres_curriculars\/\">XTEC: Accions en lleng\u00fces estrangeres curriculars: alemany, angl\u00e8s, franc\u00e8s i itali\u00e0<\/a><\/span><\/strong><\/p>\n","protected":false},"excerpt":{"rendered":"<p>Inscripci\u00f3 oberta per a les activitats de formaci\u00f3 en lleng\u00fces estrangeres del primer torn del curs 2020-2021<\/p>\n","protected":false},"author":7,"featured_media":14638,"comment_status":"closed","ping_status":"closed","sticky":false,"template":"","format":"standard","meta":{"_bbp_topic_count":0,"_bbp_reply_count":0,"_bbp_total_topic_count":0,"_bbp_total_reply_count":0,"_bbp_voice_count":0,"_bbp_anonymous_reply_count":0,"_bbp_topic_count_hidden":0,"_bbp_reply_count_hidden":0,"_bbp_forum_subforum_count":0,"site-sidebar-layout":"default","site-content-layout":"","ast-site-content-layout":"","site-content-style":"default","site-sidebar-style":"default","ast-global-header-display":"","ast-banner-title-visibility":"","ast-main-header-display":"","ast-hfb-above-header-display":"","ast-hfb-below-header-display":"","ast-hfb-mobile-header-display":"","site-post-title":"","ast-breadcrumbs-content":"","ast-featured-img":"","footer-sml-layout":"","theme-transparent-header-meta":"","adv-header-id-meta":"","stick-header-meta":"","header-above-stick-meta":"","header-main-stick-meta":"","header-below-stick-meta":"","astra-migrate-meta-layouts":"default","ast-page-background-enabled":"default","ast-page-background-meta":{"desktop":{"background-color":"var(--ast-global-color-4)","background-image":"","background-repeat":"repeat","background-position":"center center","background-size":"auto","background-attachment":"scroll","background-type":"","background-media":"","overlay-type":"","overlay-color":"","overlay-opacity":"","overlay-gradient":""},"tablet":{"background-color":"","background-image":"","background-repeat":"repeat","background-position":"center center","background-size":"auto","background-attachment":"scroll","background-type":"","background-media":"","overlay-type":"","overlay-color":"","overlay-opacity":"","overlay-gradient":""},"mobile":{"background-color":"","background-image":"","background-repeat":"repeat","background-position":"center center","background-size":"auto","background-attachment":"scroll","background-type":"","background-media":"","overlay-type":"","overlay-color":"","overlay-opacity":"","overlay-gradient":""}},"ast-content-background-meta":{"desktop":{"background-color":"var(--ast-global-color-5)","background-image":"","background-repeat":"repeat","background-position":"center center","background-size":"auto","background-attachment":"scroll","background-type":"","background-media":"","overlay-type":"","overlay-color":"","overlay-opacity":"","overlay-gradient":""},"tablet":{"background-color":"var(--ast-global-color-5)","background-image":"","background-repeat":"repeat","background-position":"center center","background-size":"auto","background-attachment":"scroll","background-type":"","background-media":"","overlay-type":"","overlay-color":"","overlay-opacity":"","overlay-gradient":""},"mobile":{"background-color":"var(--ast-global-color-5)","background-image":"","background-repeat":"repeat","background-position":"center center","background-size":"auto","background-attachment":"scroll","background-type":"","background-media":"","overlay-type":"","overlay-color":"","overlay-opacity":"","overlay-gradient":""}},"footnotes":""},"categories":[65,154,29,311,292],"tags":[215,299],"class_list":["post-14636","post","type-post","status-publish","format-standard","has-post-thumbnail","hentry","category-crp","category-formacio","category-portada","category-projectes-internacionals","category-actes-commemoratius","tag-formacio-permanent-del-professorat","tag-llengues-estrangeres"],"post_mailing_queue_ids":[],"_links":{"self":[{"href":"https:\/\/serveiseducatius.xtec.cat\/santacolomag\/wp-json\/wp\/v2\/posts\/14636","targetHints":{"allow":["GET"]}}],"collection":[{"href":"https:\/\/serveiseducatius.xtec.cat\/santacolomag\/wp-json\/wp\/v2\/posts"}],"about":[{"href":"https:\/\/serveiseducatius.xtec.cat\/santacolomag\/wp-json\/wp\/v2\/types\/post"}],"author":[{"embeddable":true,"href":"https:\/\/serveiseducatius.xtec.cat\/santacolomag\/wp-json\/wp\/v2\/users\/7"}],"replies":[{"embeddable":true,"href":"https:\/\/serveiseducatius.xtec.cat\/santacolomag\/wp-json\/wp\/v2\/comments?post=14636"}],"version-history":[{"count":3,"href":"https:\/\/serveiseducatius.xtec.cat\/santacolomag\/wp-json\/wp\/v2\/posts\/14636\/revisions"}],"predecessor-version":[{"id":14643,"href":"https:\/\/serveiseducatius.xtec.cat\/santacolomag\/wp-json\/wp\/v2\/posts\/14636\/revisions\/14643"}],"wp:featuredmedia":[{"embeddable":true,"href":"https:\/\/serveiseducatius.xtec.cat\/santacolomag\/wp-json\/wp\/v2\/media\/14638"}],"wp:attachment":[{"href":"https:\/\/serveiseducatius.xtec.cat\/santacolomag\/wp-json\/wp\/v2\/media?parent=14636"}],"wp:term":[{"taxonomy":"category","embeddable":true,"href":"https:\/\/serveiseducatius.xtec.cat\/santacolomag\/wp-json\/wp\/v2\/categories?post=14636"},{"taxonomy":"post_tag","embeddable":true,"href":"https:\/\/serveiseducatius.xtec.cat\/santacolomag\/wp-json\/wp\/v2\/tags?post=14636"}],"curies":[{"name":"wp","href":"https:\/\/api.w.org\/{rel}","templated":true}]}}