{"id":13680,"date":"2020-05-15T10:31:49","date_gmt":"2020-05-15T08:31:49","guid":{"rendered":"http:\/\/serveiseducatius.xtec.cat\/santacolomag\/?p=13680"},"modified":"2020-05-22T15:26:34","modified_gmt":"2020-05-22T13:26:34","slug":"certamen-de-lectura-en-veu-alta-acasallegimenveualta","status":"publish","type":"post","link":"https:\/\/serveiseducatius.xtec.cat\/santacolomag\/portada\/certamen-de-lectura-en-veu-alta-acasallegimenveualta\/","title":{"rendered":"Certamen de lectura en veu alta #acasallegimenveualta"},"content":{"rendered":"<p>Tal com us vam anunciar, ja est\u00e0 en marxa el <strong>Certamen de lectura en veu alta<\/strong> en confinament: \u00a0<strong><a href=\"http:\/\/www.lecturaenveualta.cat\/compartim-lectura\/\">#<wbr \/>acasallegimenveualta<\/a><\/strong><\/p>\n<p>L&#8217;organitzaci\u00f3 ja ha penjat els v\u00eddeos en el seu canal p\u00fablic de <a href=\"https:\/\/www.youtube.com\/channel\/UCIsCTHiQmsrUSEX5XxdgfMg\">Youtube<\/a> i s&#8217;estan fent c\u00f3rrer per xarxes amb l&#8217;etiqueta <strong>#acasallegimenveualta.<\/strong> Us animem a entrar al canal de <a href=\"https:\/\/www.youtube.com\/channel\/UCIsCTHiQmsrUSEX5XxdgfMg\">youtube<\/a> del certamen i veure les participacions de les escoles en les diferents categories. Ja tenim representants de Santa Coloma de les escoles Serra de Marina, Antoni Gaud\u00ed, Singuerl\u00edn, Ausi\u00e0s March i Joan Salvat Papasseit.<\/p>\n<p><a href=\"https:\/\/www.youtube.com\/channel\/UCIsCTHiQmsrUSEX5XxdgfMg\"><img loading=\"lazy\" decoding=\"async\" class=\"aligncenter size-large wp-image-13681\" src=\"https:\/\/serveiseducatius.xtec.cat\/santacolomag\/wp-content\/uploads\/usu1183\/2020\/05\/Captura-de-pantalla-2020-05-15-a-las-10.22.14-1024x318.png\" alt=\"\" width=\"1024\" height=\"318\" srcset=\"https:\/\/serveiseducatius.xtec.cat\/santacolomag\/wp-content\/uploads\/usu1183\/2020\/05\/Captura-de-pantalla-2020-05-15-a-las-10.22.14-1024x318.png 1024w, https:\/\/serveiseducatius.xtec.cat\/santacolomag\/wp-content\/uploads\/usu1183\/2020\/05\/Captura-de-pantalla-2020-05-15-a-las-10.22.14-300x93.png 300w, https:\/\/serveiseducatius.xtec.cat\/santacolomag\/wp-content\/uploads\/usu1183\/2020\/05\/Captura-de-pantalla-2020-05-15-a-las-10.22.14-768x239.png 768w\" sizes=\"auto, (max-width: 1024px) 100vw, 1024px\" \/><\/a><\/p>\n<p>Si encara no heu participat, <strong>hi sou a temps<\/strong>! Recordeu que els centres inscrits pr\u00e8viament podeu enviar els vostres v\u00eddeos fins el 29 de maig. Per participar-hi en el sorteig de <strong>deu lots de llibres<\/strong>\u00a0(un per cada Servei Territorial), gr\u00e0cies a la col\u00b7laboraci\u00f3 de\u00a0<a href=\"https:\/\/www.lagaleraeditorial.com\/\" target=\"_blank\" rel=\"noopener noreferrer\" data-saferedirecturl=\"https:\/\/www.google.com\/url?q=https:\/\/www.lagaleraeditorial.com\/&amp;source=gmail&amp;ust=1587620464239000&amp;usg=AFQjCNGAknUFOMKn3OWUeAJbAaWTvszTMg\">La Galera<\/a>\u00a0i\u00a0<a href=\"https:\/\/text-lagalera.cat\/\" target=\"_blank\" rel=\"noopener noreferrer\" data-saferedirecturl=\"https:\/\/www.google.com\/url?q=https:\/\/text-lagalera.cat\/&amp;source=gmail&amp;ust=1587620464239000&amp;usg=AFQjCNF_q72vUVAqjbDcgxZ2AHx4jeE4Bg\">Text, <\/a>heu de:<\/p>\n<div><\/div>\n<p><span style=\"font-size: 10pt;\">\u2013 Fer una\u00a0<strong><a href=\"http:\/\/www.lecturaenveualta.cat\/aprovacio-drets-dus-i-dimatge\/\">reinscripci\u00f3<\/a><\/strong>\u00a0en les categories que vulgueu<\/span><\/p>\n<p><span style=\"font-size: 10pt;\">\u2013 Demanar que l\u2019alumnat us faci arribar un\u00a0<strong><a href=\"http:\/\/www.lecturaenveualta.cat\/compartim-lectura\/com-shi-participa-2\/\">v\u00eddeo<\/a><\/strong>\u00a0llegint el\u00a0<a href=\"http:\/\/www.lecturaenveualta.cat\/compartim-lectura\/com-shi-participa-2\/\">fragment d\u2019un llibre<\/a>\u00a0en veu alta<\/span><\/p>\n<p><span style=\"font-size: 10pt;\">\u2013\u00a0<a href=\"http:\/\/www.lecturaenveualta.cat\/instruccions-per-al-professorat-2\/\">Seleccionar<\/a>\u00a0cinc com a m\u00e0xim de cada categoria inscrita<\/span><\/p>\n<p><span style=\"font-size: 10pt;\">\u2013 Penjar-los en un drive que us oferirem<\/span><\/p>\n<p>&nbsp;<\/p>\n<p style=\"text-align: center;\"><em>Desitgem que hi participeu i gaudiu de la lectura en veu alta!<\/em><\/p>\n","protected":false},"excerpt":{"rendered":"<p>Hi sou a temps de participar fins el 29 de maig!<\/p>\n","protected":false},"author":1,"featured_media":13406,"comment_status":"closed","ping_status":"closed","sticky":false,"template":"","format":"standard","meta":{"_bbp_topic_count":0,"_bbp_reply_count":0,"_bbp_total_topic_count":0,"_bbp_total_reply_count":0,"_bbp_voice_count":0,"_bbp_anonymous_reply_count":0,"_bbp_topic_count_hidden":0,"_bbp_reply_count_hidden":0,"_bbp_forum_subforum_count":0,"site-sidebar-layout":"default","site-content-layout":"","ast-site-content-layout":"","site-content-style":"default","site-sidebar-style":"default","ast-global-header-display":"","ast-banner-title-visibility":"","ast-main-header-display":"","ast-hfb-above-header-display":"","ast-hfb-below-header-display":"","ast-hfb-mobile-header-display":"","site-post-title":"","ast-breadcrumbs-content":"","ast-featured-img":"","footer-sml-layout":"","theme-transparent-header-meta":"","adv-header-id-meta":"","stick-header-meta":"","header-above-stick-meta":"","header-main-stick-meta":"","header-below-stick-meta":"","astra-migrate-meta-layouts":"default","ast-page-background-enabled":"default","ast-page-background-meta":{"desktop":{"background-color":"var(--ast-global-color-4)","background-image":"","background-repeat":"repeat","background-position":"center center","background-size":"auto","background-attachment":"scroll","background-type":"","background-media":"","overlay-type":"","overlay-color":"","overlay-opacity":"","overlay-gradient":""},"tablet":{"background-color":"","background-image":"","background-repeat":"repeat","background-position":"center center","background-size":"auto","background-attachment":"scroll","background-type":"","background-media":"","overlay-type":"","overlay-color":"","overlay-opacity":"","overlay-gradient":""},"mobile":{"background-color":"","background-image":"","background-repeat":"repeat","background-position":"center center","background-size":"auto","background-attachment":"scroll","background-type":"","background-media":"","overlay-type":"","overlay-color":"","overlay-opacity":"","overlay-gradient":""}},"ast-content-background-meta":{"desktop":{"background-color":"var(--ast-global-color-5)","background-image":"","background-repeat":"repeat","background-position":"center center","background-size":"auto","background-attachment":"scroll","background-type":"","background-media":"","overlay-type":"","overlay-color":"","overlay-opacity":"","overlay-gradient":""},"tablet":{"background-color":"var(--ast-global-color-5)","background-image":"","background-repeat":"repeat","background-position":"center center","background-size":"auto","background-attachment":"scroll","background-type":"","background-media":"","overlay-type":"","overlay-color":"","overlay-opacity":"","overlay-gradient":""},"mobile":{"background-color":"var(--ast-global-color-5)","background-image":"","background-repeat":"repeat","background-position":"center center","background-size":"auto","background-attachment":"scroll","background-type":"","background-media":"","overlay-type":"","overlay-color":"","overlay-opacity":"","overlay-gradient":""}},"footnotes":""},"categories":[68,403,72,29],"tags":[],"class_list":["post-13680","post","type-post","status-publish","format-standard","has-post-thumbnail","hentry","category-elic","category-gust-per-la-lectura","category-lectura-en-veu-alta","category-portada"],"post_mailing_queue_ids":[],"_links":{"self":[{"href":"https:\/\/serveiseducatius.xtec.cat\/santacolomag\/wp-json\/wp\/v2\/posts\/13680","targetHints":{"allow":["GET"]}}],"collection":[{"href":"https:\/\/serveiseducatius.xtec.cat\/santacolomag\/wp-json\/wp\/v2\/posts"}],"about":[{"href":"https:\/\/serveiseducatius.xtec.cat\/santacolomag\/wp-json\/wp\/v2\/types\/post"}],"author":[{"embeddable":true,"href":"https:\/\/serveiseducatius.xtec.cat\/santacolomag\/wp-json\/wp\/v2\/users\/1"}],"replies":[{"embeddable":true,"href":"https:\/\/serveiseducatius.xtec.cat\/santacolomag\/wp-json\/wp\/v2\/comments?post=13680"}],"version-history":[{"count":3,"href":"https:\/\/serveiseducatius.xtec.cat\/santacolomag\/wp-json\/wp\/v2\/posts\/13680\/revisions"}],"predecessor-version":[{"id":13875,"href":"https:\/\/serveiseducatius.xtec.cat\/santacolomag\/wp-json\/wp\/v2\/posts\/13680\/revisions\/13875"}],"wp:featuredmedia":[{"embeddable":true,"href":"https:\/\/serveiseducatius.xtec.cat\/santacolomag\/wp-json\/wp\/v2\/media\/13406"}],"wp:attachment":[{"href":"https:\/\/serveiseducatius.xtec.cat\/santacolomag\/wp-json\/wp\/v2\/media?parent=13680"}],"wp:term":[{"taxonomy":"category","embeddable":true,"href":"https:\/\/serveiseducatius.xtec.cat\/santacolomag\/wp-json\/wp\/v2\/categories?post=13680"},{"taxonomy":"post_tag","embeddable":true,"href":"https:\/\/serveiseducatius.xtec.cat\/santacolomag\/wp-json\/wp\/v2\/tags?post=13680"}],"curies":[{"name":"wp","href":"https:\/\/api.w.org\/{rel}","templated":true}]}}